{"id":988973,"date":"2025-09-16T12:53:57","date_gmt":"2025-09-16T15:53:57","guid":{"rendered":"https:\/\/www.cnbb.org.br\/?p=988973"},"modified":"2025-09-18T13:03:57","modified_gmt":"2025-09-18T16:03:57","slug":"dois-jovens-no-altar","status":"publish","type":"post","link":"https:\/\/www.cnbb.org.br\/dois-jovens-no-altar\/","title":{"rendered":"Dois jovens no altar"},"content":{"rendered":"<p style=\"text-align: right;\">Cardeal Dom Sergio da Rocha<br \/>\nArcebispo de S\u00e3o Salvador da Bahia, Primaz do Brasil<\/p>\n<p style=\"text-align: justify;\">No dia 07 de setembro, na pra\u00e7a de S\u00e3o Pedro lotada, no Vaticano, ocorreu uma celebra\u00e7\u00e3o muito especial, a canoniza\u00e7\u00e3o de dois jovens italianos, Carlo Acutis e Pier Giorgio Frassati, pelo Papa Le\u00e3o XIV. Os pais e os dois irm\u00e3os de Carlo Acutis estiveram presentes, mostrando que se trata de algu\u00e9m que viveu em nosso tempo. Ele morreu em Monza, na It\u00e1lia, em 12 de outubro de 2006, tendo nascido em Londres, de fam\u00edlia italiana, em 03 de maio de 1991. Portanto, faleceu ainda adolescente, com 15 anos. Pier Giorgio Frascati, um jovem do s\u00e9culo XX, nasceu em Turim, dia 06 de maio de 1901, e l\u00e1 faleceu em 04 de julho de 1925, com 25 anos.<\/p>\n<p>O primeiro milagre atribu\u00eddo a S\u00e3o Carlo Acutis, que permitiu a sua beatifica\u00e7\u00e3o, ocorreu no Brasil, em Campo Grande, Mato Grosso do Sul, a cura de um menino com uma grave enfermidade cong\u00eanita no p\u00e2ncreas. Contudo, o reconhecimento do milagre \u00e9 parte de um rigoroso processo para verificar a santidade vivida no dia a dia. Antes da verifica\u00e7\u00e3o do milagre, importa verificar como foi vivido o Evangelho, pois a santidade n\u00e3o \u00e9 apenas para o interior dos templos ou para ocasi\u00f5es especiais. H\u00e1 ideias equivocadas a respeito dos santos. Antes de estarem no c\u00e9u e nos altares, eles estiveram caminhando neste mundo, em meio a alegrias e dores, compartilhando amizades e tarefas. Eles viveram da f\u00e9 e do amor nas casas, em suas fam\u00edlias, nas igrejas, nos lugares de esporte e lazer; nas ruas, como fez Pier Giorgio Frassati, saindo ao encontro dos pobres e sofredores; no ambiente digital, como ocorreu com Carlo Acutis, que atuou na internet, criando v\u00eddeos sobre milagres eucar\u00edsticos e apari\u00e7\u00f5es marianas. Eles mostram que a santidade \u00e9 poss\u00edvel para pessoas das v\u00e1rias idades e condi\u00e7\u00f5es, tamb\u00e9m com t\u00eanis e cal\u00e7a jeans.<\/p>\n<p>Na internet, encontram-se fotos ou v\u00eddeos de Carlo Acutis revelando um garoto alegre, sereno e amigo de todos. Ele \u00e9 um exemplo para os influenciadores digitais e para os internautas, servindo de est\u00edmulo para uma rede mundial tecida de fraternidade e de paz, jamais favorecendo o \u00f3dio e a desinforma\u00e7\u00e3o. Em tempos de dissemina\u00e7\u00e3o de agressividade e mentira, Carlo Acutis mostra que \u00e9 poss\u00edvel fazer das redes sociais espa\u00e7os de fraternidade e de paz.<\/p>\n<p>Num mundo marcado por tantas situa\u00e7\u00f5es de pobreza, Pier Giorgio nos mostra a for\u00e7a transformadora do amor ao pr\u00f3ximo sofredor. Ele percorria as ruas de Turim, sem medir sacrif\u00edcios, para aliviar os sofrimentos de quem se encontrava na pobreza e no abandono, gastando com eles seu tempo e recursos. Muito antes de estarem representados nos altares, por suas imagens, Frassati esteve nas ruas junto aos pobres e sofredores, e Acutis, na internet, evangelizando jovens de todo o mundo. Por isso, podem ser chamados, dignamente, S\u00e3o Pier Giorgio Frassati e S\u00e3o Carlo Acutis.<\/p>\n<p>*Artigo publicado no jornal A Tarde, em 14 de setembro de 2025<\/p>\n","protected":false},"excerpt":{"rendered":"<p>Cardeal Dom Sergio da Rocha Arcebispo de S\u00e3o Salvador da Bahia, Primaz do Brasil No dia 07 de setembro, na pra\u00e7a de S\u00e3o Pedro lotada, no Vaticano, ocorreu uma celebra\u00e7\u00e3o muito especial, a canoniza\u00e7\u00e3o de dois jovens italianos, Carlo Acutis e Pier Giorgio Frassati, pelo Papa Le\u00e3o XIV. Os pais e os dois irm\u00e3os de &hellip;<\/p>\n<p class=\"read-more\"> <a class=\"\" href=\"https:\/\/www.cnbb.org.br\/dois-jovens-no-altar\/\"> <span class=\"screen-reader-text\">Dois jovens no altar<\/span> Leia mais &raquo;<\/a><\/p>\n","protected":false},"author":78,"featured_media":0,"comment_status":"closed","ping_status":"closed","sticky":false,"template":"","format":"standard","meta":{"site-sidebar-layout":"default","site-content-layout":"default","ast-global-header-display":"","ast-banner-title-visibility":"","ast-main-header-display":"","ast-hfb-above-header-display":"","ast-hfb-below-header-display":"","ast-hfb-mobile-header-display":"","site-post-title":"","ast-breadcrumbs-content":"","ast-featured-img":"","footer-sml-layout":"","theme-transparent-header-meta":"default","adv-header-id-meta":"","stick-header-meta":"","header-above-stick-meta":"","header-main-stick-meta":"","header-below-stick-meta":""},"categories":[758],"tags":[],"acf":[],"_links":{"self":[{"href":"https:\/\/www.cnbb.org.br\/cnbb-app\/wp\/v2\/posts\/988973"}],"collection":[{"href":"https:\/\/www.cnbb.org.br\/cnbb-app\/wp\/v2\/posts"}],"about":[{"href":"https:\/\/www.cnbb.org.br\/cnbb-app\/wp\/v2\/types\/post"}],"author":[{"embeddable":true,"href":"https:\/\/www.cnbb.org.br\/cnbb-app\/wp\/v2\/users\/78"}],"replies":[{"embeddable":true,"href":"https:\/\/www.cnbb.org.br\/cnbb-app\/wp\/v2\/comments?post=988973"}],"version-history":[{"count":3,"href":"https:\/\/www.cnbb.org.br\/cnbb-app\/wp\/v2\/posts\/988973\/revisions"}],"predecessor-version":[{"id":988976,"href":"https:\/\/www.cnbb.org.br\/cnbb-app\/wp\/v2\/posts\/988973\/revisions\/988976"}],"wp:attachment":[{"href":"https:\/\/www.cnbb.org.br\/cnbb-app\/wp\/v2\/media?parent=988973"}],"wp:term":[{"taxonomy":"category","embeddable":true,"href":"https:\/\/www.cnbb.org.br\/cnbb-app\/wp\/v2\/categories?post=988973"},{"taxonomy":"post_tag","embeddable":true,"href":"https:\/\/www.cnbb.org.br\/cnbb-app\/wp\/v2\/tags?post=988973"}],"curies":[{"name":"wp","href":"https:\/\/api.w.org\/{rel}","templated":true}]}}