{"id":988982,"date":"2025-09-21T13:34:28","date_gmt":"2025-09-21T16:34:28","guid":{"rendered":"https:\/\/www.cnbb.org.br\/?p=988982"},"modified":"2025-09-18T13:49:36","modified_gmt":"2025-09-18T16:49:36","slug":"sao-mateus-apostolo","status":"publish","type":"post","link":"https:\/\/www.cnbb.org.br\/sao-mateus-apostolo\/","title":{"rendered":"S\u00e3o Mateus Ap\u00f3stolo"},"content":{"rendered":"<p style=\"text-align: right;\">Cardeal Orani Tempesta<br \/>\nArcebispo do Rio de Janeiro (RJ)<\/p>\n<p style=\"text-align: justify;\"><em>Vem e Segue-me! (Mt 19,21)<\/em><\/p>\n<p style=\"text-align: justify;\">O dia 21 de setembro seria o dia da festa lit\u00fargica de S\u00e3o Mateus, ap\u00f3stolo e evangelista. Como neste ano, o dia de S\u00e3o Mateus cai em um domingo; o Dia do Senhor tem preced\u00eancia e celebraremos a liturgia dominical. Mesmo assim, recordemos com carinho de S\u00e3o Mateus nesse dia.<\/p>\n<p>S\u00e3o Mateus tem um papel importante na hist\u00f3ria da Igreja, assim como os demais ap\u00f3stolos. Mateus era cobrador de impostos, um trabalho visto de forma negativa pela sociedade. Pedro e Andr\u00e9, por exemplo, eram pescadores e foram chamados \u00e0 beira do mar. J\u00e1 para chamar Mateus, Jesus foi at\u00e9 a coletoria de impostos e o convidou a segui-lo.<\/p>\n<p>Jesus n\u00e3o escolheu pessoas santas, letradas ou ricas para segui-lo; pelo contr\u00e1rio, sua miss\u00e3o era ir ao encontro dos pobres e pecadores. Ele veio para curar as ovelhas perdidas da casa de Israel, sempre na contram\u00e3o da mentalidade da \u00e9poca. Ap\u00f3s a sua morte e ressurrei\u00e7\u00e3o, os ap\u00f3stolos seguiram o mesmo caminho, aproximando-se justamente daqueles que eram considerados exclu\u00eddos pela sociedade. Jesus escolheu os simples para que agissem como Ele agiu, inclusive com eles mesmos.<\/p>\n<p>Assim como chamou Mateus e os outros ap\u00f3stolos, Jesus continua a nos chamar hoje, conforme o vers\u00edculo citado: \u201cVem e segue-me\u201d (Mt 19,21). Ele nos chama atrav\u00e9s da ora\u00e7\u00e3o e, \u00e0 medida que cultivamos intimidade com o Senhor, podemos responder \u201csim\u201d ao seu chamado, como fizeram os ap\u00f3stolos.<\/p>\n<p>Desde o nosso batismo somos chamados a ser disc\u00edpulos e mission\u00e1rios de Jesus, sal da terra e luz do mundo. Somos convidados a direcionar nossa vida segundo o Esp\u00edrito Santo que recebemos no batismo e a trilhar o caminho da santidade. Assim como os ap\u00f3stolos foram convidados a deixar a vida de pecado para viver na gra\u00e7a de Deus, tamb\u00e9m n\u00f3s somos chamados \u00e0 convers\u00e3o.<\/p>\n<p>S\u00e3o Mateus \u00e9 m\u00e1rtir, ou seja, doou a pr\u00f3pria vida em favor do Reino de Deus, como os demais ap\u00f3stolos. Por isso, a cor lit\u00fargica predominante em sua festa \u00e9 o vermelho. Al\u00e9m de ap\u00f3stolo, Mateus escreveu o Evangelho que leva o seu nome, um dos tr\u00eas evangelhos sin\u00f3ticos. Seu objetivo foi registrar aquilo que viu e ouviu de Jesus.<\/p>\n<p>O nome de batismo de Mateus era \u201cLevi\u201d. Tornou-se Mateus ap\u00f3s aceitar o chamado de Jesus e se tornar ap\u00f3stolo. Como cobrador de impostos, era considerado pecador p\u00fablico, pois, na \u00e9poca, muitos cobradores eram acusados de reter parte do dinheiro destinado ao Imp\u00e9rio Romano.<\/p>\n<p>A principal caracter\u00edstica de seu evangelho \u00e9 a apresenta\u00e7\u00e3o de Jesus como o Filho de Deus e o Messias prometido. Mateus, ao narrar sua experi\u00eancia, deixa claro que acreditava que Jesus era o Cristo esperado. Seu evangelho quer despertar essa mesma f\u00e9 nos leitores, mostrando que Maria gerou Jesus, o Filho de Deus, o Salvador que viria ao mundo.<\/p>\n<p>O Evangelho de Mateus foi escrito por volta do ano 60 d.C., sendo seguido pelos demais evangelhos. O Novo Testamento inicia-se com os evangelhos sin\u00f3ticos \u2014 Mateus, Marcos e Lucas \u2014 e, posteriormente, com o de Jo\u00e3o. No ciclo lit\u00fargico, proclamamos princiop\u00e1lmente o Evangelho de Mateus no Ano A, o de Marcos no Ano B e o de Lucas no Ano C.<\/p>\n<p>Em sua obra, Mateus ressalta que Jesus \u00e9 o Messias que cumpre as promessas do Antigo Testamento, revelando o rosto misericordioso de Deus. Os evangelistas, cada um a seu modo, buscam mostrar que Jesus veio para toda a humanidade, n\u00e3o apenas para um povo. A salva\u00e7\u00e3o \u00e9 oferecida a todos que se abrem, de cora\u00e7\u00e3o sincero, \u00e0 miseric\u00f3rdia divina e ao arrependimento dos pecados. O pr\u00f3prio Mateus \u00e9 testemunho vivo dessa miseric\u00f3rdia.<\/p>\n<p>Outro aspecto importante de seu evangelho \u00e9 o alerta sobre a tenta\u00e7\u00e3o das riquezas. Jesus o chamou para deixar de servir ao dinheiro e come\u00e7ar a servir a Deus. Por isso, Mateus insiste em seu evangelho que os bens materiais nunca devem estar acima de Deus: \u201cN\u00e3o podeis servir a Deus e ao dinheiro\u201d (Mt 6,24).<\/p>\n<p>Depois da ressurrei\u00e7\u00e3o de Jesus, Mateus evangelizou na regi\u00e3o da Ar\u00e1bia e da P\u00e9rsia, iniciando comunidades crist\u00e3s. Contudo, enfrentou forte persegui\u00e7\u00e3o dos sacerdotes locais, que mandaram arrancar-lhe os olhos e o prenderam para sacrific\u00e1-lo aos deuses. Deus, por\u00e9m, enviou um anjo que o curou e libertou. Mateus seguiu, ent\u00e3o, para a Eti\u00f3pia, onde novamente foi perseguido, desta vez por feiticeiros contr\u00e1rios \u00e0 evangeliza\u00e7\u00e3o. Ocorreu, por\u00e9m, que o pr\u00edncipe herdeiro faleceu, e Mateus foi chamado ao pal\u00e1cio. Pela gra\u00e7a de Deus, ele o ressuscitou, causando grande espanto e convertendo muitos, tornando a Igreja da Eti\u00f3pia uma das mais importantes dos tempos apost\u00f3licos.<\/p>\n<p>N\u00e3o se sabe ao certo como morreu o ap\u00f3stolo, mas algumas fontes indicam que teria falecido na Eti\u00f3pia. Suas rel\u00edquias se encontram hoje na cripta da Catedral de Salerno, onde, no dia 21 de setembro, \u00e9 realizada uma grande prociss\u00e3o em sua honra.<\/p>\n<p>S\u00e3o Mateus \u00e9 considerado padroeiro de banqueiros, alfandeg\u00e1rios, cambistas, contadores, consultores tribut\u00e1rios e cobradores de d\u00edvidas. Em 10 de abril de 1934, o Papa Pio XII reconheceu oficialmente o seu patroc\u00ednio sobre essas categorias.<\/p>\n<p>Celebremos com alegria a festa do ap\u00f3stolo S\u00e3o Mateus. Ainda que neste ano a data coincida com o domingo, recordemos seu exemplo de f\u00e9 e dedica\u00e7\u00e3o. Que, assim como ele, sigamos o Senhor mais de perto, fi\u00e9is at\u00e9 as \u00faltimas consequ\u00eancias no amor a Deus. O nome \u201cMateus\u201d significa \u201cDom de Deus\u201d. Que tamb\u00e9m n\u00f3s sejamos dom de Deus para todos aqueles que encontrarmos em nossa caminhada.<\/p>\n<p>&nbsp;<\/p>\n<p>&nbsp;<\/p>\n","protected":false},"excerpt":{"rendered":"<p>Cardeal Orani Tempesta Arcebispo do Rio de Janeiro (RJ) Vem e Segue-me! (Mt 19,21) O dia 21 de setembro seria o dia da festa lit\u00fargica de S\u00e3o Mateus, ap\u00f3stolo e evangelista. Como neste ano, o dia de S\u00e3o Mateus cai em um domingo; o Dia do Senhor tem preced\u00eancia e celebraremos a liturgia dominical. Mesmo &hellip;<\/p>\n<p class=\"read-more\"> <a class=\"\" href=\"https:\/\/www.cnbb.org.br\/sao-mateus-apostolo\/\"> <span class=\"screen-reader-text\">S\u00e3o Mateus Ap\u00f3stolo<\/span> Leia mais &raquo;<\/a><\/p>\n","protected":false},"author":31,"featured_media":0,"comment_status":"closed","ping_status":"closed","sticky":false,"template":"","format":"standard","meta":{"site-sidebar-layout":"default","site-content-layout":"default","ast-global-header-display":"","ast-banner-title-visibility":"","ast-main-header-display":"","ast-hfb-above-header-display":"","ast-hfb-below-header-display":"","ast-hfb-mobile-header-display":"","site-post-title":"","ast-breadcrumbs-content":"","ast-featured-img":"","footer-sml-layout":"","theme-transparent-header-meta":"default","adv-header-id-meta":"","stick-header-meta":"","header-above-stick-meta":"","header-main-stick-meta":"","header-below-stick-meta":""},"categories":[758],"tags":[],"acf":[],"_links":{"self":[{"href":"https:\/\/www.cnbb.org.br\/cnbb-app\/wp\/v2\/posts\/988982"}],"collection":[{"href":"https:\/\/www.cnbb.org.br\/cnbb-app\/wp\/v2\/posts"}],"about":[{"href":"https:\/\/www.cnbb.org.br\/cnbb-app\/wp\/v2\/types\/post"}],"author":[{"embeddable":true,"href":"https:\/\/www.cnbb.org.br\/cnbb-app\/wp\/v2\/users\/31"}],"replies":[{"embeddable":true,"href":"https:\/\/www.cnbb.org.br\/cnbb-app\/wp\/v2\/comments?post=988982"}],"version-history":[{"count":1,"href":"https:\/\/www.cnbb.org.br\/cnbb-app\/wp\/v2\/posts\/988982\/revisions"}],"predecessor-version":[{"id":988983,"href":"https:\/\/www.cnbb.org.br\/cnbb-app\/wp\/v2\/posts\/988982\/revisions\/988983"}],"wp:attachment":[{"href":"https:\/\/www.cnbb.org.br\/cnbb-app\/wp\/v2\/media?parent=988982"}],"wp:term":[{"taxonomy":"category","embeddable":true,"href":"https:\/\/www.cnbb.org.br\/cnbb-app\/wp\/v2\/categories?post=988982"},{"taxonomy":"post_tag","embeddable":true,"href":"https:\/\/www.cnbb.org.br\/cnbb-app\/wp\/v2\/tags?post=988982"}],"curies":[{"name":"wp","href":"https:\/\/api.w.org\/{rel}","templated":true}]}}