{"id":989087,"date":"2025-09-23T13:18:40","date_gmt":"2025-09-23T16:18:40","guid":{"rendered":"https:\/\/www.cnbb.org.br\/?p=989087"},"modified":"2025-09-23T13:19:15","modified_gmt":"2025-09-23T16:19:15","slug":"o-testemunho-do-beato-padre-victor-e-a-santidade-que-nasce-do-povo","status":"publish","type":"post","link":"https:\/\/www.cnbb.org.br\/o-testemunho-do-beato-padre-victor-e-a-santidade-que-nasce-do-povo\/","title":{"rendered":"O testemunho do Beato Padre Victor e a santidade que nasce do povo"},"content":{"rendered":"<p style=\"text-align: right;\">Dom Anuar Battisti<br \/>\nArcebispo em\u00e9rito de Maring\u00e1 (PR)<\/p>\n<p style=\"text-align: justify;\">\nCelebramos neste ano de 2025 os 120 anos da P\u00e1scoa do Beato Francisco de Paula Victor, sacerdote que marcou profundamente a cidade de Tr\u00eas Pontas, MG, e cujo testemunho de f\u00e9 e servi\u00e7o continua a iluminar o Brasil. N\u00e3o pretendo aqui repetir sua biografia, t\u00e3o conhecida e j\u00e1 celebrada em muitos lugares, mas refletir sobre aquilo que sua vida nos ensina como mensagem perene para a Igreja de hoje.<\/p>\n<p>Quando a Igreja reconhece a santidade de um de seus filhos, ela n\u00e3o apenas enaltece uma pessoa. Ela reconhece que o Esp\u00edrito Santo age no meio do povo, em situa\u00e7\u00f5es concretas da hist\u00f3ria. O Brasil, terra de contrastes, desigualdades e tamb\u00e9m de f\u00e9 viva, tem visto nascer figuras luminosas que nos recordam que a santidade n\u00e3o \u00e9 privil\u00e9gio de poucos, mas voca\u00e7\u00e3o de todos.<\/p>\n<p>Entre os beatos e beatas reconhecidos em nosso pa\u00eds, encontramos homens e mulheres, religiosos e leigos, jovens e adultos, m\u00e1rtires e mission\u00e1rios. Cada um traz uma mensagem particular, mas todos convergem para a mesma certeza: Deus continua a escrever sua obra no cora\u00e7\u00e3o do povo.<\/p>\n<p>Nesse contexto, o Beato Padre Victor ocupa um lugar singular. Ele n\u00e3o foi m\u00e1rtir, nem fundador de congrega\u00e7\u00e3o, mas um simples p\u00e1roco que gastou sua vida servindo integralmente ao povo da Campanha e de Tr\u00eas Pontas. Sua exist\u00eancia humilde nos recorda que a verdadeira grandeza do minist\u00e9rio est\u00e1 na proximidade com o povo e na fidelidade ao Evangelho.<\/p>\n<p>O que mais impressiona em Padre Victor n\u00e3o \u00e9 a supera\u00e7\u00e3o das barreiras sociais de seu tempo, mas a serenidade com que transformou essas feridas em oportunidade de evangeliza\u00e7\u00e3o. Ele poderia ter vivido ressentido pelas humilha\u00e7\u00f5es sofridas. No entanto, escolheu o caminho do Evangelho: acolheu a todos, dedicou-se \u00e0 educa\u00e7\u00e3o, cuidou dos pobres e viveu uma caridade sem limites.<\/p>\n<p>Sua mensagem para n\u00f3s \u00e9 clara: o sacerdote \u00e9 chamado a ser sinal da miseric\u00f3rdia de Deus, n\u00e3o senhor de privil\u00e9gios. Num mundo marcado por tantas exclus\u00f5es, seu testemunho ressoa como apelo \u00e0 Igreja para n\u00e3o se fechar, mas permanecer pr\u00f3xima dos pequenos, servindo-os com generosidade.<\/p>\n<p>A cada ano, milhares de peregrinos se dirigem a Tr\u00eas Pontas, MG, para celebrar Padre Victor. Esse movimento popular nos ensina algo fundamental: o povo de Deus sabe reconhecer a santidade que brota do ch\u00e3o da vida cotidiana. Eles o chamam de \u201cpai\u201d, de \u201cprotetor\u201d, de \u201canjo tutelar\u201d.<\/p>\n<p>Isso nos convida a refletir: o que significa a esperan\u00e7a crist\u00e3? N\u00e3o se trata de otimismo passageiro, mas da confian\u00e7a de que Deus age, mesmo quando as estruturas humanas parecem nos negar espa\u00e7o. Padre Victor foi testemunha viva de que a esperan\u00e7a n\u00e3o decepciona (Rm 5,5).<\/p>\n<p>Num tempo em que muitos vivem desanimados diante da viol\u00eancia, das injusti\u00e7as e das crises sociais, sua mem\u00f3ria nos devolve a certeza de que \u00e9 poss\u00edvel construir fraternidade e paz quando se vive enraizado em Cristo.<\/p>\n<p>Gostaria de ampliar esta reflex\u00e3o lembrando que Padre Victor n\u00e3o est\u00e1 sozinho. O Brasil tem experimentado, nos \u00faltimos anos, o reconhecimento de diversas figuras que se tornaram espelhos da f\u00e9 do nosso povo.<\/p>\n<p>Lembro-me da coragem dos m\u00e1rtires de Cunha\u00fa e Urua\u00e7u, que derramaram seu sangue no Rio Grande do Norte no s\u00e9culo XVII. Penso na Beata Nh\u00e1 Chica, tamb\u00e9m mineira, mulher simples, analfabeta, que irradiava f\u00e9 e confian\u00e7a em Nossa Senhora. Recordo S\u00e3o Carlos Acutis, que, embora italiano, tem forte devo\u00e7\u00e3o no Brasil, especialmente entre os jovens.<\/p>\n<p>Todos eles, ao lado de Padre Victor, nos mostram que a santidade n\u00e3o tem cor, classe social, idade ou fronteiras. \u00c9 o reflexo da gra\u00e7a de Deus acolhida e vivida com generosidade.<\/p>\n<p><strong>O que Padre Victor nos diz hoje<\/strong><br \/>\nSe tivesse que resumir sua mensagem para os dias atuais, destacaria tr\u00eas pontos:<br \/>\n1. Humildade que gera fecundidade \u2013 Em um mundo que valoriza o poder e a visibilidade, ele nos lembra que a fecundidade do minist\u00e9rio est\u00e1 no servi\u00e7o silencioso e fiel.<br \/>\n2. Educa\u00e7\u00e3o como caminho de liberta\u00e7\u00e3o \u2013 Ao dedicar-se \u00e0 escola, ele intuiu que formar mentes e cora\u00e7\u00f5es \u00e9 tarefa essencial para transformar a sociedade.<br \/>\n3. Esperan\u00e7a que n\u00e3o se rende \u2013 Mesmo quando discriminado, manteve firme sua confian\u00e7a em Deus. \u00c9 li\u00e7\u00e3o para tantos que hoje se sentem marginalizados ou esquecidos.<\/p>\n<p>Ao celebrar os 120 anos de sua morte, n\u00e3o falamos apenas de uma mem\u00f3ria local de Tr\u00eas Pontas, MG, mas de um patrim\u00f4nio espiritual para todo o Brasil. Padre Victor continua a falar, n\u00e3o pela eloqu\u00eancia de seus discursos, mas pela coer\u00eancia de sua vida.<\/p>\n<p>Pe\u00e7amos a sua intercess\u00e3o para que a Igreja no Brasil seja cada vez mais mission\u00e1ria, pr\u00f3xima dos pobres e comprometida com a justi\u00e7a social. Que ele inspire sacerdotes, religiosos, leigos e fam\u00edlias a viverem a santidade como dom e miss\u00e3o.<\/p>\n<p>Que Tr\u00eas Pontas, MG, cidade aben\u00e7oada pelo testemunho desse sacerdote, continue a ser lugar de encontro, de f\u00e9 e de esperan\u00e7a para todo o nosso povo.<\/p>\n<p>&nbsp;<\/p>\n<p>&nbsp;<\/p>\n<p>&nbsp;<\/p>\n","protected":false},"excerpt":{"rendered":"<p>Dom Anuar Battisti Arcebispo em\u00e9rito de Maring\u00e1 (PR) Celebramos neste ano de 2025 os 120 anos da P\u00e1scoa do Beato Francisco de Paula Victor, sacerdote que marcou profundamente a cidade de Tr\u00eas Pontas, MG, e cujo testemunho de f\u00e9 e servi\u00e7o continua a iluminar o Brasil. N\u00e3o pretendo aqui repetir sua biografia, t\u00e3o conhecida e &hellip;<\/p>\n<p class=\"read-more\"> <a class=\"\" href=\"https:\/\/www.cnbb.org.br\/o-testemunho-do-beato-padre-victor-e-a-santidade-que-nasce-do-povo\/\"> <span class=\"screen-reader-text\">O testemunho do Beato Padre Victor e a santidade que nasce do povo<\/span> Leia mais &raquo;<\/a><\/p>\n","protected":false},"author":41,"featured_media":0,"comment_status":"closed","ping_status":"closed","sticky":false,"template":"","format":"standard","meta":{"site-sidebar-layout":"default","site-content-layout":"default","ast-global-header-display":"","ast-banner-title-visibility":"","ast-main-header-display":"","ast-hfb-above-header-display":"","ast-hfb-below-header-display":"","ast-hfb-mobile-header-display":"","site-post-title":"","ast-breadcrumbs-content":"","ast-featured-img":"","footer-sml-layout":"","theme-transparent-header-meta":"default","adv-header-id-meta":"","stick-header-meta":"","header-above-stick-meta":"","header-main-stick-meta":"","header-below-stick-meta":""},"categories":[758],"tags":[],"acf":[],"_links":{"self":[{"href":"https:\/\/www.cnbb.org.br\/cnbb-app\/wp\/v2\/posts\/989087"}],"collection":[{"href":"https:\/\/www.cnbb.org.br\/cnbb-app\/wp\/v2\/posts"}],"about":[{"href":"https:\/\/www.cnbb.org.br\/cnbb-app\/wp\/v2\/types\/post"}],"author":[{"embeddable":true,"href":"https:\/\/www.cnbb.org.br\/cnbb-app\/wp\/v2\/users\/41"}],"replies":[{"embeddable":true,"href":"https:\/\/www.cnbb.org.br\/cnbb-app\/wp\/v2\/comments?post=989087"}],"version-history":[{"count":2,"href":"https:\/\/www.cnbb.org.br\/cnbb-app\/wp\/v2\/posts\/989087\/revisions"}],"predecessor-version":[{"id":989089,"href":"https:\/\/www.cnbb.org.br\/cnbb-app\/wp\/v2\/posts\/989087\/revisions\/989089"}],"wp:attachment":[{"href":"https:\/\/www.cnbb.org.br\/cnbb-app\/wp\/v2\/media?parent=989087"}],"wp:term":[{"taxonomy":"category","embeddable":true,"href":"https:\/\/www.cnbb.org.br\/cnbb-app\/wp\/v2\/categories?post=989087"},{"taxonomy":"post_tag","embeddable":true,"href":"https:\/\/www.cnbb.org.br\/cnbb-app\/wp\/v2\/tags?post=989087"}],"curies":[{"name":"wp","href":"https:\/\/api.w.org\/{rel}","templated":true}]}}