{"id":989133,"date":"2025-09-24T14:38:31","date_gmt":"2025-09-24T17:38:31","guid":{"rendered":"https:\/\/www.cnbb.org.br\/?p=989133"},"modified":"2025-09-24T14:41:51","modified_gmt":"2025-09-24T17:41:51","slug":"uma-experiencia-de-catolicidade-e-de-unidade","status":"publish","type":"post","link":"https:\/\/www.cnbb.org.br\/uma-experiencia-de-catolicidade-e-de-unidade\/","title":{"rendered":"Uma experi\u00eancia de catolicidade e de unidade"},"content":{"rendered":"<p style=\"text-align: right;\">Dom Itacir Brassiani<br \/>\nBispo de Santa Cruz do Sul (RS)<\/p>\n<p style=\"text-align: justify;\">\nEntre os dias 3 e 11 de setembro tive a oportunidade de participar da semana de encontro e estudos que a igreja cat\u00f3lica organiza em Roma para os bispos que foram ordenados nos \u00faltimos 12 meses. \u00c9ramos mais de 190 bispos provindos do mundo inteiro, divididos em dois grupos: um, reunindo os bispos que atuam no continente americano e europeu (inclusive alguns bispos de igrejas ortodoxas e 14 novos bispos do Brasil); o outro, agrupando basicamente bispos oriundos da \u00c1frica, da \u00c1sia e da Oceania.<\/p>\n<p>Para al\u00e9m dos ricos e oportunos temas refletidos, esta foi uma experi\u00eancia que possibilitou \u201ctocar com a m\u00e3o\u201d a diversidade e a catolicidade da Igreja. Ouvir a experi\u00eancia dos bispos e os desafios de Igrejas particulares da R\u00fassia, da Fran\u00e7a, da Eti\u00f3pia, da Esc\u00f3cia, das Ilhas Fuji, da Indon\u00e9sia e da Venezuela, para citar apenas alguns pa\u00edses, \u00e9 algo que n\u00e3o costuma ocorrer com frequ\u00eancia. Conviver e partilhar buscas e esperan\u00e7as de igual para igual, n\u00e3o obstante os limites de idioma, \u00e9 uma gra\u00e7a especial.<\/p>\n<p>Tr\u00eas momentos foram particularmente especiais. O primeiro foi a celebra\u00e7\u00e3o eucar\u00edstica na Bas\u00edlica de S\u00e3o Pedro, conclu\u00edda com a visita ao t\u00famulo de S\u00e3o Pedro. Este sinal vis\u00edvel de comunh\u00e3o com a sede da Igreja Cat\u00f3lica, com o passado humilde e eloquente dos ap\u00f3stolos que lan\u00e7aram as bases da vida crist\u00e3, emociona e compromete. Levei comigo junto aos restos mortais de S\u00e3o Pedro o povo da diocese de Santa Cruz, especialmente as pessoas mais vulner\u00e1veis, os padres, os di\u00e1conos e as demais lideran\u00e7as.<\/p>\n<p>Um segundo momento particularmente tocante foi a celebra\u00e7\u00e3o de canoniza\u00e7\u00e3o dos jovens Pedro Jorge Frassatti (1901-1925) e Carlo Acutis (1991-2006). Presenciar a proclama\u00e7\u00e3o solene da Igreja de que estes jovens, n\u00e3o obstante os poucos anos de vida, chegaram \u00e0 maturidade humana e crist\u00e3 e s\u00e3o refer\u00eancias s\u00f3lidas para todas as gera\u00e7\u00f5es, \u00e9 fonte de imensa alegria e sincera gratid\u00e3o. Neles os jovens de hoje podem encontrar est\u00edmulo e orienta\u00e7\u00e3o para unir f\u00e9 e vida, vida eclesial e compromisso social.<\/p>\n<p>Um terceiro momento especial foi o encontro coletivo dos novos bispos com o Papa Le\u00e3o XIV. Mais que poder apertar a m\u00e3o e receber a b\u00ean\u00e7\u00e3o pessoal daquele que \u00e9 sinal vis\u00edvel de unidade da Igreja cat\u00f3lica, apreciei a oportunidade de di\u00e1logo com ele, de apresentar quest\u00f5es e ouvir suas pondera\u00e7\u00f5es. De fato, depois de uma breve reflex\u00e3o de pouco mais de maia hora, o Papa dialogou conosco por mais de uma hora, respondendo \u00e0s nossas perguntas e aconselhando, sempre com muita humanidade, simplicidade e bom humor.<\/p>\n<p>Animado e confirmado por essas experi\u00eancias, e tamb\u00e9m com a ajuda das diversas palestras de expoentes da Igreja (diversos bispos e cardeais, inclusive tr\u00eas que eram considerados \u201cpap\u00e1veis\u201d), volto com algumas convic\u00e7\u00f5es que estar\u00e3o presentes no exerc\u00edcio do minist\u00e9rio que a Igreja me confiou. Partilhando essa viv\u00eancia, desejo agradecer a Deus a oportunidade, refor\u00e7ar os v\u00ednculos com o povo que vive na Diocese de Santa Cruz e renovar meu compromisso de pastorear sempre movido pela esperan\u00e7a.<\/p>\n<p>&nbsp;<\/p>\n","protected":false},"excerpt":{"rendered":"<p>Dom Itacir Brassiani Bispo de Santa Cruz do Sul (RS) Entre os dias 3 e 11 de setembro tive a oportunidade de participar da semana de encontro e estudos que a igreja cat\u00f3lica organiza em Roma para os bispos que foram ordenados nos \u00faltimos 12 meses. \u00c9ramos mais de 190 bispos provindos do mundo inteiro, &hellip;<\/p>\n<p class=\"read-more\"> <a class=\"\" href=\"https:\/\/www.cnbb.org.br\/uma-experiencia-de-catolicidade-e-de-unidade\/\"> <span class=\"screen-reader-text\">Uma experi\u00eancia de catolicidade e de unidade<\/span> Leia mais &raquo;<\/a><\/p>\n","protected":false},"author":2510,"featured_media":0,"comment_status":"closed","ping_status":"closed","sticky":false,"template":"","format":"standard","meta":{"site-sidebar-layout":"default","site-content-layout":"default","ast-global-header-display":"","ast-banner-title-visibility":"","ast-main-header-display":"","ast-hfb-above-header-display":"","ast-hfb-below-header-display":"","ast-hfb-mobile-header-display":"","site-post-title":"","ast-breadcrumbs-content":"","ast-featured-img":"","footer-sml-layout":"","theme-transparent-header-meta":"default","adv-header-id-meta":"","stick-header-meta":"","header-above-stick-meta":"","header-main-stick-meta":"","header-below-stick-meta":""},"categories":[758,1837],"tags":[],"acf":[],"_links":{"self":[{"href":"https:\/\/www.cnbb.org.br\/cnbb-app\/wp\/v2\/posts\/989133"}],"collection":[{"href":"https:\/\/www.cnbb.org.br\/cnbb-app\/wp\/v2\/posts"}],"about":[{"href":"https:\/\/www.cnbb.org.br\/cnbb-app\/wp\/v2\/types\/post"}],"author":[{"embeddable":true,"href":"https:\/\/www.cnbb.org.br\/cnbb-app\/wp\/v2\/users\/2510"}],"replies":[{"embeddable":true,"href":"https:\/\/www.cnbb.org.br\/cnbb-app\/wp\/v2\/comments?post=989133"}],"version-history":[{"count":2,"href":"https:\/\/www.cnbb.org.br\/cnbb-app\/wp\/v2\/posts\/989133\/revisions"}],"predecessor-version":[{"id":989135,"href":"https:\/\/www.cnbb.org.br\/cnbb-app\/wp\/v2\/posts\/989133\/revisions\/989135"}],"wp:attachment":[{"href":"https:\/\/www.cnbb.org.br\/cnbb-app\/wp\/v2\/media?parent=989133"}],"wp:term":[{"taxonomy":"category","embeddable":true,"href":"https:\/\/www.cnbb.org.br\/cnbb-app\/wp\/v2\/categories?post=989133"},{"taxonomy":"post_tag","embeddable":true,"href":"https:\/\/www.cnbb.org.br\/cnbb-app\/wp\/v2\/tags?post=989133"}],"curies":[{"name":"wp","href":"https:\/\/api.w.org\/{rel}","templated":true}]}}