{"id":989256,"date":"2025-09-26T12:13:20","date_gmt":"2025-09-26T15:13:20","guid":{"rendered":"https:\/\/www.cnbb.org.br\/?p=989256"},"modified":"2025-09-26T12:13:20","modified_gmt":"2025-09-26T15:13:20","slug":"simposio-da-igreja-no-brasil-cop30","status":"publish","type":"post","link":"https:\/\/www.cnbb.org.br\/simposio-da-igreja-no-brasil-cop30\/","title":{"rendered":"Simp\u00f3sio da Igreja no Brasil durante a COP30 vai favorecer reflex\u00e3o e di\u00e1logo sobre os caminhos da Ecologia Integral"},"content":{"rendered":"<p>A Igreja no Brasil promove, no dia 12 de novembro, em Bel\u00e9m (PA), um simp\u00f3sio para refletir e dialogar sobre os caminhos da ecologia integral, a justi\u00e7a clim\u00e1tica e a convers\u00e3o ecol\u00f3gica. O evento ser\u00e1 realizado durante a Confer\u00eancia das Partes sobre as Mudan\u00e7as Clim\u00e1ticas sediada na Amaz\u00f4nia Brasileira, a COP30.<\/p>\n<p>O objetivo da Articula\u00e7\u00e3o Brasileira para a COP30, ao realizar o Simp\u00f3sio, \u00e9 apresentar as perspectivas da Igreja Cat\u00f3lica e de seus interlocutores destacando seu compromisso com a justi\u00e7a clim\u00e1tica e a ecologia integral.<\/p>\n<blockquote><p>&#8220;Com este encontro, a Igreja reafirma seu compromisso com a defesa da vida, dos povos e da Casa Comum, em sintonia com o esp\u00edrito da enc\u00edclica Laudato Si\u2019 e com os apelos globais por justi\u00e7a socioambiental&#8221;, destaca Jaqueline Bertoldo, secret\u00e1ria executiva da Articula\u00e7\u00e3o Igreja rumo \u00e0 COP30.<\/p><\/blockquote>\n<p>Participam do simp\u00f3sio membros da Igreja Cat\u00f3lica, como bispos, padres, religiosos e religiosas e crist\u00e3os engajados com a ecologia integral. Tamb\u00e9m estar\u00e3o presentes lideran\u00e7as ecum\u00eanicas, cientistas, representantes dos povos ind\u00edgenas e l\u00edderes governamentais, destacando a import\u00e2ncia de uma atua\u00e7\u00e3o conjunta frente \u00e0 crise clim\u00e1tica e socioambiental que desafia o presente e o futuro da humanidade.<\/p>\n<p>&nbsp;<\/p>\n<h3>Programa\u00e7\u00e3o<\/h3>\n<p>O evento acontecer\u00e1 no Col\u00e9gio Santa Catarina de Sena, na Avenida Nossa Senhora de Nazar\u00e9, nas proximidades do Santu\u00e1rio de Nazar\u00e9, no Centro de Bel\u00e9m. O in\u00edcio ser\u00e1 \u00e0s 14h, com uma apresenta\u00e7\u00e3o art\u00edstica de abertura, seguida da apresenta\u00e7\u00e3o de um v\u00eddeo institucional e de um painel tem\u00e1tico com o tema &#8220;Di\u00e1logos pela Ecologia Integral&#8221;.<\/p>\n<h4>Exposi\u00e7\u00f5es tem\u00e1ticas<\/h4>\n<p>Al\u00e9m disso, durante todo o per\u00edodo da manh\u00e3, o Col\u00e9gio Santa Catarina de Sena estar\u00e1 aberto \u00e0 comunidade com exposi\u00e7\u00f5es tem\u00e1ticas, sendo um espa\u00e7o dedicado \u00e0 partilha dos frutos do caminho percorrido pela Articula\u00e7\u00e3o Igreja Rumo \u00e0 COP 30 e pelas iniciativas locais da arquidiocese de Bel\u00e9m.<\/p>\n<h4>Caminhada dos M\u00e1rtires<\/h4>\n<p>Ap\u00f3s o simp\u00f3sio, \u00e0s 19h, ser\u00e1 realizada a Caminhada pelos M\u00e1rtires da Casa Comum, com concentra\u00e7\u00e3o na Pra\u00e7a Santu\u00e1rio de Nazar\u00e9. O percurso se encerra na Bas\u00edlica de Nossa Senhora de Nazar\u00e9, com a celebra\u00e7\u00e3o eucar\u00edstica presidida pelo arcebispo de Porto Alegre (RS) e presidente da CNBB, cardeal Jaime Spengler.<\/p>\n<p>&nbsp;<\/p>\n<h3>Como participar<\/h3>\n<p>As inscri\u00e7\u00f5es para o simp\u00f3sio est\u00e3o abertas at\u00e9 o dia 20 de outubro, mediante confirma\u00e7\u00e3o posterior, <a href=\"https:\/\/app.ciaticket.com.br\/e\/SIMPOSIODAIGREJANACOP30\" target=\"_blank\" rel=\"noopener\">neste link<\/a>. De acordo com a organiza\u00e7\u00e3o, as vagas presenciais s\u00e3o limitadas e o p\u00fablico-alvo s\u00e3o, prioritariamente,\u00a0pessoas que j\u00e1 estar\u00e3o em Bel\u00e9m durante a COP30, que possuam hospedagem e deslocamento garantidos. O simp\u00f3sio contar\u00e1 com transmiss\u00e3o online, ampliando a participa\u00e7\u00e3o em todo o Brasil e em outros pa\u00edses.<\/p>\n","protected":false},"excerpt":{"rendered":"<p>A Igreja no Brasil promove, no dia 12 de novembro, em Bel\u00e9m (PA), um simp\u00f3sio para refletir e dialogar sobre os caminhos da ecologia integral, a justi\u00e7a clim\u00e1tica e a convers\u00e3o ecol\u00f3gica. O evento ser\u00e1 realizado durante a Confer\u00eancia das Partes sobre as Mudan\u00e7as Clim\u00e1ticas sediada na Amaz\u00f4nia Brasileira, a COP30. O objetivo da Articula\u00e7\u00e3o &hellip;<\/p>\n<p class=\"read-more\"> <a class=\"\" href=\"https:\/\/www.cnbb.org.br\/simposio-da-igreja-no-brasil-cop30\/\"> <span class=\"screen-reader-text\">Simp\u00f3sio da Igreja no Brasil durante a COP30 vai favorecer reflex\u00e3o e di\u00e1logo sobre os caminhos da Ecologia Integral<\/span> Leia mais &raquo;<\/a><\/p>\n","protected":false},"author":38,"featured_media":989281,"comment_status":"closed","ping_status":"closed","sticky":false,"template":"","format":"standard","meta":{"site-sidebar-layout":"default","site-content-layout":"default","ast-global-header-display":"","ast-banner-title-visibility":"","ast-main-header-display":"","ast-hfb-above-header-display":"","ast-hfb-below-header-display":"","ast-hfb-mobile-header-display":"","site-post-title":"","ast-breadcrumbs-content":"","ast-featured-img":"","footer-sml-layout":"","theme-transparent-header-meta":"default","adv-header-id-meta":"","stick-header-meta":"","header-above-stick-meta":"","header-main-stick-meta":"","header-below-stick-meta":""},"categories":[829,1841],"tags":[5317,6168],"acf":[],"_links":{"self":[{"href":"https:\/\/www.cnbb.org.br\/cnbb-app\/wp\/v2\/posts\/989256"}],"collection":[{"href":"https:\/\/www.cnbb.org.br\/cnbb-app\/wp\/v2\/posts"}],"about":[{"href":"https:\/\/www.cnbb.org.br\/cnbb-app\/wp\/v2\/types\/post"}],"author":[{"embeddable":true,"href":"https:\/\/www.cnbb.org.br\/cnbb-app\/wp\/v2\/users\/38"}],"replies":[{"embeddable":true,"href":"https:\/\/www.cnbb.org.br\/cnbb-app\/wp\/v2\/comments?post=989256"}],"version-history":[{"count":1,"href":"https:\/\/www.cnbb.org.br\/cnbb-app\/wp\/v2\/posts\/989256\/revisions"}],"predecessor-version":[{"id":989282,"href":"https:\/\/www.cnbb.org.br\/cnbb-app\/wp\/v2\/posts\/989256\/revisions\/989282"}],"wp:featuredmedia":[{"embeddable":true,"href":"https:\/\/www.cnbb.org.br\/cnbb-app\/wp\/v2\/media\/989281"}],"wp:attachment":[{"href":"https:\/\/www.cnbb.org.br\/cnbb-app\/wp\/v2\/media?parent=989256"}],"wp:term":[{"taxonomy":"category","embeddable":true,"href":"https:\/\/www.cnbb.org.br\/cnbb-app\/wp\/v2\/categories?post=989256"},{"taxonomy":"post_tag","embeddable":true,"href":"https:\/\/www.cnbb.org.br\/cnbb-app\/wp\/v2\/tags?post=989256"}],"curies":[{"name":"wp","href":"https:\/\/api.w.org\/{rel}","templated":true}]}}