{"id":989347,"date":"2025-09-29T08:46:56","date_gmt":"2025-09-29T11:46:56","guid":{"rendered":"https:\/\/www.cnbb.org.br\/?p=989347"},"modified":"2025-09-29T08:47:48","modified_gmt":"2025-09-29T11:47:48","slug":"xxvi-domingo-do-tempo-comum-3","status":"publish","type":"post","link":"https:\/\/www.cnbb.org.br\/xxvi-domingo-do-tempo-comum-3\/","title":{"rendered":"XXVI Domingo do Tempo Comum\u00a0"},"content":{"rendered":"<p style=\"text-align: right;\"><b><span data-contrast=\"auto\">Cardeal Orani Jo\u00e3o Tempesta<br \/>\n<\/span><\/b><b><span data-contrast=\"auto\">Arcebispo do Rio de Janeiro (RJ)<\/span><\/b><span data-ccp-props=\"{&quot;201341983&quot;:0,&quot;335551550&quot;:3,&quot;335551620&quot;:3,&quot;335559731&quot;:708,&quot;335559739&quot;:160,&quot;335559740&quot;:278}\">\u00a0<\/span><\/p>\n<p><span data-ccp-props=\"{&quot;201341983&quot;:0,&quot;335551550&quot;:6,&quot;335551620&quot;:6,&quot;335559739&quot;:160,&quot;335559740&quot;:278}\">\u00a0<\/span><\/p>\n<p style=\"text-align: justify;\"><span data-contrast=\"auto\">Estamos celebrando o XXVI domingo do Tempo Comum. Neste domingo, no Brasil, celebramos o Dia da B\u00edblia. Deixemo-nos iluminar pela Palavra de Deus. A Palavra de Deus ilumina, corrige e abre caminho para nossa Salva\u00e7\u00e3o. Deixemos de lado as celebra\u00e7\u00f5es lindas e melosas e cultivemos a Palavra de Deus, luminosa e salgada que corrige nossos defeitos e nossa vida superficial e descomprometida com a vida espiritual e eterna! A Palavra de Deus \u00e9 luz, \u00e9 sal e \u00e9 certeza do amor de nosso Deus!<\/span><span data-ccp-props=\"{&quot;201341983&quot;:0,&quot;335551550&quot;:6,&quot;335551620&quot;:6,&quot;335559731&quot;:708,&quot;335559739&quot;:160,&quot;335559740&quot;:278}\">\u00a0<\/span><\/p>\n<p style=\"text-align: justify;\"><span data-contrast=\"auto\">Na primeira leitura \u2013 Am 6,1a-4-7 \u2013 o profeta Am\u00f3s era pastor e agricultor, mas conhecia bem as mal\u00edcias e a vida f\u00e1cil dos gozadores da Samaria. Anuncia-lhes o fim de sua vida c\u00f4moda de gozadores e o caminho do ex\u00edlio.<\/span><span data-ccp-props=\"{&quot;201341983&quot;:0,&quot;335551550&quot;:6,&quot;335551620&quot;:6,&quot;335559731&quot;:708,&quot;335559739&quot;:160,&quot;335559740&quot;:278}\">\u00a0<\/span><\/p>\n<p style=\"text-align: justify;\"><span data-contrast=\"auto\">Na segunda leitura \u2013 1Tm 6,11-16 \u2013 S\u00e3o Paulo recomenda e elogia o bom comportamento de Tim\u00f3teo, seu disc\u00edpulo, inspirado no testemunho do Senhor Jesus. A recomenda\u00e7\u00e3o n\u00e3o \u00e9 apenas para Tim\u00f3teo, mas, hoje, \u00e9 para n\u00f3s! A Palavra de Deus, certamente, \u00e9 atual e eficaz!<\/span><span data-ccp-props=\"{&quot;201341983&quot;:0,&quot;335551550&quot;:6,&quot;335551620&quot;:6,&quot;335559731&quot;:708,&quot;335559739&quot;:160,&quot;335559740&quot;:278}\">\u00a0<\/span><\/p>\n<p style=\"text-align: justify;\"><span data-contrast=\"auto\">O Evangelho \u2013 Lc 16, 19-31 \u2013 descreve-nos um homem que n\u00e3o soube tirar o proveito dos seus bens. Ao inv\u00e9s de ganhar com eles o C\u00e9u, perdeu-o para sempre. Trata-se de um homem rico, que se vestia de p\u00farpura e de linho, e que todos os dias fazia festas espl\u00eandidas; muito perto dele, \u00e0 sua porta, estava deitado um mendigo chamado L\u00e1zaro, todo coberto de chagas, que desejava saciar-se com as migalhas que ca\u00edam da mesa do rico. E at\u00e9 os c\u00e3es lambiam as suas feridas.<\/span><span data-ccp-props=\"{&quot;201341983&quot;:0,&quot;335551550&quot;:6,&quot;335551620&quot;:6,&quot;335559731&quot;:708,&quot;335559739&quot;:160,&quot;335559740&quot;:278}\">\u00a0<\/span><\/p>\n<p style=\"text-align: justify;\"><span data-contrast=\"auto\">A descri\u00e7\u00e3o que o Senhor nos faz nesta par\u00e1bola tem fortes contrastes: grande abund\u00e2ncia num, extrema necessidade no outro. O homem rico vive para si, como se Deus n\u00e3o existisse. Esqueceu uma coisa que o Senhor recorda com muita frequ\u00eancia: n\u00e3o somos donos dos bens materiais, mas administradores.<\/span><span data-ccp-props=\"{&quot;201341983&quot;:0,&quot;335551550&quot;:6,&quot;335551620&quot;:6,&quot;335559731&quot;:708,&quot;335559739&quot;:160,&quot;335559740&quot;:278}\">\u00a0<\/span><\/p>\n<p style=\"text-align: justify;\"><span data-contrast=\"auto\">A par\u00e1bola ensina a sobreviv\u00eancia da alma ap\u00f3s a morte e que, imediatamente depois da morte a alma \u00e9 julgada por Deus de todos os seus atos \u2013 ju\u00edzo particular \u2013, recebendo o pr\u00eamio ou o castigo merecidos; que a Revela\u00e7\u00e3o divina \u00e9, de per si, suficiente para que os homens creiam no mais al\u00e9m.<\/span><span data-ccp-props=\"{&quot;201341983&quot;:0,&quot;335551550&quot;:6,&quot;335551620&quot;:6,&quot;335559731&quot;:708,&quot;335559739&quot;:160,&quot;335559740&quot;:278}\">\u00a0<\/span><\/p>\n<p style=\"text-align: justify;\"><span data-contrast=\"auto\">Jesus continua o tema de domingo passado, quando nos exortou a fazer amigos com o dinheiro injusto. Este \u00e9 o pecado do rico do Evangelho de hoje: n\u00e3o fez amigos com suas riquezas. Se tivesse aberto o cora\u00e7\u00e3o para L\u00e1zaro, teria um amigo a receb\u00ea-lo no c\u00e9u! \u00c9 importante notar que esse rico n\u00e3o roubou, n\u00e3o ganhou seu dinheiro matando ou fazendo mal aos outros. Seu pecado foi unicamente viver somente para si: \u201cse vestia com roupas finas e elegantes e fazia festas espl\u00eandidas todos os dias\u201d. Ele foi incapaz de enxergar o \u201cpobre, chamado L\u00e1zaro, cheio de feridas, que estava no ch\u00e3o\u201d, \u00e0 sua porta. \u201cEle queria matar a fome com as sobras que ca\u00edam da mesa do rico. E, al\u00e9m disso, vinham os cachorros lamber suas feridas\u201d. O rico nunca se incomodou com aquele pobre, nunca perguntou o seu nome, nunca procurou saber sua hist\u00f3ria, nunca abriu a m\u00e3o para ajud\u00e1-lo, nunca lhe deu um pouco de seu tempo. O rico jamais pensou que aquele pobre, cujo nome ningu\u00e9m importante conhecia, era conhecido e amado por Deus. N\u00e3o deixa de ser impressionante que Jesus chama o miser\u00e1vel pelo nome, mas ignora o nome do rico! \u00c9 que o Senhor se inclina para o pobre, mas olha o rico de longe! Afinal, os pensamentos de Deus n\u00e3o s\u00e3o os nossos pensamentos.<\/span><span data-ccp-props=\"{&quot;201341983&quot;:0,&quot;335551550&quot;:6,&quot;335551620&quot;:6,&quot;335559731&quot;:708,&quot;335559739&quot;:160,&quot;335559740&quot;:278}\">\u00a0<\/span><\/p>\n<p style=\"text-align: justify;\"><span data-contrast=\"auto\">O homem rico n\u00e3o est\u00e1 contra Deus nem oprime o pobre! Apenas est\u00e1 cego para as necessidades alheias. O seu pecado foi n\u00e3o ter visto L\u00e1zaro, a quem poderia ter feito feliz com um pouco menos de ego\u00edsmo e um pouco mais de despreocupa\u00e7\u00e3o pelas suas pr\u00f3prias coisas. N\u00e3o utilizou os bens conforme o querer de Deus. N\u00e3o soube compartilhar. Santo Agostinho comenta: \u201cN\u00e3o foi a pobreza que conduziu L\u00e1zaro ao C\u00e9u, mas a sua humildade; nem foram as riquezas que impediram o rico de entrar no descanso eterno, mas o seu ego\u00edsmo e a sua infidelidade\u201d.<\/span><span data-ccp-props=\"{&quot;201341983&quot;:0,&quot;335551550&quot;:6,&quot;335551620&quot;:6,&quot;335559731&quot;:708,&quot;335559739&quot;:160,&quot;335559740&quot;:278}\">\u00a0<\/span><\/p>\n<p style=\"text-align: justify;\"><span data-ccp-props=\"{&quot;201341983&quot;:0,&quot;335551550&quot;:3,&quot;335551620&quot;:3,&quot;335559731&quot;:708,&quot;335559739&quot;:160,&quot;335559740&quot;:278}\">\u00a0<\/span><\/p>\n<p style=\"text-align: justify;\">\n","protected":false},"excerpt":{"rendered":"<p>Cardeal Orani Jo\u00e3o Tempesta Arcebispo do Rio de Janeiro (RJ)\u00a0 \u00a0 Estamos celebrando o XXVI domingo do Tempo Comum. Neste domingo, no Brasil, celebramos o Dia da B\u00edblia. Deixemo-nos iluminar pela Palavra de Deus. A Palavra de Deus ilumina, corrige e abre caminho para nossa Salva\u00e7\u00e3o. Deixemos de lado as celebra\u00e7\u00f5es lindas e melosas e &hellip;<\/p>\n<p class=\"read-more\"> <a class=\"\" href=\"https:\/\/www.cnbb.org.br\/xxvi-domingo-do-tempo-comum-3\/\"> <span class=\"screen-reader-text\">XXVI Domingo do Tempo Comum\u00a0<\/span> Leia mais &raquo;<\/a><\/p>\n","protected":false},"author":31,"featured_media":0,"comment_status":"closed","ping_status":"closed","sticky":false,"template":"","format":"standard","meta":{"site-sidebar-layout":"default","site-content-layout":"default","ast-global-header-display":"","ast-banner-title-visibility":"","ast-main-header-display":"","ast-hfb-above-header-display":"","ast-hfb-below-header-display":"","ast-hfb-mobile-header-display":"","site-post-title":"","ast-breadcrumbs-content":"","ast-featured-img":"","footer-sml-layout":"","theme-transparent-header-meta":"default","adv-header-id-meta":"","stick-header-meta":"","header-above-stick-meta":"","header-main-stick-meta":"","header-below-stick-meta":""},"categories":[758],"tags":[],"acf":[],"_links":{"self":[{"href":"https:\/\/www.cnbb.org.br\/cnbb-app\/wp\/v2\/posts\/989347"}],"collection":[{"href":"https:\/\/www.cnbb.org.br\/cnbb-app\/wp\/v2\/posts"}],"about":[{"href":"https:\/\/www.cnbb.org.br\/cnbb-app\/wp\/v2\/types\/post"}],"author":[{"embeddable":true,"href":"https:\/\/www.cnbb.org.br\/cnbb-app\/wp\/v2\/users\/31"}],"replies":[{"embeddable":true,"href":"https:\/\/www.cnbb.org.br\/cnbb-app\/wp\/v2\/comments?post=989347"}],"version-history":[{"count":2,"href":"https:\/\/www.cnbb.org.br\/cnbb-app\/wp\/v2\/posts\/989347\/revisions"}],"predecessor-version":[{"id":989349,"href":"https:\/\/www.cnbb.org.br\/cnbb-app\/wp\/v2\/posts\/989347\/revisions\/989349"}],"wp:attachment":[{"href":"https:\/\/www.cnbb.org.br\/cnbb-app\/wp\/v2\/media?parent=989347"}],"wp:term":[{"taxonomy":"category","embeddable":true,"href":"https:\/\/www.cnbb.org.br\/cnbb-app\/wp\/v2\/categories?post=989347"},{"taxonomy":"post_tag","embeddable":true,"href":"https:\/\/www.cnbb.org.br\/cnbb-app\/wp\/v2\/tags?post=989347"}],"curies":[{"name":"wp","href":"https:\/\/api.w.org\/{rel}","templated":true}]}}