{"id":989350,"date":"2025-09-29T08:48:57","date_gmt":"2025-09-29T11:48:57","guid":{"rendered":"https:\/\/www.cnbb.org.br\/?p=989350"},"modified":"2025-09-29T08:49:42","modified_gmt":"2025-09-29T11:49:42","slug":"a-educacao-para-a-paz-os-direitos-humanos-e-a-democracia","status":"publish","type":"post","link":"https:\/\/www.cnbb.org.br\/a-educacao-para-a-paz-os-direitos-humanos-e-a-democracia\/","title":{"rendered":"A educa\u00e7\u00e3o para a paz, os direitos humanos e a democracia\u00a0"},"content":{"rendered":"<p style=\"text-align: right;\"><strong>Dom Roberto Francisco Ferreria Paz<\/strong><br \/>\n<strong>Bispo\u00a0 de Campos (RJ)<\/strong><\/p>\n<p style=\"text-align: right;\"><strong>\u00a0<\/strong><\/p>\n<p style=\"text-align: justify;\"><span data-contrast=\"none\">Desde o Congresso Internacional sobre Educa\u00e7\u00e3o em Direitos Humanos e Democracia, celebrado em mar\u00e7o de 1993 em Montreal, podemos afirmar e proclamar que os valores democr\u00e1ticos s\u00e3o um requisito indispens\u00e1vel para o exerc\u00edcio efetivo dos direitos humanos.<\/span><span data-ccp-props=\"{&quot;201341983&quot;:0,&quot;335551550&quot;:6,&quot;335551620&quot;:6,&quot;335557856&quot;:16777215,&quot;335559739&quot;:0,&quot;335559740&quot;:240}\">\u00a0<\/span><\/p>\n<p style=\"text-align: justify;\"><span data-contrast=\"none\">Neste evento se afirmava que a educa\u00e7\u00e3o para a Democracia era em si um direito fundamental e condi\u00e7\u00e3o essencial para o pleno desenvolvimento da justi\u00e7a social, da paz e do desenvolvimento sustent\u00e1vel.\u00a0<\/span><span data-ccp-props=\"{&quot;201341983&quot;:0,&quot;335551550&quot;:6,&quot;335551620&quot;:6,&quot;335557856&quot;:16777215,&quot;335559739&quot;:0,&quot;335559740&quot;:240}\">\u00a0<\/span><\/p>\n<p style=\"text-align: justify;\"><span data-contrast=\"none\">Sendo um instrumento valioso de prote\u00e7\u00e3o desses direitos e de preven\u00e7\u00e3o contra qualquer tipo de abuso e autoritarismo. Por sua vez, se conclu\u00eda que tal educa\u00e7\u00e3o deve ser alcan\u00e7ada atrav\u00e9s de um processo din\u00e2mico baseado na participa\u00e7\u00e3o.<\/span><span data-ccp-props=\"{&quot;201341983&quot;:0,&quot;335551550&quot;:6,&quot;335551620&quot;:6,&quot;335557856&quot;:16777215,&quot;335559739&quot;:0,&quot;335559740&quot;:240}\">\u00a0<\/span><\/p>\n<p style=\"text-align: justify;\"><span data-contrast=\"none\">Um fruto fecundo deste Congresso foi aprovar na Confer\u00eancia Internacional de Educa\u00e7\u00e3o em 1994, o Plano de A\u00e7\u00e3o Integrado para garantir atrav\u00e9s da educa\u00e7\u00e3o as liberdades fundamentais, a paz, os direitos humanos e a democracia, incentivando concomitantemente um processo de inclus\u00e3o de desenvolvimento equitativo e sustent\u00e1vel para todos os povos e na\u00e7\u00f5es.<\/span><span data-ccp-props=\"{&quot;201341983&quot;:0,&quot;335551550&quot;:6,&quot;335551620&quot;:6,&quot;335557856&quot;:16777215,&quot;335559739&quot;:0,&quot;335559740&quot;:240}\">\u00a0<\/span><\/p>\n<p style=\"text-align: justify;\"><span data-contrast=\"none\">\u00a0Num mundo fechado perpassado por processos pol\u00edticos e eleitorais algor\u00edtmicos e controlados por m\u00eddias digitais por vezes manipuladoras de opini\u00e3o e geradoras de fake News e deep News torna-se cada vez mais urgente desenvolver uma educa\u00e7\u00e3o c\u00edvica e pol\u00edtica consciente e participativa que neutralize estes dispositivos antidemocr\u00e1ticos e fortale\u00e7a e empodere uma aut\u00eantica cidadania.\u00a0<\/span><span data-ccp-props=\"{&quot;201341983&quot;:0,&quot;335551550&quot;:6,&quot;335551620&quot;:6,&quot;335557856&quot;:16777215,&quot;335559739&quot;:0,&quot;335559740&quot;:240}\">\u00a0<\/span><\/p>\n<p style=\"text-align: justify;\"><span data-contrast=\"none\">A democracia exige canais abertos de comunica\u00e7\u00e3o onde circule de forma livre a voz do povo, dos movimentos populares e entidades da sociedade civil.\u202f<\/span><span data-ccp-props=\"{&quot;201341983&quot;:0,&quot;335551550&quot;:6,&quot;335551620&quot;:6,&quot;335557856&quot;:16777215,&quot;335559739&quot;:0,&quot;335559740&quot;:240}\">\u00a0<\/span><\/p>\n<p style=\"text-align: justify;\"><span data-contrast=\"none\">A atualiza\u00e7\u00e3o das Diretrizes B\u00e1sicas da Educa\u00e7\u00e3o poder\u00e1 incentivar e desenvolver estes espa\u00e7os prop\u00edcios para uma educa\u00e7\u00e3o para a democracia, que incidir\u00e1 certamente na renova\u00e7\u00e3o das pr\u00e1ticas pol\u00edticas tornando-as mais focadas no bem comum, no controle social, na transpar\u00eancia e no fortalecimento do tecido e amizade social, incluindo e superando as lastim\u00e1veis sub representa\u00e7\u00f5es, corrup\u00e7\u00f5es eleitorais, e desvirtuamento da pol\u00edtica.\u00a0<\/span><span data-ccp-props=\"{&quot;201341983&quot;:0,&quot;335551550&quot;:6,&quot;335551620&quot;:6,&quot;335557856&quot;:16777215,&quot;335559739&quot;:0,&quot;335559740&quot;:240}\">\u00a0<\/span><\/p>\n<p style=\"text-align: justify;\"><span data-contrast=\"none\">Por uma educa\u00e7\u00e3o para a democracia consciente e participativa. Deus seja louvado!<\/span><span data-ccp-props=\"{&quot;201341983&quot;:0,&quot;335551550&quot;:6,&quot;335551620&quot;:6,&quot;335557856&quot;:16777215,&quot;335559739&quot;:0,&quot;335559740&quot;:240}\">\u00a0<\/span><\/p>\n<p><span data-ccp-props=\"{&quot;201341983&quot;:0,&quot;335551550&quot;:6,&quot;335551620&quot;:6,&quot;335557856&quot;:16777215,&quot;335559739&quot;:0,&quot;335559740&quot;:240}\">\u00a0<\/span><\/p>\n","protected":false},"excerpt":{"rendered":"<p>Dom Roberto Francisco Ferreria Paz Bispo\u00a0 de Campos (RJ) \u00a0 Desde o Congresso Internacional sobre Educa\u00e7\u00e3o em Direitos Humanos e Democracia, celebrado em mar\u00e7o de 1993 em Montreal, podemos afirmar e proclamar que os valores democr\u00e1ticos s\u00e3o um requisito indispens\u00e1vel para o exerc\u00edcio efetivo dos direitos humanos.\u00a0 Neste evento se afirmava que a educa\u00e7\u00e3o para &hellip;<\/p>\n<p class=\"read-more\"> <a class=\"\" href=\"https:\/\/www.cnbb.org.br\/a-educacao-para-a-paz-os-direitos-humanos-e-a-democracia\/\"> <span class=\"screen-reader-text\">A educa\u00e7\u00e3o para a paz, os direitos humanos e a democracia\u00a0<\/span> Leia mais &raquo;<\/a><\/p>\n","protected":false},"author":23,"featured_media":0,"comment_status":"closed","ping_status":"closed","sticky":false,"template":"","format":"standard","meta":{"site-sidebar-layout":"default","site-content-layout":"default","ast-global-header-display":"","ast-banner-title-visibility":"","ast-main-header-display":"","ast-hfb-above-header-display":"","ast-hfb-below-header-display":"","ast-hfb-mobile-header-display":"","site-post-title":"","ast-breadcrumbs-content":"","ast-featured-img":"","footer-sml-layout":"","theme-transparent-header-meta":"default","adv-header-id-meta":"","stick-header-meta":"","header-above-stick-meta":"","header-main-stick-meta":"","header-below-stick-meta":""},"categories":[758],"tags":[],"acf":[],"_links":{"self":[{"href":"https:\/\/www.cnbb.org.br\/cnbb-app\/wp\/v2\/posts\/989350"}],"collection":[{"href":"https:\/\/www.cnbb.org.br\/cnbb-app\/wp\/v2\/posts"}],"about":[{"href":"https:\/\/www.cnbb.org.br\/cnbb-app\/wp\/v2\/types\/post"}],"author":[{"embeddable":true,"href":"https:\/\/www.cnbb.org.br\/cnbb-app\/wp\/v2\/users\/23"}],"replies":[{"embeddable":true,"href":"https:\/\/www.cnbb.org.br\/cnbb-app\/wp\/v2\/comments?post=989350"}],"version-history":[{"count":2,"href":"https:\/\/www.cnbb.org.br\/cnbb-app\/wp\/v2\/posts\/989350\/revisions"}],"predecessor-version":[{"id":989352,"href":"https:\/\/www.cnbb.org.br\/cnbb-app\/wp\/v2\/posts\/989350\/revisions\/989352"}],"wp:attachment":[{"href":"https:\/\/www.cnbb.org.br\/cnbb-app\/wp\/v2\/media?parent=989350"}],"wp:term":[{"taxonomy":"category","embeddable":true,"href":"https:\/\/www.cnbb.org.br\/cnbb-app\/wp\/v2\/categories?post=989350"},{"taxonomy":"post_tag","embeddable":true,"href":"https:\/\/www.cnbb.org.br\/cnbb-app\/wp\/v2\/tags?post=989350"}],"curies":[{"name":"wp","href":"https:\/\/api.w.org\/{rel}","templated":true}]}}