{"id":989397,"date":"2025-09-29T13:20:06","date_gmt":"2025-09-29T16:20:06","guid":{"rendered":"https:\/\/www.cnbb.org.br\/?p=989397"},"modified":"2025-09-29T13:25:11","modified_gmt":"2025-09-29T16:25:11","slug":"fe-servico-e-gratidao","status":"publish","type":"post","link":"https:\/\/www.cnbb.org.br\/fe-servico-e-gratidao\/","title":{"rendered":"F\u00e9, servi\u00e7o e gratid\u00e3o\u00a0"},"content":{"rendered":"<div style=\"text-align: right;\"><strong>Dom Antonio Carlos Rossi Keller<\/strong><\/div>\n<p style=\"text-align: right;\"><strong>Bispo de Frederico Westphalen (RS)<\/strong><\/p>\n<p style=\"text-align: justify;\"><span data-ccp-props=\"{&quot;201341983&quot;:0,&quot;335551550&quot;:6,&quot;335551620&quot;:6,&quot;335559739&quot;:140,&quot;335559740&quot;:360}\">\u00a0<\/span><\/p>\n<p style=\"text-align: justify;\">A mensagem central deste 27 Domingo do Tempo Comum C pode ser resumida assim: a verdadeira f\u00e9 se expressa no servi\u00e7o fiel e despretensioso, e se fortalece quando reconhecemos, com gratid\u00e3o, a miseric\u00f3rdia de Deus em nossas vidas. Em um mundo marcado pela busca de reconhecimento, produtividade e recompensa imediata, as leituras deste domingo nos desafiam a viver com simplicidade, confian\u00e7a, realizando a\u00e7\u00f5es concretas, buscando mudar um cristianismo de simples ideias e boas inten\u00e7\u00f5es, em uma f\u00e9 comprometida e viva.<\/p>\n<p style=\"text-align: justify;\">Primeira Leitura \u2013 Habacuque 1,2\u20133; 2,2\u20134<\/p>\n<p style=\"text-align: justify;\">O profeta Habacuque clama a Deus diante da injusti\u00e7a e da viol\u00eancia que v\u00ea ao seu redor. Sua pergunta \u00e9 universal: \u201c<i>At\u00e9 quando, Senhor, clamarei sem que me escutes?<\/i>\u201d Deus responde com uma palavra de esperan\u00e7a: \u201c<i>O justo viver\u00e1 por sua fidelidade<\/i>\u201d. A mensagem \u00e9 clara: mesmo diante do sofrimento e da aparente aus\u00eancia de Deus, a f\u00e9 n\u00e3o se baseia em sentimentos ou em resultados imediatos, mas na fidelidade cont\u00ednua \u00e0 alian\u00e7a com o Senhor. A justi\u00e7a divina se revela no tempo certo, e o justo \u00e9 aquele que permanece firme, mesmo na escurid\u00e3o.<\/p>\n<p style=\"text-align: justify;\">Segunda Leitura \u2013 2 Tim\u00f3teo 1,6\u20138.13\u201314<\/p>\n<p style=\"text-align: justify;\">Nesta passagem, Paulo exorta Tim\u00f3teo a reacender o dom de Deus que est\u00e1 nele \u2014 o dom da f\u00e9 e do minist\u00e9rio. Ele o encoraja a n\u00e3o ter vergonha do testemunho de Cristo, mesmo diante das persegui\u00e7\u00f5es. A f\u00e9 n\u00e3o \u00e9 um sentimento passivo, mas um fogo que deve ser mantido aceso atrav\u00e9s da coragem, da mem\u00f3ria das verdades recebidas e da guarda do \u201cdep\u00f3sito\u201d da f\u00e9. Paulo nos lembra que a f\u00e9 \u00e9 um dom que deve ser cultivado, protegido e vivido com integridade.<\/p>\n<p style=\"text-align: justify;\">Evangelho \u2013 Lucas 17,5\u201310<\/p>\n<p style=\"text-align: justify;\">Jesus responde ao pedido dos disc\u00edpulos: \u201c<i>Aumenta a nossa f\u00e9!<\/i>\u201d. Sua resposta \u00e9 surpreendente: mesmo uma f\u00e9 do tamanho de uma semente de mostarda pode mover montanhas. Mas, em seguida, Jesus oferece uma par\u00e1bola sobre o servo que, ap\u00f3s cumprir suas tarefas, n\u00e3o espera elogios \u2014 apenas cumpre seu dever. A li\u00e7\u00e3o \u00e9 profunda: a f\u00e9 aut\u00eantica n\u00e3o busca reconhecimento nem recompensa; ela se expressa no servi\u00e7o cotidiano, feito com simplicidade e fidelidade. O disc\u00edpulo n\u00e3o \u00e9 \u201c<i>mais que um servo<\/i>\u201d; \u00e9 algu\u00e9m que faz o que lhe \u00e9 devido, sem pretens\u00f5es.<\/p>\n<p style=\"text-align: justify;\">Indica\u00e7\u00f5es Pr\u00e1ticas para Viver a Mensagem do Domingo<\/p>\n<p>Cultivar a f\u00e9 no cotidiano<\/p>\n<p style=\"text-align: justify;\">A f\u00e9 n\u00e3o depende de grandes gestos, mas da const\u00e2ncia nas pequenas coisas: orar diariamente, mesmo quando n\u00e3o sentimos nada; ser honesto no trabalho; tratar os outros com respeito, mesmo quando ningu\u00e9m est\u00e1 olhando. \u00c9 importante, j\u00e1 desde o in\u00edcio de cada dia, que pe\u00e7amos ao Senhor que reacenda em em n\u00f3s o dom da f\u00e9.<\/p>\n<p>Servir sem esperar recompensa<\/p>\n<p style=\"text-align: justify;\">Procuremos sempre oportunidades de ajudar os outros sem buscar elogios ou reconhecimento. Ofere\u00e7amos nosso tempo, nossa escuta, nossa presen\u00e7a \u2014 n\u00e3o por obriga\u00e7\u00e3o, mas como resposta de amor a Deus. Lembremo-nos: o servi\u00e7o \u00e9 fruto da f\u00e9, n\u00e3o moeda de troca para ganhar m\u00e9ritos.<\/p>\n<p>Praticar a gratid\u00e3o<\/p>\n<p style=\"text-align: justify;\">Ao final de cada dia, nunca esque\u00e7amos de fazer um breve exame de consci\u00eancia agradecendo a Deus pelas b\u00ean\u00e7\u00e3os recebidas \u2014 inclusive pelas prova\u00e7\u00f5es, que tamb\u00e9m s\u00e3o caminhos de crescimento. A gratid\u00e3o abre o cora\u00e7\u00e3o para reconhecer a presen\u00e7a de Deus na vida ordin\u00e1ria.<\/p>\n<p>Manter viva a chama da esperan\u00e7a<\/p>\n<p style=\"text-align: justify;\">Diante das injusti\u00e7as e dificuldades do mundo, nunca devemos nos deixar levar pelo des\u00e2nimo. Como Habacuque, \u00e9 importante dialogar com Deus na ora\u00e7\u00e3o, buscando permanecer fi\u00e9is. A justi\u00e7a de Deus se realiza no seu tempo, e nossa fidelidade \u00e9 parte dessa hist\u00f3ria.<\/p>\n<p>Testemunhar com coragem<\/p>\n<p style=\"text-align: justify;\">Assim como Tim\u00f3teo foi encorajado a n\u00e3o ter vergonha do Evangelho, n\u00f3s tamb\u00e9m somos chamados a viver nossa f\u00e9 com autenticidade \u2014 na fam\u00edlia, no trabalho, nas redes sociais. N\u00e3o se trata de impor ideias, mas de irradiar a luz de Cristo com a nossa pr\u00f3pria vida.<\/p>\n<p style=\"text-align: justify;\">Conclus\u00e3o<\/p>\n<p style=\"text-align: justify;\">O 27\u00ba Domingo do Tempo Comum nos convida a uma f\u00e9 madura, que n\u00e3o busca milagres espetaculares, mas se alimenta da fidelidade cotidiana. \u00c9 uma f\u00e9 que serve sem alarde, que espera com paci\u00eancia e que agradece com humildade. Que possamos, nesta semana, ser servos fi\u00e9is \u2014 n\u00e3o por obriga\u00e7\u00e3o, mas por amor \u2014 e, assim, tornar vis\u00edvel o Reino de Deus no mundo de hoje.<\/p>\n","protected":false},"excerpt":{"rendered":"<p>Dom Antonio Carlos Rossi Keller Bispo de Frederico Westphalen (RS) \u00a0 A mensagem central deste 27 Domingo do Tempo Comum C pode ser resumida assim: a verdadeira f\u00e9 se expressa no servi\u00e7o fiel e despretensioso, e se fortalece quando reconhecemos, com gratid\u00e3o, a miseric\u00f3rdia de Deus em nossas vidas. Em um mundo marcado pela busca &hellip;<\/p>\n<p class=\"read-more\"> <a class=\"\" href=\"https:\/\/www.cnbb.org.br\/fe-servico-e-gratidao\/\"> <span class=\"screen-reader-text\">F\u00e9, servi\u00e7o e gratid\u00e3o\u00a0<\/span> Leia mais &raquo;<\/a><\/p>\n","protected":false},"author":1821,"featured_media":0,"comment_status":"closed","ping_status":"closed","sticky":false,"template":"","format":"standard","meta":{"site-sidebar-layout":"default","site-content-layout":"default","ast-global-header-display":"","ast-banner-title-visibility":"","ast-main-header-display":"","ast-hfb-above-header-display":"","ast-hfb-below-header-display":"","ast-hfb-mobile-header-display":"","site-post-title":"","ast-breadcrumbs-content":"","ast-featured-img":"","footer-sml-layout":"","theme-transparent-header-meta":"default","adv-header-id-meta":"","stick-header-meta":"","header-above-stick-meta":"","header-main-stick-meta":"","header-below-stick-meta":""},"categories":[758],"tags":[],"acf":[],"_links":{"self":[{"href":"https:\/\/www.cnbb.org.br\/cnbb-app\/wp\/v2\/posts\/989397"}],"collection":[{"href":"https:\/\/www.cnbb.org.br\/cnbb-app\/wp\/v2\/posts"}],"about":[{"href":"https:\/\/www.cnbb.org.br\/cnbb-app\/wp\/v2\/types\/post"}],"author":[{"embeddable":true,"href":"https:\/\/www.cnbb.org.br\/cnbb-app\/wp\/v2\/users\/1821"}],"replies":[{"embeddable":true,"href":"https:\/\/www.cnbb.org.br\/cnbb-app\/wp\/v2\/comments?post=989397"}],"version-history":[{"count":2,"href":"https:\/\/www.cnbb.org.br\/cnbb-app\/wp\/v2\/posts\/989397\/revisions"}],"predecessor-version":[{"id":989399,"href":"https:\/\/www.cnbb.org.br\/cnbb-app\/wp\/v2\/posts\/989397\/revisions\/989399"}],"wp:attachment":[{"href":"https:\/\/www.cnbb.org.br\/cnbb-app\/wp\/v2\/media?parent=989397"}],"wp:term":[{"taxonomy":"category","embeddable":true,"href":"https:\/\/www.cnbb.org.br\/cnbb-app\/wp\/v2\/categories?post=989397"},{"taxonomy":"post_tag","embeddable":true,"href":"https:\/\/www.cnbb.org.br\/cnbb-app\/wp\/v2\/tags?post=989397"}],"curies":[{"name":"wp","href":"https:\/\/api.w.org\/{rel}","templated":true}]}}