{"id":989491,"date":"2025-10-01T09:27:58","date_gmt":"2025-10-01T12:27:58","guid":{"rendered":"https:\/\/www.cnbb.org.br\/?p=989491"},"modified":"2025-10-01T09:29:37","modified_gmt":"2025-10-01T12:29:37","slug":"papa-leao-xiv-em-oracao-pede-uniao-entre-as-religioes-em-um-mundo-ferido-por-conflitos","status":"publish","type":"post","link":"https:\/\/www.cnbb.org.br\/papa-leao-xiv-em-oracao-pede-uniao-entre-as-religioes-em-um-mundo-ferido-por-conflitos\/","title":{"rendered":"Papa Le\u00e3o XIV, em ora\u00e7\u00e3o, pede uni\u00e3o entre as religi\u00f5es em um mundo ferido por conflitos"},"content":{"rendered":"<p style=\"text-align: justify;\">No v\u00eddeo de inten\u00e7\u00e3o de ora\u00e7\u00e3o de outubro, Le\u00e3o XIV pede para rezarmos juntos &#8220;para que os crentes de diferentes tradi\u00e7\u00f5es religiosas trabalhem juntos para defender e promover a paz, a justi\u00e7a e a fraternidade humana&#8221;. As religi\u00f5es precisam ser &#8220;fermento de unidade em um mundo fragmentado&#8221;, marcado por tantos conflitos e polariza\u00e7\u00f5es, diz Le\u00e3o XIV ao convidar os que creem a buscar o que nos une e justamente no m\u00eas em que se celebra o anivers\u00e1rio de 60 anos do documento conciliar Nostra aetate.<\/p>\n<blockquote>\n<p style=\"text-align: justify;\">\u201cRezemos para que as pessoas de diferentes tradi\u00e7\u00f5es religiosas trabalhem juntas para defender e promover a paz, a justi\u00e7a e a fraternidade humana.\u201d<\/p>\n<\/blockquote>\n<p style=\"text-align: justify;\">Assim come\u00e7a Le\u00e3o XIV na mensagem em v\u00eddeo com a inten\u00e7\u00e3o de ora\u00e7\u00e3o para outubro que o Pont\u00edfice confia \u00e0 Igreja Cat\u00f3lica atrav\u00e9s da Rede Mundial de Ora\u00e7\u00e3o do Papa. As religi\u00f5es, continua ele, n\u00e3o devem ser usadas como \u201carma ou muro\u201d, mas precisam ser vividas como \u201cponte e profecia\u201d, sendo &#8220;fermento de unidade em um mundo fragmentado&#8221;. Em um tempo marcado por tantos conflitos e polariza\u00e7\u00f5es, Le\u00e3o XIV convida todos os que creem a buscar o que nos une e justamente no m\u00eas em que se celebra o anivers\u00e1rio de 60 anos do documento conciliar Nostra aetate.<\/p>\n<p style=\"text-align: justify;\">A proposta do v\u00eddeo, que traz uma ora\u00e7\u00e3o lida pelo Papa, tamb\u00e9m nasce em uma \u00e9poca em que a religi\u00e3o, tantas vezes, \u00e9 usada pela l\u00f3gica da contraposi\u00e7\u00e3o. E o Le\u00e3o XIV, ao contr\u00e1rio, convida a redescobri-la como ponte de fraternidade e for\u00e7a de reconcilia\u00e7\u00e3o. O sentido profundo da ora\u00e7\u00e3o \u00e9 que a colabora\u00e7\u00e3o entre os que creem n\u00e3o se esgota em uma tarefa apenas de te\u00f3logos e expertos, mas se nutre no compromisso concreto e di\u00e1rio que diz respeito a cada um de n\u00f3s.<\/p>\n<p style=\"text-align: justify;\">V\u00e1rios exemplos concretos s\u00e3o contados no v\u00eddeo, atrav\u00e9s das imagens, que entrela\u00e7am momentos \u201cdo alto\u201d e iniciativas \u201cde baixo\u201d. De um lado, o desenrolar hist\u00f3rico do caminho inter-religioso: o encontro hist\u00f3rico promovido por Jo\u00e3o Paulo II em Assis, em 1986; a visita de Bento XVI \u00e0 Sinagoga de Roma, em 2010; a assinatura do Documento sobre a Fraternidade Humana em Abu Dhabi, em 2019, no pontificado do Papa Francisco; at\u00e9 aos mais recentes encontros ecum\u00eanicos do Papa Le\u00e3o XIV, no Vaticano. De outro lado, por\u00e9m, a inten\u00e7\u00e3o de ora\u00e7\u00e3o deste m\u00eas recorda que o di\u00e1logo inter-religioso n\u00e3o se esgota nos encontros entre l\u00edderes: as imagens do v\u00eddeo lan\u00e7am luz \u00e0s experi\u00eancias promovidas seja em n\u00edvel local ou em \u00e2mbito eclesial, como o encontro inter-religioso organizado em Singapura, em abril deste ano, pela C\u00e1ritas e a arquidiocese, por ocasi\u00e3o da Jornada da Terra, ou como o evento \u201cOne Human Family\u201d promovido pelo Movimento Focolares entre maio e junho de 2024. S\u00e3o dois sinais recentes e concretos de um di\u00e1logo que promove proximidade, fidelidade e coopera\u00e7\u00e3o cotidiana.<\/p>\n<h3 style=\"text-align: justify;\">Nostra aetate, 60 anos de frutos<\/h3>\n<p style=\"text-align: justify;\">Essa inten\u00e7\u00e3o de ora\u00e7\u00e3o est\u00e1 no horizonte das celebra\u00e7\u00f5es do anivers\u00e1rio de 60 anos da Nostra aetate, a declara\u00e7\u00e3o do Conc\u00edlio Vaticano II que trasformou o relacionamento da Igreja cat\u00f3lica com as demais religi\u00f5es, abrindo caminhos de di\u00e1logo, respeito e colabora\u00e7\u00e3o. H\u00e1 dez anos, no anivers\u00e1rio de 50 anos do documento, o Papa Francisco destacou a sua atualidade, recordando que a via do di\u00e1logo requer conhecimento, respeito e estima rec\u00edprocas, e que o mundo olha aos que creem pedindo respostas eficazes para a paz, a fome, a pobreza, as crises ambientais e a viol\u00eancia, sobretudo aquela praticada em nome da religi\u00e3o. Naquele contexto, o Papa real\u00e7ou tamb\u00e9m que os que creem n\u00e3o t\u00eam \u201creceita\u201d para todos os problemas, mas possuem uma grande reserva: a ora\u00e7\u00e3o, que \u00e9 o tesouro ao qual recorremos conforme as respectivas tradi\u00e7\u00f5es.<\/p>\n<h3 style=\"text-align: justify;\">A ora\u00e7\u00e3o de Le\u00e3o XIV no v\u00eddeo de outubro<\/h3>\n<blockquote>\n<p style=\"text-align: justify;\">Senhor Jesus,<br \/>\nTu, que na diversidade \u00e9s um s\u00f3<br \/>\ne olhas com amor para cada pessoa,<br \/>\najuda-nos a nos reconhecermos como irm\u00e3os e irm\u00e3s,<br \/>\nchamados a viver, rezar, trabalhar e sonhar juntos.<\/p>\n<p style=\"text-align: justify;\">Vivemos em um mundo cheio de beleza,<br \/>\nmas tamb\u00e9m ferido por profundas divis\u00f5es.<br \/>\n\u00c0s vezes, as religi\u00f5es, em vez de nos unirem,<br \/>\ntornam-se causa de confronto.<\/p>\n<p style=\"text-align: justify;\">D\u00e1-nos o teu Esp\u00edrito para purificar os nossos cora\u00e7\u00f5es,<br \/>\npara que possamos reconhecer o que nos une<br \/>\ne, a partir da\u00ed, aprender novamente a escutar<br \/>\ne a colaborar sem destruir.<\/p>\n<p style=\"text-align: justify;\">Que os exemplos concretos de paz,<br \/>\njusti\u00e7a e fraternidade nas religi\u00f5es<br \/>\nnos inspirem a acreditar que \u00e9 poss\u00edvel viver<br \/>\ne trabalhar juntos, para al\u00e9m das nossas diferen\u00e7as.<\/p>\n<p style=\"text-align: justify;\">Que as religi\u00f5es n\u00e3o sejam usadas como armas ou muros,<br \/>\nmas vividas como pontes e profecia:<br \/>\ntornando poss\u00edvel o sonho do bem comum,<br \/>\nacompanhando a vida, sustentando a esperan\u00e7a<br \/>\ne sendo fermento da unidade em um mundo fragmentado.<\/p>\n<p style=\"text-align: justify;\">Am\u00e9m.<\/p>\n<\/blockquote>\n<h3 style=\"text-align: justify;\">Um compromisso cont\u00ednuo<\/h3>\n<p style=\"text-align: justify;\">\u201cA tem\u00e1tica do di\u00e1logo interreligioso est\u00e1 presennte de modo significativo e recorrente nas inten\u00e7\u00f5es de ora\u00e7\u00e3o dos Papas\u201d, lembra o Pe. Crist\u00f3bal Fones, diretor internacional da Rede Mundial de Ora\u00e7\u00e3o do Papa, recordando que \u201cisso aconteceu muitas vezes, nos anos precedentes, durante o m\u00eas de janeiro, coincidindo com a Jornada Mundial da Paz. Em 2016, por exempio, se rezou para que \u2018o di\u00e1logo sincero entre homens e mulheres das diferentes religi\u00f5es produza frutos de paz e de justi\u00e7a\u2019; em 2020, \u2018para que os crist\u00e3os, os que seguem outras religi\u00f5es e as pessoas de boa vontade promovam a paz e a justi\u00e7a no mundo\u2019; em 2021, \u2018para que o Senhor nos d\u00ea a gra\u00e7a de viver em plena fraternidade com os irm\u00e3os e as irm\u00e3s de outras religi\u00f5es, rezando uns pelos outros, abertos a todos\u2019. A inten\u00e7\u00e3o de outubro de 2025 se insere tamb\u00e9m neste percurso, o testemunho de um caminho \u2013 o do di\u00e1logo \u2013 que est\u00e1 presente no cora\u00e7\u00e3o dos Pont\u00edfices\u201d.<\/p>\n<p style=\"text-align: justify;\">\u201cOs encontros entre l\u00edderes das v\u00e1rias religi\u00f5es \u2013 continua Pe. Fones \u2013 d\u00e3o sempre Ibope, como \u00e9 justo que seja, por que d\u00e3o esperan\u00e7a num momento em que a tenta\u00e7\u00e3o do confronto arrisca comprometer a necessidade do encontro. Mas a ora\u00e7\u00e3o lida neste m\u00eas pelo Papa Le\u00e3o XIV nos diz que a colabora\u00e7\u00e3o se constr\u00f3i tamb\u00e9m quando n\u00e3o d\u00e1 Ibope, ou seja na vida vivida todos os dias: conhecer-se e respeitar-se, aprender uns dos outros, rezar juntos pela humanidade, defender e promover a paz nos lugares em que vivemos. S\u00e3o estilos de vida cotidiana que todos podemos escolher: buscar o que nos une e trabalhar pelo bem comum, juntamente com irm\u00e3os e irm\u00e3s que professam uma f\u00e9 diferente. Assim os que creem se tornam artes\u00e3os de paz e de fraternidade\u201d.<\/p>\n<p style=\"text-align: justify;\">Recordamos finalmente que, no contexto do Ano Santo 2025, o V\u00eddeo do Papa adquire uma import\u00e2ncia particular, porque nos faz conhecer as inten\u00e7\u00f5es de ora\u00e7\u00e3o que o Santo Padre carrega no seu cora\u00e7\u00e3o. Para obter a gra\u00e7a da indulg\u00eancia jubilar, voc\u00ea poder\u00e1 rezar por estas inten\u00e7\u00f5es.<\/p>\n<div class=\"ast-oembed-container\" style=\"height: 100%;\"><iframe loading=\"lazy\" title=\"Pela colabora\u00e7\u00e3o entre as diferentes tradi\u00e7\u00f5es religiosas - O V\u00eddeo do Papa \u2013 Outubro de 2025\" width=\"500\" height=\"281\" src=\"https:\/\/www.youtube.com\/embed\/TsnelqJNY7Y?feature=oembed\" frameborder=\"0\" allow=\"accelerometer; autoplay; clipboard-write; encrypted-media; gyroscope; picture-in-picture; web-share\" referrerpolicy=\"strict-origin-when-cross-origin\" allowfullscreen><\/iframe><\/div>\n<p>&nbsp;<\/p>\n<p>&nbsp;<\/p>\n<pre>Por <a href=\"https:\/\/www.vaticannews.va\/pt\/papa\/news\/2025-09\/papa-leao-xiv-video-intencao-oracao-outubro-dialogo-pela-paz-25.html\" target=\"_blank\" rel=\"noopener\">Andressa Collet<\/a> - Vatican News<\/pre>\n","protected":false},"excerpt":{"rendered":"<p>No v\u00eddeo de inten\u00e7\u00e3o de ora\u00e7\u00e3o de outubro, Le\u00e3o XIV pede para rezarmos juntos &#8220;para que os crentes de diferentes tradi\u00e7\u00f5es religiosas trabalhem juntos para defender e promover a paz, a justi\u00e7a e a fraternidade humana&#8221;. A proposta do v\u00eddeo tamb\u00e9m nasce em uma \u00e9poca em que a religi\u00e3o, tantas vezes, \u00e9 usada pela l\u00f3gica da contraposi\u00e7\u00e3o<\/p>\n","protected":false},"author":141,"featured_media":989496,"comment_status":"closed","ping_status":"closed","sticky":false,"template":"","format":"standard","meta":{"site-sidebar-layout":"default","site-content-layout":"default","ast-global-header-display":"","ast-banner-title-visibility":"","ast-main-header-display":"","ast-hfb-above-header-display":"","ast-hfb-below-header-display":"","ast-hfb-mobile-header-display":"","site-post-title":"","ast-breadcrumbs-content":"","ast-featured-img":"","footer-sml-layout":"","theme-transparent-header-meta":"default","adv-header-id-meta":"","stick-header-meta":"","header-above-stick-meta":"","header-main-stick-meta":"","header-below-stick-meta":""},"categories":[50,1851],"tags":[1894],"acf":[],"_links":{"self":[{"href":"https:\/\/www.cnbb.org.br\/cnbb-app\/wp\/v2\/posts\/989491"}],"collection":[{"href":"https:\/\/www.cnbb.org.br\/cnbb-app\/wp\/v2\/posts"}],"about":[{"href":"https:\/\/www.cnbb.org.br\/cnbb-app\/wp\/v2\/types\/post"}],"author":[{"embeddable":true,"href":"https:\/\/www.cnbb.org.br\/cnbb-app\/wp\/v2\/users\/141"}],"replies":[{"embeddable":true,"href":"https:\/\/www.cnbb.org.br\/cnbb-app\/wp\/v2\/comments?post=989491"}],"version-history":[{"count":6,"href":"https:\/\/www.cnbb.org.br\/cnbb-app\/wp\/v2\/posts\/989491\/revisions"}],"predecessor-version":[{"id":989500,"href":"https:\/\/www.cnbb.org.br\/cnbb-app\/wp\/v2\/posts\/989491\/revisions\/989500"}],"wp:featuredmedia":[{"embeddable":true,"href":"https:\/\/www.cnbb.org.br\/cnbb-app\/wp\/v2\/media\/989496"}],"wp:attachment":[{"href":"https:\/\/www.cnbb.org.br\/cnbb-app\/wp\/v2\/media?parent=989491"}],"wp:term":[{"taxonomy":"category","embeddable":true,"href":"https:\/\/www.cnbb.org.br\/cnbb-app\/wp\/v2\/categories?post=989491"},{"taxonomy":"post_tag","embeddable":true,"href":"https:\/\/www.cnbb.org.br\/cnbb-app\/wp\/v2\/tags?post=989491"}],"curies":[{"name":"wp","href":"https:\/\/api.w.org\/{rel}","templated":true}]}}