{"id":989550,"date":"2025-10-02T12:02:21","date_gmt":"2025-10-02T15:02:21","guid":{"rendered":"https:\/\/www.cnbb.org.br\/?p=989550"},"modified":"2025-10-02T12:03:57","modified_gmt":"2025-10-02T15:03:57","slug":"compaixao-caminho-para-a-proximidade","status":"publish","type":"post","link":"https:\/\/www.cnbb.org.br\/compaixao-caminho-para-a-proximidade\/","title":{"rendered":"Compaix\u00e3o: caminho para a proximidade\u00a0"},"content":{"rendered":"<p style=\"text-align: right;\"><span data-ccp-props=\"{&quot;201341983&quot;:0,&quot;335551550&quot;:3,&quot;335551620&quot;:3,&quot;335559740&quot;:360}\"><strong>Dom Luiz Fernando Lisboa<\/strong><br \/>\n<strong>Arcebispo de Cachoeiro de Itapemirim (ES)<\/strong><br \/>\n<\/span><\/p>\n<p style=\"text-align: justify;\"><span data-ccp-props=\"{&quot;201341983&quot;:0,&quot;335551550&quot;:6,&quot;335551620&quot;:6,&quot;335559731&quot;:708,&quot;335559740&quot;:360,&quot;335559797&quot;:0}\">\u00a0<\/span><\/p>\n<p style=\"text-align: justify;\"><span data-contrast=\"auto\">No dia 3 de outubro de 2020, o Papa Francisco nos presenteou com a enc\u00edclica Fratelli Tutti. Um texto profundamente atual e necess\u00e1rio, que nasceu em meio \u00e0s dores de um mundo ferido pela pandemia, pelas guerras e pelas desigualdades. Nesse documento, o Santo Padre nos recorda algo essencial: a compaix\u00e3o n\u00e3o \u00e9 um sentimento fr\u00e1gil ou passageiro, mas um modo de vida, capaz de curar feridas e renovar v\u00ednculos.<\/span><span data-ccp-props=\"{&quot;201341983&quot;:0,&quot;335551550&quot;:6,&quot;335551620&quot;:6,&quot;335559731&quot;:708,&quot;335559740&quot;:360,&quot;335559797&quot;:0}\">\u00a0<\/span><\/p>\n<p style=\"text-align: justify;\"><span data-contrast=\"auto\">Francisco afirma: \u201cA compaix\u00e3o \u00e9 a melhor forma de aproximar-se de quem sofre\u201d (FT 67). Essa afirma\u00e7\u00e3o toca diretamente o cora\u00e7\u00e3o do Evangelho. Aproximar-se de quem sofre n\u00e3o significa apenas sentir pena ou oferecer palavras, mas assumir a dor do outro como parte da pr\u00f3pria vida, como fez o bom samaritano. Ele n\u00e3o desviou o olhar, n\u00e3o encontrou desculpas para passar adiante, mas parou, cuidou e se comprometeu. Isto \u00e9 compaix\u00e3o!<\/span><span data-ccp-props=\"{&quot;201341983&quot;:0,&quot;335551550&quot;:6,&quot;335551620&quot;:6,&quot;335559731&quot;:708,&quot;335559740&quot;:360,&quot;335559797&quot;:0}\">\u00a0<\/span><\/p>\n<p style=\"text-align: justify;\"><span data-contrast=\"auto\">A compaix\u00e3o \u00e9 a linguagem e a atitude do pr\u00f3prio Cristo. Foi ela que moveu Jesus diante das multid\u00f5es cansadas e famintas, que o fez estender a m\u00e3o aos doentes, perdoar os pecadores e chorar diante da dor de seus amigos. No cora\u00e7\u00e3o do Evangelho, compaix\u00e3o e proximidade s\u00e3o insepar\u00e1veis.<\/span><span data-ccp-props=\"{&quot;201341983&quot;:0,&quot;335551550&quot;:6,&quot;335551620&quot;:6,&quot;335559731&quot;:708,&quot;335559740&quot;:360,&quot;335559797&quot;:0}\">\u00a0<\/span><\/p>\n<p style=\"text-align: justify;\"><span data-contrast=\"auto\">Nos dias de hoje, quando a pressa, a indiferen\u00e7a e at\u00e9 mesmo a indiferen\u00e7a digital anestesiam nosso olhar, a palavra do Papa ressoa como alerta e como luz. \u00c9 preciso recuperar a sensibilidade para enxergar os que sofrem: fam\u00edlias sem p\u00e3o, jovens sem perspectivas, migrantes rejeitados, v\u00edtimas da viol\u00eancia e da exclus\u00e3o. A compaix\u00e3o nos lembra que a dor deles n\u00e3o \u00e9 distante, mas parte da nossa pr\u00f3pria hist\u00f3ria.<\/span><span data-ccp-props=\"{&quot;201341983&quot;:0,&quot;335551550&quot;:6,&quot;335551620&quot;:6,&quot;335559731&quot;:708,&quot;335559740&quot;:360,&quot;335559797&quot;:0}\">\u00a0<\/span><\/p>\n<p style=\"text-align: justify;\"><span data-contrast=\"auto\">Quem se deixa conduzir pela f\u00e9 sabe que o encontro com Cristo passa necessariamente pelo encontro com os crucificados de hoje. Aproximar-se deles \u00e9 aproximar-se do pr\u00f3prio Senhor.<\/span><span data-ccp-props=\"{&quot;201341983&quot;:0,&quot;335551550&quot;:6,&quot;335551620&quot;:6,&quot;335559731&quot;:708,&quot;335559740&quot;:360,&quot;335559797&quot;:0}\">\u00a0<\/span><\/p>\n<p><span class=\"TextRun SCXW107992847 BCX8\" lang=\"EN-US\" xml:lang=\"EN-US\" data-contrast=\"auto\"><span class=\"NormalTextRun SCXW107992847 BCX8\">Que Maria, <\/span><span class=\"NormalTextRun SpellingErrorV2Themed SCXW107992847 BCX8\">M\u00e3e<\/span><span class=\"NormalTextRun SCXW107992847 BCX8\"> da <\/span><span class=\"NormalTextRun SpellingErrorV2Themed SCXW107992847 BCX8\">Compaix\u00e3o<\/span><span class=\"NormalTextRun SCXW107992847 BCX8\">, <\/span><span class=\"NormalTextRun SpellingErrorV2Themed SCXW107992847 BCX8\">nos<\/span> <span class=\"NormalTextRun SpellingErrorV2Themed SCXW107992847 BCX8\">ajude<\/span><span class=\"NormalTextRun SCXW107992847 BCX8\"> a <\/span><span class=\"NormalTextRun SpellingErrorV2Themed SCXW107992847 BCX8\">manter<\/span> <span class=\"NormalTextRun SpellingErrorV2Themed SCXW107992847 BCX8\">os<\/span> <span class=\"NormalTextRun SpellingErrorV2Themed SCXW107992847 BCX8\">olhos<\/span> <span class=\"NormalTextRun SpellingErrorV2Themed SCXW107992847 BCX8\">atentos<\/span><span class=\"NormalTextRun SCXW107992847 BCX8\"> e o <\/span><span class=\"NormalTextRun SpellingErrorV2Themed SCXW107992847 BCX8\">cora\u00e7\u00e3o<\/span> <span class=\"NormalTextRun SpellingErrorV2Themed SCXW107992847 BCX8\">sens\u00edvel<\/span><span class=\"NormalTextRun SCXW107992847 BCX8\">, para <\/span><span class=\"NormalTextRun SpellingErrorV2Themed SCXW107992847 BCX8\">que<\/span> <span class=\"NormalTextRun SpellingErrorV2Themed SCXW107992847 BCX8\">nunca<\/span> <span class=\"NormalTextRun SpellingErrorV2Themed SCXW107992847 BCX8\">falte<\/span> <span class=\"NormalTextRun SpellingErrorV2Themed SCXW107992847 BCX8\">em<\/span> <span class=\"NormalTextRun SpellingErrorV2Themed SCXW107992847 BCX8\">nosso<\/span> <span class=\"NormalTextRun SpellingErrorV2Themed SCXW107992847 BCX8\">meio<\/span><span class=\"NormalTextRun SCXW107992847 BCX8\"> a <\/span><span class=\"NormalTextRun SpellingErrorV2Themed SCXW107992847 BCX8\">presen\u00e7a<\/span><span class=\"NormalTextRun SCXW107992847 BCX8\"> viva da <\/span><span class=\"NormalTextRun SpellingErrorV2Themed SCXW107992847 BCX8\">ternura<\/span><span class=\"NormalTextRun SCXW107992847 BCX8\"> de Deus.<\/span><\/span><span class=\"EOP SCXW107992847 BCX8\" data-ccp-props=\"{&quot;201341983&quot;:0,&quot;335551550&quot;:6,&quot;335551620&quot;:6,&quot;335559731&quot;:708,&quot;335559740&quot;:360,&quot;335559797&quot;:0}\">\u00a0<\/span><\/p>\n","protected":false},"excerpt":{"rendered":"<p>Dom Luiz Fernando Lisboa Arcebispo de Cachoeiro de Itapemirim (ES) \u00a0 No dia 3 de outubro de 2020, o Papa Francisco nos presenteou com a enc\u00edclica Fratelli Tutti. Um texto profundamente atual e necess\u00e1rio, que nasceu em meio \u00e0s dores de um mundo ferido pela pandemia, pelas guerras e pelas desigualdades. Nesse documento, o Santo &hellip;<\/p>\n<p class=\"read-more\"> <a class=\"\" href=\"https:\/\/www.cnbb.org.br\/compaixao-caminho-para-a-proximidade\/\"> <span class=\"screen-reader-text\">Compaix\u00e3o: caminho para a proximidade\u00a0<\/span> Leia mais &raquo;<\/a><\/p>\n","protected":false},"author":145,"featured_media":0,"comment_status":"closed","ping_status":"closed","sticky":false,"template":"","format":"standard","meta":{"site-sidebar-layout":"default","site-content-layout":"default","ast-global-header-display":"","ast-banner-title-visibility":"","ast-main-header-display":"","ast-hfb-above-header-display":"","ast-hfb-below-header-display":"","ast-hfb-mobile-header-display":"","site-post-title":"","ast-breadcrumbs-content":"","ast-featured-img":"","footer-sml-layout":"","theme-transparent-header-meta":"default","adv-header-id-meta":"","stick-header-meta":"","header-above-stick-meta":"","header-main-stick-meta":"","header-below-stick-meta":""},"categories":[758],"tags":[],"acf":[],"_links":{"self":[{"href":"https:\/\/www.cnbb.org.br\/cnbb-app\/wp\/v2\/posts\/989550"}],"collection":[{"href":"https:\/\/www.cnbb.org.br\/cnbb-app\/wp\/v2\/posts"}],"about":[{"href":"https:\/\/www.cnbb.org.br\/cnbb-app\/wp\/v2\/types\/post"}],"author":[{"embeddable":true,"href":"https:\/\/www.cnbb.org.br\/cnbb-app\/wp\/v2\/users\/145"}],"replies":[{"embeddable":true,"href":"https:\/\/www.cnbb.org.br\/cnbb-app\/wp\/v2\/comments?post=989550"}],"version-history":[{"count":3,"href":"https:\/\/www.cnbb.org.br\/cnbb-app\/wp\/v2\/posts\/989550\/revisions"}],"predecessor-version":[{"id":989553,"href":"https:\/\/www.cnbb.org.br\/cnbb-app\/wp\/v2\/posts\/989550\/revisions\/989553"}],"wp:attachment":[{"href":"https:\/\/www.cnbb.org.br\/cnbb-app\/wp\/v2\/media?parent=989550"}],"wp:term":[{"taxonomy":"category","embeddable":true,"href":"https:\/\/www.cnbb.org.br\/cnbb-app\/wp\/v2\/categories?post=989550"},{"taxonomy":"post_tag","embeddable":true,"href":"https:\/\/www.cnbb.org.br\/cnbb-app\/wp\/v2\/tags?post=989550"}],"curies":[{"name":"wp","href":"https:\/\/api.w.org\/{rel}","templated":true}]}}