{"id":989593,"date":"2025-10-03T13:08:43","date_gmt":"2025-10-03T16:08:43","guid":{"rendered":"https:\/\/www.cnbb.org.br\/?p=989593"},"modified":"2025-10-03T14:11:39","modified_gmt":"2025-10-03T17:11:39","slug":"simposio-internacional-celebra-60o-aniversario-da-declaracao-nostra-aetate-do-concilio-vaticano-ii","status":"publish","type":"post","link":"https:\/\/www.cnbb.org.br\/simposio-internacional-celebra-60o-aniversario-da-declaracao-nostra-aetate-do-concilio-vaticano-ii\/","title":{"rendered":"Simp\u00f3sio internacional e inter-religioso celebra 60\u00ba anivers\u00e1rio da Declara\u00e7\u00e3o Nostra Aetate, do Conc\u00edlio Vaticano II"},"content":{"rendered":"<p style=\"text-align: justify;\">A Comiss\u00e3o para o Ecumenismo e o Di\u00e1logo Inter-religioso da Confer\u00eancia Nacional dos Bispos do Brasil (CNBB), em parceria com a Casa da Reconcilia\u00e7\u00e3o da Arquidiocese de S\u00e3o Paulo, o Regional Sul 1 da CNBB e a Pontif\u00edcia Universidade Cat\u00f3lica de S\u00e3o Paulo (PUC-SP), realiza de 14 a 16 de outubro, um Simp\u00f3sio Internacional e Inter-religioso por ocasi\u00e3o do 60\u00ba anivers\u00e1rio da Declara\u00e7\u00e3o <em data-start=\"463\" data-end=\"478\">Nostra Aetate<\/em>, do Conc\u00edlio Vaticano II.<\/p>\n<p style=\"text-align: justify;\">Ser\u00e1 uma oportunidade \u00fanica de encontro, partilha e testemunho p\u00fablico do compromisso da Igreja com o di\u00e1logo inter-religioso, t\u00e3o necess\u00e1rio no mundo atual.<\/p>\n<blockquote>\n<p style=\"text-align: justify;\">&#8220;Contamos com a presen\u00e7a de todos, bem como com a divulga\u00e7\u00e3o e incentivo \u00e0 participa\u00e7\u00e3o dos coordenadores de pastoral, docentes, estudantes e demais interessados de nossas dioceses e institui\u00e7\u00f5es de ensino&#8221;, afirma a organiza\u00e7\u00e3o.<\/p>\n<\/blockquote>\n<p style=\"text-align: justify;\">A Declara\u00e7\u00e3o Nostra Aetate, promulgada pelo Conc\u00edlio Vaticano II em 1965, representou um marco no di\u00e1logo da Igreja Cat\u00f3lica com as religi\u00f5es n\u00e3o crist\u00e3s e permanece at\u00e9 hoje como fonte de inspira\u00e7\u00e3o para o caminho do respeito, da conviv\u00eancia fraterna e da colabora\u00e7\u00e3o entre povos e tradi\u00e7\u00f5es religiosas. O sexag\u00e9simo anivers\u00e1rio deste importante documento \u00e9 ocasi\u00e3o prop\u00edcia para se aprofundar a reflex\u00e3o, partilhar experi\u00eancias e renovar o\u00a0compromisso com a cultura do encontro.<\/p>\n<h3>Programa\u00e7\u00e3o<\/h3>\n<ul>\n<li style=\"text-align: justify;\">14\/10 \u2013 Manh\u00e3 Acad\u00eamica ( Faculdade de Teologia- PUC-SP, Campus Ipiranga, 8h \u00e0s 11h30)<br \/>\ndestinada a docentes, discentes e lideran\u00e7as religiosas.<\/li>\n<li style=\"text-align: justify;\">14\/10 \u2013 Ato Inter-religioso (TUCA- PUC-SP, 20h \u00e0s 21h30): momento de ora\u00e7\u00e3o e testemunho com diferentes tradi\u00e7\u00f5es religiosas.<\/li>\n<li style=\"text-align: justify;\">15\/10 \u2013 Manh\u00e3 de Conviv\u00eancia e Reflex\u00e3o (Mesquita Brasil, 9h \u00e0s 11h): roda de conversa sobre os frutos da Nostra Aetate, com lideran\u00e7as mu\u00e7ulmanas.<\/li>\n<li style=\"text-align: justify;\">15\/10 \u2013 Noite Cultural (Faculdade Santa Marcelina, 20h \u00e0s 21h30): encontro com lideran\u00e7as<br \/>\nreligiosas e comunidades.<\/li>\n<li style=\"text-align: justify;\">16\/10 \u2013 Manh\u00e3 de Conviv\u00eancia e Reflex\u00e3o (Sinagoga \u2013 Congrega\u00e7\u00e3o Israelita Paulista, 9h \u00e0s<br \/>\n11h): roda de conversa sobre os frutos da Nostra Aetate, com lideran\u00e7as judaicas.<\/li>\n<\/ul>\n<p>&nbsp;<\/p>\n<p>Mais informa\u00e7\u00f5es (<a href=\"https:\/\/osaopaulo.org.br\/sao-paulo\/em-sp-simposio-internacional-e-inter-religioso-recordara-os-60-anos-da-declaracao-nostra-aetate\/\" target=\"_blank\" rel=\"noopener\">aqui<\/a>).<\/p>\n<p>&nbsp;<\/p>\n","protected":false},"excerpt":{"rendered":"<p>A Comiss\u00e3o para o Ecumenismo e o Di\u00e1logo Inter-religioso da CNBB, em parceria com a Casa da Reconcilia\u00e7\u00e3o da Arquidiocese de S\u00e3o Paulo, o Regional Sul 1 da CNBB e a Pontif\u00edcia Universidade Cat\u00f3lica de S\u00e3o Paulo (PUC-SP), realiza de 14 a 16 de outubro, um Simp\u00f3sio Internacional e Inter-religioso por ocasi\u00e3o do 60\u00ba anivers\u00e1rio da Declara\u00e7\u00e3o Nostra Aetate, do Conc\u00edlio Vaticano II<\/p>\n","protected":false},"author":141,"featured_media":989601,"comment_status":"closed","ping_status":"closed","sticky":false,"template":"","format":"standard","meta":{"site-sidebar-layout":"default","site-content-layout":"default","ast-global-header-display":"","ast-banner-title-visibility":"","ast-main-header-display":"","ast-hfb-above-header-display":"","ast-hfb-below-header-display":"","ast-hfb-mobile-header-display":"","site-post-title":"","ast-breadcrumbs-content":"","ast-featured-img":"","footer-sml-layout":"","theme-transparent-header-meta":"default","adv-header-id-meta":"","stick-header-meta":"","header-above-stick-meta":"","header-main-stick-meta":"","header-below-stick-meta":""},"categories":[50,852],"tags":[4923,6185,3456],"acf":[],"_links":{"self":[{"href":"https:\/\/www.cnbb.org.br\/cnbb-app\/wp\/v2\/posts\/989593"}],"collection":[{"href":"https:\/\/www.cnbb.org.br\/cnbb-app\/wp\/v2\/posts"}],"about":[{"href":"https:\/\/www.cnbb.org.br\/cnbb-app\/wp\/v2\/types\/post"}],"author":[{"embeddable":true,"href":"https:\/\/www.cnbb.org.br\/cnbb-app\/wp\/v2\/users\/141"}],"replies":[{"embeddable":true,"href":"https:\/\/www.cnbb.org.br\/cnbb-app\/wp\/v2\/comments?post=989593"}],"version-history":[{"count":17,"href":"https:\/\/www.cnbb.org.br\/cnbb-app\/wp\/v2\/posts\/989593\/revisions"}],"predecessor-version":[{"id":989629,"href":"https:\/\/www.cnbb.org.br\/cnbb-app\/wp\/v2\/posts\/989593\/revisions\/989629"}],"wp:featuredmedia":[{"embeddable":true,"href":"https:\/\/www.cnbb.org.br\/cnbb-app\/wp\/v2\/media\/989601"}],"wp:attachment":[{"href":"https:\/\/www.cnbb.org.br\/cnbb-app\/wp\/v2\/media?parent=989593"}],"wp:term":[{"taxonomy":"category","embeddable":true,"href":"https:\/\/www.cnbb.org.br\/cnbb-app\/wp\/v2\/categories?post=989593"},{"taxonomy":"post_tag","embeddable":true,"href":"https:\/\/www.cnbb.org.br\/cnbb-app\/wp\/v2\/tags?post=989593"}],"curies":[{"name":"wp","href":"https:\/\/api.w.org\/{rel}","templated":true}]}}