{"id":9896,"date":"2010-01-08T00:00:00","date_gmt":"2010-01-08T02:00:00","guid":{"rendered":"https:\/\/www.cnbb.org.br\/novo-bispo-de-afogados-da-ingazeira-toma-posse-no-sabado\/"},"modified":"2010-01-08T00:00:00","modified_gmt":"2010-01-08T02:00:00","slug":"novo-bispo-de-afogados-da-ingazeira-toma-posse-no-sabado","status":"publish","type":"post","link":"https:\/\/www.cnbb.org.br\/novo-bispo-de-afogados-da-ingazeira-toma-posse-no-sabado\/","title":{"rendered":"Novo bispo de Afogados da Ingazeira toma posse no s\u00e1bado"},"content":{"rendered":"<p style=\"text-align: justify\">Cerca de 10 mil pessoas s\u00e3o esperadas, entre fi\u00e9is, autoridades e o clero para a posse do novo bispo de Afogados da Ingazeira (PE) monsenhor italiano, Eg\u00eddio Bisol, no pr\u00f3ximo dia 9, \u00e0s 17h, no Centro Desportivo Municipal L\u00facio Luiz de Almeida.<\/p>\n<p style=\"text-align: justify\">V\u00e1rias caravanas das par\u00f3quias est\u00e3o sendo esperadas, al\u00e9m de comitivas da It\u00e1lia e do estado de Roraima, mais de 25 bispos e arcebispos do Nordeste e de outras partes do pa\u00eds, pol\u00edticos e do prefeito anfitri\u00e3o, Totonho Valadares. Tamb\u00e9m \u00e9 aguardada a presen\u00e7a do governador de Pernambuco, Eduardo Campos.<\/p>\n<p><!--more--><\/p>\n<p style=\"text-align: justify\">De acordo com a assessoria de imprensa da diocese, est\u00e1 sendo montada uma grande estrutura e opera\u00e7\u00e3o para receber o novo bispo, desde o espa\u00e7o para acomoda\u00e7\u00e3o, acesso ao local, seguran\u00e7a, divulga\u00e7\u00e3o, faixas pelas vias p\u00fablicas e sistema de som. Na cidade, que \u00e9 sede da diocese, foi decretado feriado municipal.<\/p>\n<p style=\"text-align: justify\">Como manda tradi\u00e7\u00e3o da Igreja Cat\u00f3lica, o escolhido deve ser ordenado por tr\u00eas bispos.\u00a0 A ordena\u00e7\u00e3o episcopal e posse can\u00f4nica de Eg\u00eddio Bisol ser\u00e3o realizadas pelos arcebispos de Vit\u00f3ria da Conquista, dom Luiz Gonzaga Pepeu; seu antecessor, dom Roque Paloschi, de Boa Vista (RR), onde estava em miss\u00e3o, e dom Cesare Nosiglia, de Vicenza, na It\u00e1lia, sua terra natal.As terras do sert\u00e3o pernambucano n\u00e3o s\u00e3o estranhas para o novo bispo. Em 1976, aos 28 anos, ap\u00f3s exercer a fun\u00e7\u00e3o de vig\u00e1rio paroquial na It\u00e1lia, Eg\u00eddio Bisol deixava para tr\u00e1s sua fam\u00edlia com 12 irm\u00e3os para aportar na diocese de Afogados da Ingazeira, como padre mission\u00e1rio para exercer o seu minist\u00e9rio sacerdotal, sendo acolhido pelo ent\u00e3o bispo diocesano dom Francisco Austreg\u00e9silo de Mesquita Filho. Nesse mesmo ano foi nomeado p\u00e1roco de S\u00e3o Jos\u00e9 do Egito. Al\u00e9m das atividades paroquiais, assumiu a coordena\u00e7\u00e3o diocesana da Pastoral da Juventude (1979 &#8211; 1986) e integrou a equipe de formadores do Semin\u00e1rio Regional Nordeste 2 da CNBB [Pernambuco, Rio Grande do Norte, Alagoas e Para\u00edba], em Recife (1987-1989). J\u00e1 em 1990, Bisol cursou as especializa\u00e7\u00f5es em Liturgia e de Arte Sacra e Espa\u00e7o Lit\u00fargico em 2004, na Pontif\u00edcia Faculdade de Teologia Nossa Senhora da Assun\u00e7\u00e3o, em S\u00e3o Paulo.<\/p>\n<p style=\"text-align: justify\">Em 1991, foi transferido para a Par\u00f3quia Nossa Senhora da Penha, em Serra Talhada, onde exerceu o of\u00edcio de p\u00e1roco at\u00e9 2008. Nesse mesmo per\u00edodo, exerceu os cargos de vig\u00e1rio geral da diocese, membro do Conselho Presbiteral e do Col\u00e9gio dos Consultores (1991-2001), coordenador diocesano da Pastoral Lit\u00fargica (1991-1997), Pastoral Carcer\u00e1ria (2001-2007) e Pastoral Familiar (2002-2005).<\/p>\n<p style=\"text-align: justify\">Monsenhor Eg\u00eddio Bisol foi tamb\u00e9m presidente da Comiss\u00e3o Central do Jubileu de Ouro da diocese, das Santas Miss\u00f5es Populares e do primeiro Congresso Eucar\u00edstico Diocesano (2006-2007). Em 2008, foi enviado a servi\u00e7o da Igreja de Roraima, integrando a equipe respons\u00e1vel pelo acompanhamento pastoral da \u00e1rea mission\u00e1ria Santa Rosa de Lima, na periferia de Boa Vista.<\/p>\n<p style=\"text-align: justify\">No dia 7 de outubro de 2009, aos 63 anos de idade, foi nomeado, pelo Papa Bento XVI, quarto bispo diocesano de Afogados da Ingazeira. Por 32 anos viveu e exerceu o seu minist\u00e9rio sacerdotal. Nessa nova miss\u00e3o, Eg\u00eddio Bisol ser\u00e1 respons\u00e1vel por 24 par\u00f3quias, em 18 cidades, que fazem limite com os estados da Para\u00edba e do Cear\u00e1, numa extens\u00e3o territorial de 10,9 mil km\u00b2.\u00a0 Seu lema episcopal \u00e9 \u201cEstou entre v\u00f3s como servo\u201d.<\/p>\n","protected":false},"excerpt":{"rendered":"<p>Cerca de 10 mil pessoas s\u00e3o esperadas, entre fi\u00e9is, autoridades e o clero para a posse do novo bispo de Afogados da Ingazeira (PE) monsenhor italiano, Eg\u00eddio Bisol, no pr\u00f3ximo dia 9, \u00e0s 17h, no Centro Desportivo Municipal L\u00facio Luiz de Almeida. V\u00e1rias caravanas das par\u00f3quias est\u00e3o sendo esperadas, al\u00e9m de comitivas da It\u00e1lia e &hellip;<\/p>\n<p class=\"read-more\"> <a class=\"\" href=\"https:\/\/www.cnbb.org.br\/novo-bispo-de-afogados-da-ingazeira-toma-posse-no-sabado\/\"> <span class=\"screen-reader-text\">Novo bispo de Afogados da Ingazeira toma posse no s\u00e1bado<\/span> Leia mais &raquo;<\/a><\/p>\n","protected":false},"author":83,"featured_media":9897,"comment_status":"open","ping_status":"open","sticky":false,"template":"","format":"standard","meta":{"site-sidebar-layout":"default","site-content-layout":"default","ast-global-header-display":"","ast-banner-title-visibility":"","ast-main-header-display":"","ast-hfb-above-header-display":"","ast-hfb-below-header-display":"","ast-hfb-mobile-header-display":"","site-post-title":"","ast-breadcrumbs-content":"","ast-featured-img":"","footer-sml-layout":"","theme-transparent-header-meta":"","adv-header-id-meta":"","stick-header-meta":"","header-above-stick-meta":"","header-main-stick-meta":"","header-below-stick-meta":""},"categories":[798],"tags":[],"acf":[],"_links":{"self":[{"href":"https:\/\/www.cnbb.org.br\/cnbb-app\/wp\/v2\/posts\/9896"}],"collection":[{"href":"https:\/\/www.cnbb.org.br\/cnbb-app\/wp\/v2\/posts"}],"about":[{"href":"https:\/\/www.cnbb.org.br\/cnbb-app\/wp\/v2\/types\/post"}],"author":[{"embeddable":true,"href":"https:\/\/www.cnbb.org.br\/cnbb-app\/wp\/v2\/users\/83"}],"replies":[{"embeddable":true,"href":"https:\/\/www.cnbb.org.br\/cnbb-app\/wp\/v2\/comments?post=9896"}],"version-history":[{"count":0,"href":"https:\/\/www.cnbb.org.br\/cnbb-app\/wp\/v2\/posts\/9896\/revisions"}],"wp:featuredmedia":[{"embeddable":true,"href":"https:\/\/www.cnbb.org.br\/cnbb-app\/wp\/v2\/media\/9897"}],"wp:attachment":[{"href":"https:\/\/www.cnbb.org.br\/cnbb-app\/wp\/v2\/media?parent=9896"}],"wp:term":[{"taxonomy":"category","embeddable":true,"href":"https:\/\/www.cnbb.org.br\/cnbb-app\/wp\/v2\/categories?post=9896"},{"taxonomy":"post_tag","embeddable":true,"href":"https:\/\/www.cnbb.org.br\/cnbb-app\/wp\/v2\/tags?post=9896"}],"curies":[{"name":"wp","href":"https:\/\/api.w.org\/{rel}","templated":true}]}}