{"id":989658,"date":"2025-10-11T14:47:26","date_gmt":"2025-10-11T17:47:26","guid":{"rendered":"https:\/\/www.cnbb.org.br\/?p=989658"},"modified":"2025-10-09T14:46:51","modified_gmt":"2025-10-09T17:46:51","slug":"aparecida-sacramento-profecia-e-missao-para-o-povo-brasileiro","status":"publish","type":"post","link":"https:\/\/www.cnbb.org.br\/aparecida-sacramento-profecia-e-missao-para-o-povo-brasileiro\/","title":{"rendered":"Aparecida: sacramento, profecia e miss\u00e3o para o povo brasileiro\u00a0"},"content":{"rendered":"<p style=\"text-align: right;\"><b><span data-contrast=\"none\">Cardeal Orani Jo\u00e3o Tempesta<\/span><\/b><span data-ccp-props=\"{&quot;201341983&quot;:0,&quot;335551550&quot;:3,&quot;335551620&quot;:3,&quot;335559731&quot;:708,&quot;335559739&quot;:160,&quot;335559740&quot;:278}\"><br \/>\n<\/span><b><span data-contrast=\"none\">Arcebispo do Rio de Janeiro (RJ)<\/span><\/b><span data-ccp-props=\"{&quot;201341983&quot;:0,&quot;335551550&quot;:3,&quot;335551620&quot;:3,&quot;335559731&quot;:708,&quot;335559739&quot;:160,&quot;335559740&quot;:278}\">\u00a0<\/span><\/p>\n<p style=\"text-align: justify;\"><span data-ccp-props=\"{&quot;134233117&quot;:true,&quot;134233118&quot;:true,&quot;201341983&quot;:0,&quot;335551550&quot;:6,&quot;335551620&quot;:6,&quot;335559731&quot;:709,&quot;335559739&quot;:160,&quot;335559740&quot;:240}\">\u00a0<\/span><\/p>\n<p style=\"text-align: justify;\"><span data-contrast=\"auto\">Reunimo-nos, mais uma vez, sob o olhar terno e materno da Virgem Aparecida, para celebrar a grande Solenidade de nossa Padroeira. Este dia, 12 de outubro, transcende a mera contagem do tempo \u2013 o <\/span><i><span data-contrast=\"auto\">chronos<\/span><\/i><span data-contrast=\"auto\"> de nosso calend\u00e1rio \u2013 para se tornar um verdadeiro <\/span><i><span data-contrast=\"auto\">kair\u00f3s<\/span><\/i><span data-contrast=\"auto\">: um tempo de gra\u00e7a, um momento significativo em que o c\u00e9u toca a terra e a hist\u00f3ria da salva\u00e7\u00e3o se revela com um sotaque inconfundivelmente brasileiro. Aqui, na casa da M\u00e3e, n\u00e3o celebramos uma mem\u00f3ria distante, mas uma presen\u00e7a viva e atuante que moldou a alma de nossa gente e continua a interpelar o nosso presente e a iluminar o nosso futuro. Nossa miss\u00e3o, nesta solene liturgia, \u00e9 ir al\u00e9m da emo\u00e7\u00e3o devocional, por mais leg\u00edtima que seja, para mergulhar, com a intelig\u00eancia da f\u00e9, no denso conte\u00fado teol\u00f3gico, prof\u00e9tico e mission\u00e1rio que emana deste singular evento de gra\u00e7a ocorrido nas \u00e1guas do Rio Para\u00edba do Sul.<\/span><span data-ccp-props=\"{&quot;134233117&quot;:true,&quot;134233118&quot;:true,&quot;201341983&quot;:0,&quot;335551550&quot;:6,&quot;335551620&quot;:6,&quot;335559731&quot;:709,&quot;335559739&quot;:160,&quot;335559740&quot;:240}\">\u00a0<\/span><\/p>\n<p style=\"text-align: justify;\"><span data-contrast=\"auto\">Para compreender Aparecida, devemos situ\u00e1-la no grande fluxo da Hist\u00f3ria da Salva\u00e7\u00e3o. A <strong>Primeira Leitura<\/strong>, extra\u00edda do Livro de Ester \u2013 Est 5,1b-2;7,2b-3 \u2013, nos oferece a chave de leitura da intercess\u00e3o r\u00e9gia. A Rainha Ester, uma figura de coragem e f\u00e9, arrisca sua vida para salvar seu povo. Sua atitude prefigura a miss\u00e3o de Maria, a Nova Eva, que, ao contr\u00e1rio da primeira, n\u00e3o dialogou com a serpente, mas esmagou sua cabe\u00e7a com o \u201csim\u201d de sua obedi\u00eancia, como prometido no Protoevangelho (cf. Gn 3,15). Maria \u00e9 a Rainha que n\u00e3o intercede diante de um rei terreno, mas se assenta \u00e0 direita de seu Filho, o Rei do Universo, para apresentar-lhe as s\u00faplicas de seus filhos. Como nos ensina o Conc\u00edlio Ecum\u00eanico Vaticano II, na Constitui\u00e7\u00e3o Dogm\u00e1tica <\/span><i><span data-contrast=\"auto\">Lumen Gentium<\/span><\/i><span data-contrast=\"auto\">, Maria, <\/span><i><span data-contrast=\"auto\">\u201ccom o seu amor de m\u00e3e, cuida dos irm\u00e3os de seu Filho que ainda peregrinam e se acham em perigos e ansiedades, at\u00e9 que sejam conduzidos \u00e0 p\u00e1tria bem-aventurada\u201d<\/span><\/i><span data-contrast=\"auto\"> (LG, 62).<\/span><span data-ccp-props=\"{&quot;134233117&quot;:true,&quot;134233118&quot;:true,&quot;201341983&quot;:0,&quot;335551550&quot;:6,&quot;335551620&quot;:6,&quot;335559731&quot;:709,&quot;335559739&quot;:160,&quot;335559740&quot;:240}\">\u00a0<\/span><\/p>\n<p style=\"text-align: justify;\"><span data-contrast=\"auto\">\u00c9 nesta perspectiva que devemos contemplar o evento de 1717. N\u00e3o foi um acaso. Deus irrompe na hist\u00f3ria concreta, no Brasil Col\u00f4nia, num contexto de dificuldades econ\u00f4micas e de tens\u00f5es sociais, durante a visita do Conde de Assumar, Dom Pedro de Almeida. E o faz da maneira mais desconcertante. A manifesta\u00e7\u00e3o divina n\u00e3o ocorre com pompa, mas na labuta frustrada de tr\u00eas pescadores, homens pobres e an\u00f4nimos, cujos nomes, no entanto, a f\u00e9 fez quest\u00e3o de eternizar: Domingos Garcia, Jo\u00e3o Alves e Filipe Pedroso. Eles s\u00e3o os <\/span><i><span data-contrast=\"auto\">anawim Adonai<\/span><\/i><span data-contrast=\"auto\">, os \u201cpobres de Jav\u00e9\u201d, a quem Deus sempre se revela, confirmando o canto prof\u00e9tico da pr\u00f3pria Virgem em seu Magnificat: <\/span><i><span data-contrast=\"auto\">\u201cDep\u00f4s os poderosos de seus tronos e exaltou os humildes. Saciou de bens os indigentes e despediu de m\u00e3os vazias os ricos\u201d<\/span><\/i><span data-contrast=\"auto\"> (Lc 1,52-53).<\/span><span data-ccp-props=\"{&quot;134233117&quot;:true,&quot;134233118&quot;:true,&quot;201341983&quot;:0,&quot;335551550&quot;:6,&quot;335551620&quot;:6,&quot;335559731&quot;:709,&quot;335559739&quot;:160,&quot;335559740&quot;:240}\">\u00a0<\/span><\/p>\n<p style=\"text-align: justify;\"><span data-contrast=\"auto\">Cada elemento daquele encontro \u00e9 um denso sinal teol\u00f3gico, um evangelho n\u00e3o escrito:<\/span><span data-ccp-props=\"{&quot;134233117&quot;:true,&quot;134233118&quot;:true,&quot;201341983&quot;:0,&quot;335551550&quot;:6,&quot;335551620&quot;:6,&quot;335559731&quot;:709,&quot;335559739&quot;:160,&quot;335559740&quot;:240}\">\u00a0<\/span><\/p>\n<p style=\"text-align: justify;\"><span data-contrast=\"auto\"><em>O Rio<\/em>: \u00c9 o fluxo da vida, da hist\u00f3ria, do trabalho e do suor do povo brasileiro. \u00c9 nas \u00e1guas, s\u00edmbolo do Batismo, que a M\u00e3e da Igreja se deixa encontrar.<\/span><span data-ccp-props=\"{&quot;134233117&quot;:true,&quot;134233118&quot;:true,&quot;201341983&quot;:0,&quot;335551550&quot;:6,&quot;335551620&quot;:6,&quot;335559731&quot;:709,&quot;335559739&quot;:160,&quot;335559740&quot;:240}\">\u00a0<\/span><\/p>\n<p style=\"text-align: justify;\"><span data-contrast=\"auto\"><em>A Rede<\/em>: S\u00edmbolo da miss\u00e3o da Igreja, lan\u00e7ada nas \u00e1guas, por vezes turvas, do mundo. \u00c9 a Igreja-pescadora que, em sua miss\u00e3o, encontra a presen\u00e7a de Maria.<\/span><span data-ccp-props=\"{&quot;134233117&quot;:true,&quot;134233118&quot;:true,&quot;201341983&quot;:0,&quot;335551550&quot;:6,&quot;335551620&quot;:6,&quot;335559731&quot;:709,&quot;335559739&quot;:160,&quot;335559740&quot;:240}\">\u00a0<\/span><\/p>\n<p style=\"text-align: justify;\"><span data-contrast=\"auto\"><em>A Imagem Quebrada<\/em>: Este \u00e9 talvez o mais forte dos s\u00edmbolos. O corpo separado da cabe\u00e7a. \u00c9 o retrato de um Brasil fraturado, de um povo dividido pelo pecado social, pela injusti\u00e7a, pelo abismo entre ricos e pobres.\u00a0<\/span><span data-ccp-props=\"{&quot;134233117&quot;:true,&quot;134233118&quot;:true,&quot;201341983&quot;:0,&quot;335551550&quot;:6,&quot;335551620&quot;:6,&quot;335559731&quot;:709,&quot;335559739&quot;:160,&quot;335559740&quot;:240}\">\u00a0<\/span><\/p>\n<p style=\"text-align: justify;\"><span data-contrast=\"auto\"><em>A Reunifica\u00e7\u00e3o<\/em>: O reencontro do corpo e da cabe\u00e7a dentro da rede \u00e9 a grande profecia de Aparecida: a voca\u00e7\u00e3o do Brasil \u00e9 a unidade na diversidade, a reconcilia\u00e7\u00e3o. A unidade, como rezou o pr\u00f3prio Cristo, \u00e9 condi\u00e7\u00e3o para a credibilidade da miss\u00e3o: \u201cPara que todos sejam um, a fim de que o mundo creia\u201d (Jo 17,21).<\/span><span data-ccp-props=\"{&quot;134233117&quot;:true,&quot;134233118&quot;:true,&quot;201341983&quot;:0,&quot;335551550&quot;:6,&quot;335551620&quot;:6,&quot;335559731&quot;:709,&quot;335559739&quot;:160,&quot;335559740&quot;:240}\">\u00a0<\/span><\/p>\n<p style=\"text-align: justify;\"><span data-contrast=\"auto\"><em>A Cor Negra<\/em>: A imagem enegrecida \u00e9 um \u00edcone da incultura\u00e7\u00e3o da f\u00e9 e uma den\u00fancia prof\u00e9tica. Maria assume a cor dos filhos mais sofridos, dos escravizados, dos marginalizados. Como nos recorda o Documento de Aparecida, a Igreja na Am\u00e9rica Latina tem uma d\u00edvida hist\u00f3rica com os afrodescendentes e os povos ind\u00edgenas, e \u00e9 chamada a promover \u201co reconhecimento de seus direitos e sua cidadania\u201d (DAp, 96). Nossa Senhora, com sua cor, fez isso antes de n\u00f3s.<\/span><span data-ccp-props=\"{&quot;134233117&quot;:true,&quot;134233118&quot;:true,&quot;201341983&quot;:0,&quot;335551550&quot;:6,&quot;335551620&quot;:6,&quot;335559731&quot;:709,&quot;335559739&quot;:160,&quot;335559740&quot;:240}\">\u00a0<\/span><\/p>\n<p style=\"text-align: justify;\"><span data-contrast=\"auto\"><em>A Pesca Abundante<\/em>: A consequ\u00eancia imediata da presen\u00e7a reconciliada da M\u00e3e \u00e9 a abund\u00e2ncia, a gra\u00e7a superabundante. \u00c9 o sinal de que uma na\u00e7\u00e3o e uma Igreja reconciliadas e unidas em Cristo se tornam fecundas e capazes de gerar vida.<\/span><span data-ccp-props=\"{&quot;134233117&quot;:true,&quot;134233118&quot;:true,&quot;201341983&quot;:0,&quot;335551550&quot;:6,&quot;335551620&quot;:6,&quot;335559731&quot;:709,&quot;335559739&quot;:160,&quot;335559740&quot;:240}\">\u00a0<\/span><\/p>\n<p>&nbsp;<\/p>\n<p style=\"text-align: justify;\"><span data-contrast=\"auto\">A <strong>Segunda Leitura<\/strong>, do Livro do Apocalipse \u2013 Ap 12,1.5.13a.15-16a \u2013, nos apresenta a vis\u00e3o da <\/span><i><span data-contrast=\"auto\">\u201cMulher vestida de sol\u201d<\/span><\/i><span data-contrast=\"auto\"> (Ap 12,1), em luta contra o Drag\u00e3o. Esta imagem n\u00e3o \u00e9 uma pe\u00e7a de mitologia antiga; \u00e9 o retrato da batalha espiritual que se trava hoje, no cora\u00e7\u00e3o do mundo e no cora\u00e7\u00e3o do Brasil. O Drag\u00e3o, hoje, assume m\u00faltiplos rostos.<\/span><span data-ccp-props=\"{&quot;134233117&quot;:true,&quot;134233118&quot;:true,&quot;201341983&quot;:0,&quot;335551550&quot;:6,&quot;335551620&quot;:6,&quot;335559731&quot;:709,&quot;335559739&quot;:160,&quot;335559740&quot;:240}\">\u00a0<\/span><\/p>\n<p style=\"text-align: justify;\"><span data-contrast=\"auto\">\u00c9 o drag\u00e3o de uma economia que idolatra o lucro e descarta pessoas, como denunciou incansavelmente o Papa Francisco em documentos como a Exorta\u00e7\u00e3o Apost\u00f3lica <\/span><i><span data-contrast=\"auto\">Evangelii Gaudium<\/span><\/i><span data-contrast=\"auto\"> e a Carta Enc\u00edclica <\/span><i><span data-contrast=\"auto\">Fratelli Tutti<\/span><\/i><span data-contrast=\"auto\">. \u00c9 o drag\u00e3o da viol\u00eancia que ceifa vidas, especialmente de jovens nas periferias. \u00c9 o drag\u00e3o da mentira, que se espalha pelas redes sociais, destruindo reputa\u00e7\u00f5es e fomentando o \u00f3dio que corr\u00f3i o tecido social. \u00c9 o drag\u00e3o do relativismo, que ataca a sacralidade da vida desde a concep\u00e7\u00e3o at\u00e9 a morte natural e desfigura o projeto de Deus para a fam\u00edlia. E, como nos recorda a Carta Enc\u00edclica <\/span><i><span data-contrast=\"auto\">Laudato Si\u2019<\/span><\/i><span data-contrast=\"auto\">, \u00e9 tamb\u00e9m o drag\u00e3o da explora\u00e7\u00e3o irrespons\u00e1vel de nossa casa comum, que fere a Amaz\u00f4nia, nosso santu\u00e1rio ecol\u00f3gico, e compromete o futuro das novas gera\u00e7\u00f5es.<\/span><span data-ccp-props=\"{&quot;134233117&quot;:true,&quot;134233118&quot;:true,&quot;201341983&quot;:0,&quot;335551550&quot;:6,&quot;335551620&quot;:6,&quot;335559731&quot;:709,&quot;335559739&quot;:160,&quot;335559740&quot;:240}\">\u00a0<\/span><\/p>\n<p style=\"text-align: justify;\"><span data-contrast=\"auto\">A f\u00e9 em Nossa Senhora Aparecida nos convoca a uma leitura cr\u00edtica e prof\u00e9tica da realidade. A mesma M\u00e3e que se compadeceu da necessidade dos noivos em Can\u00e1, hoje se compadece da falta do \u201cvinho da justi\u00e7a, da paz e da dignidade para tantos de seus filhos brasileiros.<\/span><span data-ccp-props=\"{&quot;134233117&quot;:true,&quot;134233118&quot;:true,&quot;201341983&quot;:0,&quot;335551550&quot;:6,&quot;335551620&quot;:6,&quot;335559731&quot;:709,&quot;335559739&quot;:160,&quot;335559740&quot;:240}\">\u00a0<\/span><\/p>\n<p style=\"text-align: justify;\"><span data-contrast=\"auto\">\u00c9, pois, no Santo Evangelho segundo S\u00e3o Jo\u00e3o \u2013 Jo 2,1-11 \u2013, na narrativa das Bodas de Can\u00e1, que encontramos a s\u00edntese de nossa miss\u00e3o. Diante do problema concreto, Maria nos oferece uma \u00fanica instru\u00e7\u00e3o, um verdadeiro testamento espiritual que se torna o programa pastoral para a Igreja no Brasil: <\/span><i><span data-contrast=\"auto\">\u201cFazei tudo o que Ele vos disser\u201d<\/span><\/i><span data-contrast=\"auto\"> (Jo 2,5). Este mandato nos chama a uma convers\u00e3o radical e a um compromisso mission\u00e1rio em todas as esferas da vida.<\/span><span data-ccp-props=\"{&quot;134233117&quot;:true,&quot;134233118&quot;:true,&quot;201341983&quot;:0,&quot;335551550&quot;:6,&quot;335551620&quot;:6,&quot;335559731&quot;:709,&quot;335559739&quot;:160,&quot;335559740&quot;:240}\">\u00a0<\/span><\/p>\n<p style=\"text-align: justify;\"><span data-contrast=\"auto\">\u201cFazer o que Jesus nos disser\u201d implica, antes de tudo, uma renovada escuta de sua Palavra e uma vida de ora\u00e7\u00e3o mais profunda. Mas se desdobra em compromissos inadi\u00e1veis:<\/span><span data-ccp-props=\"{&quot;134233117&quot;:true,&quot;134233118&quot;:true,&quot;201341983&quot;:0,&quot;335551550&quot;:6,&quot;335551620&quot;:6,&quot;335559731&quot;:709,&quot;335559739&quot;:160,&quot;335559740&quot;:240}\">\u00a0<\/span><\/p>\n<p style=\"text-align: justify;\"><span data-contrast=\"auto\"><em>Para a Igreja<\/em>: Jesus nos manda ser sal da terra e luz do mundo (cf. Mt 5,13-14). Devemos, portanto, superar toda tenta\u00e7\u00e3o de autorreferencialidade e nos tornarmos uma \u201cIgreja em sa\u00edda\u201d, um \u201chospital de campanha\u201d que vai ao encontro dos feridos nas estradas da vida, com um testemunho prof\u00e9tico contra a injusti\u00e7a e com gestos concretos de miseric\u00f3rdia.<\/span><span data-ccp-props=\"{&quot;134233117&quot;:true,&quot;134233118&quot;:true,&quot;201341983&quot;:0,&quot;335551550&quot;:6,&quot;335551620&quot;:6,&quot;335559731&quot;:709,&quot;335559739&quot;:160,&quot;335559740&quot;:240}\">\u00a0<\/span><\/p>\n<p style=\"text-align: justify;\"><span data-contrast=\"auto\"><em>Para os Leigos e Leigas<\/em>: Jesus nos manda amar uns aos outros (cf. Jo 15,12). Isso se traduz, para os fi\u00e9is leigos, na voca\u00e7\u00e3o de santificar o mundo a partir de dentro. Na pol\u00edtica, significa atuar com \u00e9tica, buscando o bem comum segundo os princ\u00edpios da Doutrina Social da Igreja. Na economia, significa promover empresas e pr\u00e1ticas que respeitem a dignidade do trabalhador e o cuidado com a cria\u00e7\u00e3o. Na cultura e na educa\u00e7\u00e3o, significa formar as consci\u00eancias para a verdade e a beleza do Evangelho.<\/span><span data-ccp-props=\"{&quot;134233117&quot;:true,&quot;134233118&quot;:true,&quot;201341983&quot;:0,&quot;335551550&quot;:6,&quot;335551620&quot;:6,&quot;335559731&quot;:709,&quot;335559739&quot;:160,&quot;335559740&quot;:240}\">\u00a0<\/span><\/p>\n<p style=\"text-align: justify;\"><span data-contrast=\"auto\"><em>Para as Fam\u00edlias<\/em>: Jesus aben\u00e7oou o casamento em Can\u00e1, elevando-o \u00e0 dignidade de sacramento. \u201cFazer o que Ele nos disser\u201d significa, para as fam\u00edlias, serem verdadeiras \u201cigrejas dom\u00e9sticas\u201d, santu\u00e1rios da vida, escolas de ora\u00e7\u00e3o e de virtudes humanas e crist\u00e3s, resistindo \u00e0s ideologias que buscam desconstruir sua identidade.<\/span><span data-ccp-props=\"{&quot;134233117&quot;:true,&quot;134233118&quot;:true,&quot;201341983&quot;:0,&quot;335551550&quot;:6,&quot;335551620&quot;:6,&quot;335559731&quot;:709,&quot;335559739&quot;:160,&quot;335559740&quot;:240}\">\u00a0<\/span><\/p>\n<p style=\"text-align: justify;\"><span data-contrast=\"auto\"><em>Para a Na\u00e7\u00e3o<\/em>: Jesus nos ensina a buscar o Reino de Deus e a sua justi\u00e7a (cf. Mt 6,33). O mandato de Can\u00e1 \u00e9 um chamado \u00e0 reconcilia\u00e7\u00e3o nacional. \u00c9 um apelo \u00e0 supera\u00e7\u00e3o da polariza\u00e7\u00e3o est\u00e9ril e \u00e0 constru\u00e7\u00e3o de uma \u201camizade social\u201d, baseada no di\u00e1logo, no respeito m\u00fatuo e na busca conjunta de solu\u00e7\u00f5es para os graves problemas que nos afligem.<\/span><span data-ccp-props=\"{&quot;134233117&quot;:true,&quot;134233118&quot;:true,&quot;201341983&quot;:0,&quot;335551550&quot;:6,&quot;335551620&quot;:6,&quot;335559731&quot;:709,&quot;335559739&quot;:160,&quot;335559740&quot;:240}\">\u00a0<\/span><\/p>\n<p style=\"text-align: justify;\"><span data-contrast=\"auto\">A solenidade de Aparecida \u00e9 um dom, mas tamb\u00e9m uma grande responsabilidade. Ela nos recorda que somos um povo aben\u00e7oado, um povo que mereceu a visita de sua M\u00e3e.<\/span><span data-ccp-props=\"{&quot;134233117&quot;:true,&quot;134233118&quot;:true,&quot;201341983&quot;:0,&quot;335551550&quot;:6,&quot;335551620&quot;:6,&quot;335559731&quot;:709,&quot;335559739&quot;:160,&quot;335559740&quot;:240}\">\u00a0<\/span><\/p>\n<p style=\"text-align: justify;\"><span data-contrast=\"auto\">Elevemos, pois, nossa prece, consagrando solenemente nossa P\u00e1tria \u00e0 sua Rainha. <\/span><\/p>\n<blockquote>\n<p style=\"text-align: justify;\"><span data-contrast=\"auto\">A v\u00f3s, Senhora Aparecida, consagramos a Santa Igreja, para que seja sempre fiel e mission\u00e1ria. Consagramos nossas fam\u00edlias, para que sejam ber\u00e7os de vida e de f\u00e9. Consagramos nossos governantes, para que legislem com justi\u00e7a e governem com retid\u00e3o, buscando sempre o bem de todos. Consagramos nossos jovens, para que, inspirados em vosso &#8220;sim&#8221;, tenham a coragem de responder ao chamado de Deus. Consagramos os trabalhadores, os desempregados, os doentes e os que sofrem, para que encontrem em v\u00f3s al\u00edvio e esperan\u00e7a. Consagramos a Amaz\u00f4nia e todos os biomas de nossa casa comum, para que saibamos cuidar da cria\u00e7\u00e3o de Deus.<\/span><span data-ccp-props=\"{&quot;134233117&quot;:true,&quot;134233118&quot;:true,&quot;201341983&quot;:0,&quot;335551550&quot;:6,&quot;335551620&quot;:6,&quot;335559731&quot;:709,&quot;335559739&quot;:160,&quot;335559740&quot;:240}\">\u00a0<\/span><\/p>\n<p style=\"text-align: justify;\"><span data-contrast=\"auto\">\u00d3 Virgem Sant\u00edssima, M\u00e3e Aparecida, livrai o Brasil dos males que o amea\u00e7am. Sustentai a f\u00e9 de vosso povo. Ensinai-nos a ser uma Na\u00e7\u00e3o unida e fraterna. E que, guiados por vossa m\u00e3o, saibamos sempre e em tudo \u201cfazer o que Jesus nos disser\u201d, para que o vinho novo do Reino de Deus se derrame com abund\u00e2ncia sobre a terra de Santa Cruz.\u00a0<\/span><span data-ccp-props=\"{&quot;134233117&quot;:true,&quot;134233118&quot;:true,&quot;201341983&quot;:0,&quot;335551550&quot;:6,&quot;335551620&quot;:6,&quot;335559731&quot;:709,&quot;335559739&quot;:160,&quot;335559740&quot;:240}\">\u00a0<\/span><\/p>\n<\/blockquote>\n<p style=\"text-align: justify;\">\n","protected":false},"excerpt":{"rendered":"<p>Cardeal Orani Jo\u00e3o Tempesta Arcebispo do Rio de Janeiro (RJ)\u00a0 \u00a0 Reunimo-nos, mais uma vez, sob o olhar terno e materno da Virgem Aparecida, para celebrar a grande Solenidade de nossa Padroeira. Este dia, 12 de outubro, transcende a mera contagem do tempo \u2013 o chronos de nosso calend\u00e1rio \u2013 para se tornar um verdadeiro &hellip;<\/p>\n<p class=\"read-more\"> <a class=\"\" href=\"https:\/\/www.cnbb.org.br\/aparecida-sacramento-profecia-e-missao-para-o-povo-brasileiro\/\"> <span class=\"screen-reader-text\">Aparecida: sacramento, profecia e miss\u00e3o para o povo brasileiro\u00a0<\/span> Leia mais &raquo;<\/a><\/p>\n","protected":false},"author":31,"featured_media":0,"comment_status":"closed","ping_status":"closed","sticky":false,"template":"","format":"standard","meta":{"site-sidebar-layout":"default","site-content-layout":"default","ast-global-header-display":"","ast-banner-title-visibility":"","ast-main-header-display":"","ast-hfb-above-header-display":"","ast-hfb-below-header-display":"","ast-hfb-mobile-header-display":"","site-post-title":"","ast-breadcrumbs-content":"","ast-featured-img":"","footer-sml-layout":"","theme-transparent-header-meta":"default","adv-header-id-meta":"","stick-header-meta":"","header-above-stick-meta":"","header-main-stick-meta":"","header-below-stick-meta":""},"categories":[758],"tags":[],"acf":[],"_links":{"self":[{"href":"https:\/\/www.cnbb.org.br\/cnbb-app\/wp\/v2\/posts\/989658"}],"collection":[{"href":"https:\/\/www.cnbb.org.br\/cnbb-app\/wp\/v2\/posts"}],"about":[{"href":"https:\/\/www.cnbb.org.br\/cnbb-app\/wp\/v2\/types\/post"}],"author":[{"embeddable":true,"href":"https:\/\/www.cnbb.org.br\/cnbb-app\/wp\/v2\/users\/31"}],"replies":[{"embeddable":true,"href":"https:\/\/www.cnbb.org.br\/cnbb-app\/wp\/v2\/comments?post=989658"}],"version-history":[{"count":3,"href":"https:\/\/www.cnbb.org.br\/cnbb-app\/wp\/v2\/posts\/989658\/revisions"}],"predecessor-version":[{"id":989789,"href":"https:\/\/www.cnbb.org.br\/cnbb-app\/wp\/v2\/posts\/989658\/revisions\/989789"}],"wp:attachment":[{"href":"https:\/\/www.cnbb.org.br\/cnbb-app\/wp\/v2\/media?parent=989658"}],"wp:term":[{"taxonomy":"category","embeddable":true,"href":"https:\/\/www.cnbb.org.br\/cnbb-app\/wp\/v2\/categories?post=989658"},{"taxonomy":"post_tag","embeddable":true,"href":"https:\/\/www.cnbb.org.br\/cnbb-app\/wp\/v2\/tags?post=989658"}],"curies":[{"name":"wp","href":"https:\/\/api.w.org\/{rel}","templated":true}]}}