{"id":989811,"date":"2025-10-09T10:52:48","date_gmt":"2025-10-09T13:52:48","guid":{"rendered":"https:\/\/www.cnbb.org.br\/?p=989811"},"modified":"2025-10-11T11:44:51","modified_gmt":"2025-10-11T14:44:51","slug":"primeira-exortacao-apostolica-papa-leao-xiv-dilexi-te-amor-pelos-pobres","status":"publish","type":"post","link":"https:\/\/www.cnbb.org.br\/primeira-exortacao-apostolica-papa-leao-xiv-dilexi-te-amor-pelos-pobres\/","title":{"rendered":"Primeira exorta\u00e7\u00e3o apost\u00f3lica do Papa Le\u00e3o XIV, \u201cDilexi te\u201d, ensina que n\u00e3o se pode separar a f\u00e9 do amor pelos pobres"},"content":{"rendered":"<p>H\u00e1 uma forte liga\u00e7\u00e3o entre o amor de Cristo e o chamado \u00e0 proximidade para com os pobres, e esse \u00e9 um caminho de santifica\u00e7\u00e3o. \u00c9 com essa ideia que o Papa Le\u00e3o XIV apresentou, nesta quinta-feira, 9 de outubro, a sua primeira exorta\u00e7\u00e3o apost\u00f3lica: &#8220;Dilexi te&#8221; &#8211; sobre o amor para com os pobres. O texto come\u00e7ou a ser escrito pelo Papa Francisco nos \u00faltimos meses de sua vida e sua conclus\u00e3o foi assumida como heran\u00e7a pelo Papa Le\u00e3o XIV.<\/p>\n<p>O t\u00edtulo da exorta\u00e7\u00e3o sobre o cuidado da Igreja pelo pobres e com os pobres parte da imagina\u00e7\u00e3o do pr\u00f3prio Jesus Cristo dirigindo-se a cada um deles: &#8220;T<span style=\"font-size: 16px;\">ens pouca for\u00e7a, pouco poder, mas &#8216;Eu te amei'&#8221; ( Ap 3, 9). No texto iniciado por Francisco, Le\u00e3o acrescentou algumas reflex\u00f5es, &#8220;partilhando o desejo do meu amado Predecessor de que todos os crist\u00e3os possam perceber a forte liga\u00e7\u00e3o existente entre o amor de Cristo e o seu chamamento a tornarmo-nos pr\u00f3ximos dos pobres&#8221;. <\/span><\/p>\n<blockquote><p><span style=\"font-size: 16px;\">&#8220;Na verdade, tamb\u00e9m eu considero necess\u00e1rio insistir neste caminho de santifica\u00e7\u00e3o, porque no &#8216;apelo a reconhec\u00ea-Lo nos pobres e atribulados, revela-se o pr\u00f3prio cora\u00e7\u00e3o de Cristo, os seus sentimentos e as suas op\u00e7\u00f5es mais profundas, com os quais se procura configurar todo o santo&#8217;, escreveu, citando a exorta\u00e7\u00e3o Gaudete et exsultate.<\/span><\/p><\/blockquote>\n<h3>A estrutura<\/h3>\n<p>S\u00e3o cinco cap\u00edtulos que apresentam a proximidade de Jesus com os pobres e o clamor que surge deles; a escolha de Deus pelos pobres; a proximidade da Igreja, que os toma como verdadeira riqueza; o desafio de ser presen\u00e7a diante das desigualdades e da economia que mata, e de fazer dos pobres sujeitos de transforma\u00e7\u00e3o; e o desafio permanente e inadi\u00e1vel de renovar o exemplo do Bom Samaritano.<\/p>\n<p><a href=\"https:\/\/www.vatican.va\/content\/leo-xiv\/pt\/apost_exhortations\/documents\/20251004-dilexi-te.html\" target=\"_blank\" rel=\"noopener\">LEIA A EXORTA\u00c7\u00c3O APOST\u00d3LICA DILEXI TE DO PAPA LE\u00c3O XIV NA \u00cdNTEGRA.<\/a><\/p>\n<p>&nbsp;<\/p>\n<p><span style=\"font-size: 16px;\">O Dicast\u00e9rio para o Desenvolvimento Humano Integral ofereceu um resumo em formato de infogr\u00e1fico mental sobre a exorta\u00e7\u00e3o apost\u00f3lica do Papa Le\u00e3o XIV. <a href=\"https:\/\/www.humandevelopment.va\/pt\/news\/2025\/dilexi_te_esortazione_apostolica_di_papa_leone_xiv_sull_amore_verso_i_poveri.html\" target=\"_blank\" rel=\"noopener\">Baixe aqui.<\/a>\u00a0<\/span><\/p>\n<p>&nbsp;<\/p>\n<h4>O amor de Cristo e a situa\u00e7\u00e3o dos pobres<\/h4>\n<p>No primeiro ponto, Jesus identifica-se com os \u00faltimos da sociedade, assim como escreveu o Papa Francisco na enc\u00edclica Dilexit Nos &#8211; sobre o amor humano e divino do Cora\u00e7\u00e3o de Jesus.<\/p>\n<ul>\n<li>Todos os crist\u00e3os s\u00e3o convidados a compreender a forte liga\u00e7\u00e3o entre o amor de Cristo e o apelo \u00e0 proximidade com os pobres.<\/li>\n<li>Mas \u00e9 insuficiente o empenho em favor dos pobres e para eliminar as causas estruturais da pobreza. Assim, \u00e9 necess\u00e1ria uma mudan\u00e7a de mentalidade para quebrar o ciclo de pobreza.<\/li>\n<li>Observa-se no contexto atual a multiplica\u00e7\u00e3o da pobreza e o aumento da desigualdade; a cultura de acumula\u00e7\u00e3o, com a ilus\u00e3o de felicidade na riqueza e no sucesso social; estruturas que favorecem os mais fortes e a concentra\u00e7\u00e3o do poder; as milh\u00f5es de pessoas marginalizadas e em condi\u00e7\u00f5es indignas; a indiferen\u00e7a social cm o sofrimento dos pobres.<\/li>\n<li>A situa\u00e7\u00e3o dos pobres, assim, representa um grito que interpela constantemente a nossa vida e a a\u00e7\u00e3o de Deus cuida de todos os que s\u00e3o discriminados e oprimidos.<\/li>\n<li>\u00c9 pedido, ent\u00e3o, \u00e0 Igreja, uma op\u00e7\u00e3o decisiva e radical em prol dos mais fracos.<\/li>\n<\/ul>\n<blockquote><p>&#8220;Esta \u201cprefer\u00eancia\u201d nunca diz respeito a um exclusivismo ou a uma discrimina\u00e7\u00e3o em rela\u00e7\u00e3o a outros grupos, que em Deus seria imposs\u00edvel; ela pretende sublinhar o agir de Deus que, por compaix\u00e3o, se dirige \u00e0 pobreza e \u00e0 fraqueza da humanidade inteira e que, querendo inaugurar um Reino de justi\u00e7a, fraternidade e solidariedade, tem particularmente a peito aqueles que s\u00e3o discriminados e oprimidos, pedindo-nos tamb\u00e9m a n\u00f3s, sua Igreja, uma decidida e radical posi\u00e7\u00e3o em favor dos mais fracos&#8221; (n. 16).<\/p><\/blockquote>\n<ul>\n<li>O Papa chama aten\u00e7\u00e3o\u00a0para n\u00e3o substituir o Evangelho por ideologias mundanas, ju\u00edzos injustos e conclus\u00f5es enganadoras<\/li>\n<\/ul>\n<blockquote><p>&#8220;Se n\u00e3o quisermos sair da corrente viva da Igreja que brota do Evangelho e fecunda cada momento hist\u00f3rico, n\u00e3o podemos esquecer os pobres&#8221;.<\/p><\/blockquote>\n<ul>\n<li>A dedica\u00e7\u00e3o \u00e0 prefer\u00eancia pelos pobres, segundo o Papa, leva a inaugurar com Deus um Reino de justi\u00e7a, de fraternidade e de solidariedade.<\/li>\n<\/ul>\n<h4>Tesouro da Igreja<\/h4>\n<p>Os cap\u00edtulos 2 e 3 resgatam a liga\u00e7\u00e3o insepar\u00e1vel entre a f\u00e9 e os pobres, com passagens das escrituras, exemplos de cuidado e proximidade nos padres e na tradi\u00e7\u00e3o da Igreja.<\/p>\n<ul>\n<li>Todos estes exemplos nos ensinam que servir os pobres n\u00e3o \u00e9 um gesto a fazer &#8220;de cima para baixo&#8221;, mas um encontro entre iguais, em que Cristo \u00e9 revelado e adorado. (n. 79)<\/li>\n<li>Ao longo dos s\u00e9culos, as Escrituras exortaram o cora\u00e7\u00e3o dos crist\u00e3os a amar e a criar obras de miseric\u00f3rdia, como sementes fecundas que n\u00e3o deixam de produzir frutos. (n. 34)<\/li>\n<li>Os pobres s\u00e3o os tesouros da Igreja. Santo Ambr\u00f3sio interroga-se: &#8220;Que tesouros mais preciosos tem Jesus do que aqueles em que ama mostrar-se?&#8221; (n. 38)<\/li>\n<\/ul>\n<p>&nbsp;<\/p>\n<h4>Desafio permanente<\/h4>\n<p>Os cap\u00edtulos 4 e 5 abordam o desafio permanente da op\u00e7\u00e3o preferencial pelos pobres na Doutrina Social da Igreja, com cita\u00e7\u00e3o \u00e0 Rerum Novarum, do Papa Le\u00e3o XIII, e ao Documento de Aparecida (2007), e as respostas da Igreja e seus membros para os tempos atuais.<\/p>\n<blockquote><p>&#8220;O Magist\u00e9rio dos \u00faltimos cento e cinquenta anos oferece um verdadeiro tesouro de ensinamentos sobre os pobres. Deste modo, os Bispos de Roma fizeram-se voz de novas consci\u00eancias, passadas pelo crivo do discernimento eclesial&#8221;.<\/p><\/blockquote>\n<p>A par\u00e1bola do Bom Samaritano \u00e9 reapresentada como ilumina\u00e7\u00e3o do Evangelho.<\/p>\n<blockquote><p>&#8220;A cultura dominante do in\u00edcio deste mil\u00e9nio impele-nos a abandonar os pobres ao seu pr\u00f3prio destino, a n\u00e3o os considerar dignos de aten\u00e7\u00e3o e muito menos de apre\u00e7o. Na Enc\u00edclica Fratelli tutti, o Papa Francisco convida-nos a refletir sobre a par\u00e1bola do bom samaritano (cf. Lc 10, 25-37), precisamente para aprofundar este ponto. [&#8230;] Precisamos de reconhecer a tenta\u00e7\u00e3o que nos cerca de se desinteressar dos outros, especialmente dos mais fr\u00e1geis&#8221;. [&#8230;] Faz-nos muito bem descobrir que a hist\u00f3ria do bom samaritano se repete tamb\u00e9m hoje&#8221;.<\/p><\/blockquote>\n<p>&nbsp;<\/p>\n<ul>\n<li>Como responder:<\/li>\n<\/ul>\n<p>Com empenho para resolver as causas estruturais da pobreza; contribuindo para a implementa\u00e7\u00e3o de pol\u00edticas eficazes na transforma\u00e7\u00e3o da sociedade; promovendo espa\u00e7os que estabelecem liga\u00e7\u00f5es, criam relacionamentos e favorecem o reconhecimento do outro; fazendo ouvir a nossa voz para denunciar as estruturas de injusti\u00e7a; promovendo oportunidades de trabalho, para que todos possam conseguir uma vida mais coerente com a sua pr\u00f3pria dignidade.<\/p>\n<p>&nbsp;<\/p>\n<ul>\n<li>Para onde se dirige a Igreja atual?<\/li>\n<\/ul>\n<p>A miseric\u00f3rdia n\u00e3o pode esperar; somos chamados a doar, a tocar a carne sofredora dos pobres, construindo uma Igreja que saiba apenas amar e acompanhar os mais fr\u00e1geis.<\/p>\n<blockquote><p>&#8220;Uma Igreja que n\u00e3o p\u00f5e limites ao amor, que n\u00e3o tem inimigos, mas apenas homens e mulheres para amar, \u00e9 a Igreja de que o mundo necessita&#8221;. (n. 120)<\/p><\/blockquote>\n<p>E o Papa conclui:<\/p>\n<blockquote><p><span style=\"font-size: 17.6px;\">&#8220;Quer atrav\u00e9s do vosso trabalho, quer atrav\u00e9s do vosso empenho em mudar as estruturas sociais injustas, quer atrav\u00e9s daquele gesto de ajuda simples, muito pessoal e pr\u00f3ximo, ser\u00e1 poss\u00edvel que aquele pobre sinta serem para ele as palavras de Jesus: \u00abEu te amei\u00bb (<\/span><i style=\"font-size: 17.6px; font-weight: inherit;\">Ap<\/i><span style=\"font-size: 17.6px;\"> 3, 9)&#8221; (n. 121).<\/span><\/p><\/blockquote>\n<p>&nbsp;<\/p>\n<pre>Com informa\u00e7\u00f5es de Vatican News e do Dicast\u00e9rio para o Desenvolvimento Humano Integral\r\nFoto: Vatican Media<\/pre>\n<p>&nbsp;<\/p>\n","protected":false},"excerpt":{"rendered":"<p>No texto iniciado por Francisco, Le\u00e3o acrescentou algumas reflex\u00f5es, &#8220;partilhando o desejo do meu amado Predecessor de que todos os crist\u00e3os possam perceber a forte liga\u00e7\u00e3o existente entre o amor de Cristo e o seu chamamento a tornarmo-nos pr\u00f3ximos dos pobres&#8221;<\/p>\n","protected":false},"author":38,"featured_media":989835,"comment_status":"closed","ping_status":"closed","sticky":false,"template":"","format":"standard","meta":{"site-sidebar-layout":"default","site-content-layout":"default","ast-global-header-display":"","ast-banner-title-visibility":"","ast-main-header-display":"","ast-hfb-above-header-display":"","ast-hfb-below-header-display":"","ast-hfb-mobile-header-display":"","site-post-title":"","ast-breadcrumbs-content":"","ast-featured-img":"","footer-sml-layout":"","theme-transparent-header-meta":"default","adv-header-id-meta":"","stick-header-meta":"","header-above-stick-meta":"","header-main-stick-meta":"","header-below-stick-meta":""},"categories":[50,784],"tags":[6191,3044],"acf":[],"_links":{"self":[{"href":"https:\/\/www.cnbb.org.br\/cnbb-app\/wp\/v2\/posts\/989811"}],"collection":[{"href":"https:\/\/www.cnbb.org.br\/cnbb-app\/wp\/v2\/posts"}],"about":[{"href":"https:\/\/www.cnbb.org.br\/cnbb-app\/wp\/v2\/types\/post"}],"author":[{"embeddable":true,"href":"https:\/\/www.cnbb.org.br\/cnbb-app\/wp\/v2\/users\/38"}],"replies":[{"embeddable":true,"href":"https:\/\/www.cnbb.org.br\/cnbb-app\/wp\/v2\/comments?post=989811"}],"version-history":[{"count":4,"href":"https:\/\/www.cnbb.org.br\/cnbb-app\/wp\/v2\/posts\/989811\/revisions"}],"predecessor-version":[{"id":989922,"href":"https:\/\/www.cnbb.org.br\/cnbb-app\/wp\/v2\/posts\/989811\/revisions\/989922"}],"wp:featuredmedia":[{"embeddable":true,"href":"https:\/\/www.cnbb.org.br\/cnbb-app\/wp\/v2\/media\/989835"}],"wp:attachment":[{"href":"https:\/\/www.cnbb.org.br\/cnbb-app\/wp\/v2\/media?parent=989811"}],"wp:term":[{"taxonomy":"category","embeddable":true,"href":"https:\/\/www.cnbb.org.br\/cnbb-app\/wp\/v2\/categories?post=989811"},{"taxonomy":"post_tag","embeddable":true,"href":"https:\/\/www.cnbb.org.br\/cnbb-app\/wp\/v2\/tags?post=989811"}],"curies":[{"name":"wp","href":"https:\/\/api.w.org\/{rel}","templated":true}]}}