{"id":989817,"date":"2025-10-09T09:14:11","date_gmt":"2025-10-09T12:14:11","guid":{"rendered":"https:\/\/www.cnbb.org.br\/?p=989817"},"modified":"2025-10-09T09:14:36","modified_gmt":"2025-10-09T12:14:36","slug":"maria-testemunha-da-esperanca","status":"publish","type":"post","link":"https:\/\/www.cnbb.org.br\/maria-testemunha-da-esperanca\/","title":{"rendered":"Maria, testemunha da Esperan\u00e7a!\u00a0"},"content":{"rendered":"<p style=\"text-align: right;\"><span data-contrast=\"auto\"><strong>Dom Rodolfo Lu\u00eds Weber<\/strong><br \/>\n<strong>Arcebispo de Passo Fundo (RS)<\/strong><\/span><\/p>\n<p>&nbsp;<\/p>\n<p style=\"text-align: justify;\"><span data-contrast=\"auto\">A Arquidiocese de Passo Fundo, no dia 12 de outubro, celebra a 44\u00aa Romaria em honra a Nossa Senhora Aparecida. Ela est\u00e1 em sintonia com o <\/span><i><span data-contrast=\"auto\">Ano Jubilar 2025<\/span><\/i><span data-contrast=\"auto\"> que tem por lema <\/span><i><span data-contrast=\"auto\">Peregrinos de Esperan\u00e7a<\/span><\/i><span data-contrast=\"auto\">. Na proclama\u00e7\u00e3o do Jubileu o Papa Francisco ressaltou que a esperan\u00e7a necessita de testemunhas convincentes. Sem d\u00favida, Maria \u00e9 a primeira. Escreve Francisco: \u201cA esperan\u00e7a encontra, na M\u00e3e de Deus, a sua testemunha mais elevada. Nela vemos como a esperan\u00e7a n\u00e3o \u00e9 um ef\u00eamero otimismo, mas dom de gra\u00e7a no realismo da vida\u201d. Por isso, o lema da 44\u00aa Romaria \u00e9 <\/span><i><span data-contrast=\"auto\">Maria, testemunha da Esperan\u00e7a<\/span><\/i><span data-contrast=\"auto\">.<\/span><span data-ccp-props=\"{&quot;335551550&quot;:6,&quot;335551620&quot;:6,&quot;335559739&quot;:120}\">\u00a0<\/span><\/p>\n<p style=\"text-align: justify;\"><span data-contrast=\"auto\">A vida humana \u00e9 um caminho. Rumo a qual meta? Como encontramos o itiner\u00e1rio a seguir? No caminho tem escurid\u00e3o, n\u00e9voas, tempestades e por isso procuramos indica\u00e7\u00f5es seguras. As verdadeiras estrelas da nossa vida s\u00e3o as pessoas que souberam viver com retid\u00e3o, n\u00e3o se iludiram com falsos caminhos e nem se acomodaram na estrada. Estas pessoas s\u00e3o testemunhas que podem ser seguidas. Na peregrina\u00e7\u00e3o da vida crist\u00e3 Maria \u00e9 luz e testemunha da esperan\u00e7a. Recordemos algumas atitudes e fatos narrados pelos evangelistas onde atua e est\u00e1 presente Maria.<\/span><span data-ccp-props=\"{&quot;335551550&quot;:6,&quot;335551620&quot;:6,&quot;335559739&quot;:120}\">\u00a0<\/span><\/p>\n<p style=\"text-align: justify;\"><span data-contrast=\"auto\">Maria pertencia ao povo de Deus que esperava a realiza\u00e7\u00e3o da promessa do Salvador. Quando recebe a visita do anjo Gabriel e lhe \u00e9 pedido a sua colabora\u00e7\u00e3o, ela diz \u201csim\u201d. \u201cEis a serva do Senhor! Fa\u00e7a-se em mim segundo a tua palavra\u201d. Assim a esperan\u00e7a de mil\u00eanios se tornou realidade e o Salvador veio habitar entre n\u00f3s. Logo a seguir, Maria foi ao encontro de Isabel levando a boa not\u00edcia. Colocou-se a servi\u00e7o de Isabel que esperava o nascimento de Jo\u00e3o Batista. As duas compartilham as alegrias das a\u00e7\u00f5es de Deus na hist\u00f3ria.<\/span><span data-ccp-props=\"{&quot;335551550&quot;:6,&quot;335551620&quot;:6,&quot;335559739&quot;:120}\">\u00a0<\/span><\/p>\n<p style=\"text-align: justify;\"><span data-contrast=\"auto\">Em Bel\u00e9m, quando nasce Jesus, brilhou o esplendor dos anjos trazendo a boa not\u00edcia aos pastores. Hoje nasceu o Salvador, paz na terra aos homens por Deus amados. Magos, vindos do oriente, buscavam respostas para sua vida. Eles encontram, presenteiam e adoram o menino. Maria recebe estes visitantes e apresenta o menino Jesus. Depois, Jos\u00e9 e Maria levam Jesus ao Tempo e l\u00e1 se encontram com Sime\u00e3o e Ana. Estes glorificam a Deus dizendo que Jesus \u00e9 \u201cluz para iluminar as na\u00e7\u00f5es\u201d e \u201csalva\u00e7\u00e3o para os povos\u201d.<\/span><span data-ccp-props=\"{&quot;335551550&quot;:6,&quot;335551620&quot;:6,&quot;335559739&quot;:120}\">\u00a0<\/span><\/p>\n<p style=\"text-align: justify;\"><span data-contrast=\"auto\">Maria acompanha Jesus na prega\u00e7\u00e3o. Est\u00e1 presente nas Bodas de Can\u00e1 e atenta ao bem-estar dos rec\u00e9m-casados. Pede para Jesus ajudar na solu\u00e7\u00e3o do problema que estava por aparecer. Nas primeiras prega\u00e7\u00f5es na Sinagoga de Nazar\u00e9 as pessoas ficam admiradas e encantadas por Jesus, mas tamb\u00e9m apareceram rapidamente os que o rejeitam. Maria acompanhou o crescente poder da hostilidade e da rejei\u00e7\u00e3o que se ia progressivamente afirmando em volta de Jesus at\u00e9 a hora da cruz, onde se fez presente, ficando de p\u00e9.<\/span><span data-ccp-props=\"{&quot;335551550&quot;:6,&quot;335551620&quot;:6,&quot;335559739&quot;:120}\">\u00a0<\/span><\/p>\n<p style=\"text-align: justify;\"><span data-contrast=\"auto\">Escreve Francisco na Bula Jubilar: \u201cE, aos p\u00e9s da cruz, enquanto via Jesus inocente sofrer e morrer, embora atravessada por terr\u00edvel ang\u00fastia, repetia o seu \u201csim\u201d, sem perder a esperan\u00e7a e a confian\u00e7a no Senhor\u201d.<\/span> <span data-contrast=\"auto\">Da cruz, Jesus d\u00e1 uma nova miss\u00e3o para Maria. \u201cMulher, eis a\u00ed o teu filho\u201d. A partir da cruz Maria ficou m\u00e3e de maneira nova: m\u00e3e de todos aqueles que querem acreditar em Jesus Cristo e segui-lo.<\/span><span data-ccp-props=\"{&quot;335551550&quot;:6,&quot;335551620&quot;:6,&quot;335559739&quot;:120}\">\u00a0<\/span><\/p>\n<p style=\"text-align: justify;\"><span data-contrast=\"auto\">Maria que acompanhara Jesus no caminho escutou o an\u00fancio da ressurrei\u00e7\u00e3o. Ela esperou na certeza, com os disc\u00edpulos, mesmo na escurid\u00e3o do s\u00e1bado santo, a manh\u00e3 da P\u00e1scoa. A alegria da ressurrei\u00e7\u00e3o tocou seu cora\u00e7\u00e3o e unindo-se de um modo novo aos disc\u00edpulos formou com eles a Igreja. Permaneceu rezando com os disc\u00edpulos e no dia de Pentecostes recebeu com eles o dom do Esp\u00edrito Santo.<\/span><span data-ccp-props=\"{&quot;335551550&quot;:6,&quot;335551620&quot;:6,&quot;335559739&quot;:120}\">\u00a0<\/span><\/p>\n<p style=\"text-align: justify;\"><span data-contrast=\"auto\">Desde aquele dia Maria caminha com a Igreja. \u201cA piedade popular continua a invocar a Virgem Santa como <\/span><i><span data-contrast=\"auto\">Stella Maris<\/span><\/i><span data-contrast=\"auto\"> (estrela do mar), um t\u00edtulo que expressa a esperan\u00e7a segura de que, nas tempestuosas vicissitudes da vida, a M\u00e3e de Deus vem em nosso aux\u00edlio, apoia-nos e convida-nos a ter f\u00e9 e a continuar a esperar\u201d, escreve Francisco na Bula Jubilar. Maria \u00e9 a peregrina da esperan\u00e7a que ilumina a 44\u00aa Romaria e a peregrina\u00e7\u00e3o de cada dia.<\/span><span data-ccp-props=\"{&quot;335551550&quot;:6,&quot;335551620&quot;:6,&quot;335559739&quot;:120}\">\u00a0<\/span><\/p>\n<p style=\"text-align: justify;\"><span data-ccp-props=\"{&quot;335551550&quot;:6,&quot;335551620&quot;:6,&quot;335559739&quot;:120}\">\u00a0<\/span><\/p>\n","protected":false},"excerpt":{"rendered":"<p>Dom Rodolfo Lu\u00eds Weber Arcebispo de Passo Fundo (RS) &nbsp; A Arquidiocese de Passo Fundo, no dia 12 de outubro, celebra a 44\u00aa Romaria em honra a Nossa Senhora Aparecida. Ela est\u00e1 em sintonia com o Ano Jubilar 2025 que tem por lema Peregrinos de Esperan\u00e7a. Na proclama\u00e7\u00e3o do Jubileu o Papa Francisco ressaltou que &hellip;<\/p>\n<p class=\"read-more\"> <a class=\"\" href=\"https:\/\/www.cnbb.org.br\/maria-testemunha-da-esperanca\/\"> <span class=\"screen-reader-text\">Maria, testemunha da Esperan\u00e7a!\u00a0<\/span> Leia mais &raquo;<\/a><\/p>\n","protected":false},"author":27,"featured_media":0,"comment_status":"closed","ping_status":"closed","sticky":false,"template":"","format":"standard","meta":{"site-sidebar-layout":"default","site-content-layout":"default","ast-global-header-display":"","ast-banner-title-visibility":"","ast-main-header-display":"","ast-hfb-above-header-display":"","ast-hfb-below-header-display":"","ast-hfb-mobile-header-display":"","site-post-title":"","ast-breadcrumbs-content":"","ast-featured-img":"","footer-sml-layout":"","theme-transparent-header-meta":"default","adv-header-id-meta":"","stick-header-meta":"","header-above-stick-meta":"","header-main-stick-meta":"","header-below-stick-meta":""},"categories":[758],"tags":[],"acf":[],"_links":{"self":[{"href":"https:\/\/www.cnbb.org.br\/cnbb-app\/wp\/v2\/posts\/989817"}],"collection":[{"href":"https:\/\/www.cnbb.org.br\/cnbb-app\/wp\/v2\/posts"}],"about":[{"href":"https:\/\/www.cnbb.org.br\/cnbb-app\/wp\/v2\/types\/post"}],"author":[{"embeddable":true,"href":"https:\/\/www.cnbb.org.br\/cnbb-app\/wp\/v2\/users\/27"}],"replies":[{"embeddable":true,"href":"https:\/\/www.cnbb.org.br\/cnbb-app\/wp\/v2\/comments?post=989817"}],"version-history":[{"count":3,"href":"https:\/\/www.cnbb.org.br\/cnbb-app\/wp\/v2\/posts\/989817\/revisions"}],"predecessor-version":[{"id":989820,"href":"https:\/\/www.cnbb.org.br\/cnbb-app\/wp\/v2\/posts\/989817\/revisions\/989820"}],"wp:attachment":[{"href":"https:\/\/www.cnbb.org.br\/cnbb-app\/wp\/v2\/media?parent=989817"}],"wp:term":[{"taxonomy":"category","embeddable":true,"href":"https:\/\/www.cnbb.org.br\/cnbb-app\/wp\/v2\/categories?post=989817"},{"taxonomy":"post_tag","embeddable":true,"href":"https:\/\/www.cnbb.org.br\/cnbb-app\/wp\/v2\/tags?post=989817"}],"curies":[{"name":"wp","href":"https:\/\/api.w.org\/{rel}","templated":true}]}}