{"id":989821,"date":"2025-10-09T11:30:54","date_gmt":"2025-10-09T14:30:54","guid":{"rendered":"https:\/\/www.cnbb.org.br\/?p=989821"},"modified":"2025-10-09T11:35:59","modified_gmt":"2025-10-09T14:35:59","slug":"novena-e-festa-da-padroeira-dom-ricardo-hoepers-destaca-3-dons-vindos-do-cuidado-de-deus","status":"publish","type":"post","link":"https:\/\/www.cnbb.org.br\/novena-e-festa-da-padroeira-dom-ricardo-hoepers-destaca-3-dons-vindos-do-cuidado-de-deus\/","title":{"rendered":"Novena e Festa da Padroeira: dom Ricardo Hoepers destaca, em sua homilia, 3 dons vindos do cuidado de Deus"},"content":{"rendered":"<p style=\"text-align: justify;\">No sexto dia da Novena Solene em prepara\u00e7\u00e3o \u00e0 Festa da Padroeira, na quarta-feira, 8, foi refletido o tema &#8220;Com Maria, cuidar da vida humana, dom sagrado de Deus&#8221;. O celebrante da noite foi o bispo Auxiliar de Bras\u00edlia (DF) e secret\u00e1rio-geral da Confer\u00eancia Nacional dos Bispos do Brasil (CNBB), dom Ricardo Hoepers.<\/p>\n<p style=\"text-align: justify;\">Concelebraram o arcebispo de Aparecida dom Orlando Brandes; dom Geraldo dos Reis, bispo de Ara\u00e7ua\u00ed (MG); o reitor do Santu\u00e1rio Nacional, padre Eduardo Catalfo; o Superior Provincial da Prov\u00edncia Nossa Senhora Aparecia, padre Marlos Aur\u00e9lio e demais sacerdotes presentes.<\/p>\n<p style=\"text-align: justify;\">Dom Ricardo iniciou sua mensagem de paz lembrando que Deus cuida de cada um de n\u00f3s e seu maior cuidado foi nos dar o dom da vida.<\/p>\n<blockquote>\n<p style=\"text-align: justify;\">&#8220;A vida \u00e9 um dom sagrado, o pr\u00f3prio autor da vida quis ser cuidado no seio da Virgem Maria&#8221;.<\/p>\n<\/blockquote>\n<p style=\"text-align: justify;\">Em seguida, destacou tr\u00eas dons que derivam desse cuidado amoroso de Deus: maternidade, filialidade e fraternidade.<\/p>\n<h3 style=\"text-align: justify;\">Primeiro dom: Maternidade<\/h3>\n<p style=\"text-align: justify;\">Ao falar sobre o primeiro dom de maternidade e paternidade, o bispo citou a entrada das m\u00e3es antes da entroniza\u00e7\u00e3o da imagem de Nossa Senhora Aparecida na noite desta quarta-feira, no Altar Central da Casa da M\u00e3e.<\/p>\n<blockquote>\n<p style=\"text-align: justify;\">\u201cComo n\u00e3o se emocionar com aquelas m\u00e3es adentrando aqui trazidas pelas m\u00e3os de Nossa Senhora, com seus filhos, com as lembran\u00e7as de seus filhos. Pois bem, n\u00f3s devemos acreditar nesta abertura para a vida, abertura de gera\u00e7\u00e3o em gera\u00e7\u00e3o, o dom que Deus nos d\u00e1 de ser pai e de ser m\u00e3e \u00e9 um dom sagrado, n\u00e3o devemos deixar de lado.\u201d<\/p>\n<\/blockquote>\n<figure id=\"attachment_989823\" aria-describedby=\"caption-attachment-989823\" style=\"width: 577px\" class=\"wp-caption aligncenter\"><img decoding=\"async\" loading=\"lazy\" class=\"wp-image-989823\" src=\"https:\/\/www.cnbb.org.br\/wp-content\/uploads\/2025\/10\/Maes_participam_da_Novena_da_Padroeira_2025-172810-1024x683.webp\" alt=\"\" width=\"577\" height=\"385\" srcset=\"https:\/\/www.cnbb.org.br\/wp-content\/uploads\/2025\/10\/Maes_participam_da_Novena_da_Padroeira_2025-172810-1024x683.webp 1024w, https:\/\/www.cnbb.org.br\/wp-content\/uploads\/2025\/10\/Maes_participam_da_Novena_da_Padroeira_2025-172810-300x200.webp 300w, https:\/\/www.cnbb.org.br\/wp-content\/uploads\/2025\/10\/Maes_participam_da_Novena_da_Padroeira_2025-172810-768x512.webp 768w, https:\/\/www.cnbb.org.br\/wp-content\/uploads\/2025\/10\/Maes_participam_da_Novena_da_Padroeira_2025-172810-1536x1024.webp 1536w, https:\/\/www.cnbb.org.br\/wp-content\/uploads\/2025\/10\/Maes_participam_da_Novena_da_Padroeira_2025-172810-500x333.webp 500w, https:\/\/www.cnbb.org.br\/wp-content\/uploads\/2025\/10\/Maes_participam_da_Novena_da_Padroeira_2025-172810.webp 1599w\" sizes=\"(max-width: 577px) 100vw, 577px\" \/><figcaption id=\"caption-attachment-989823\" class=\"wp-caption-text\">Cr\u00e9dito: Thiago Leon<\/figcaption><\/figure>\n<p style=\"text-align: justify;\">Dom Ricardo Hoepers apresentou dados sobre a taxa de fecundidade no Brasil, alegando que o n\u00famero chegou ao menor patamar dos \u00faltimos anos e exortou:<\/p>\n<blockquote>\n<p style=\"text-align: justify;\">\u201cHoje, aqui nesse Santu\u00e1rio, n\u00f3s queremos falar do cora\u00e7\u00e3o da m\u00e3e de Jesus ao cora\u00e7\u00e3o dos jovens casais, das novas fam\u00edlias: n\u00e3o tenham medo de ter filhos. N\u00e3o tenham medo de abrir-se para a vida. N\u00e3o h\u00e1 nada t\u00e3o sublime do que gerar uma nova vida, fruto do amor de Deus compartilhado no amor do esposo e da esposa.\u201d<\/p>\n<\/blockquote>\n<p style=\"text-align: justify;\">Ele ainda destacou que muitas fam\u00edlias adiam os planos de ter filhos ou at\u00e9 mesmo o substituem, colocando outros pontos como prioridade.<\/p>\n<blockquote>\n<p style=\"text-align: justify;\">\u201cA M\u00e3e Aparecida faz hoje um grande apelo ao cora\u00e7\u00e3o das fam\u00edlias: Pais e m\u00e3es n\u00e3o substituam os filhos por nada, n\u00e3o substituam os filhos pelo dinheiro, n\u00e3o substituam os filhos pelo conforto, n\u00e3o substituam os filhos por pets, nada disso vai suprir a voca\u00e7\u00e3o de amar, gerar e cuidar daqueles filhos que Deus confiar a voc\u00eas.\u201d<\/p>\n<\/blockquote>\n<p style=\"text-align: justify;\">O bispo ainda falou sobre a beleza da maternidade, do dom sublime de gerar uma vida, enfatizando que \u201cDeus sopra a alma de cada ser humano no instante da concep\u00e7\u00e3o\u201d.<\/p>\n<blockquote>\n<p style=\"text-align: justify;\">\u201cO ventre da mulher \u00e9 o primeiro santu\u00e1rio da vida e o espa\u00e7o que o criador toca o mundo com seu amor. Na amamenta\u00e7\u00e3o, Deus confiou a gra\u00e7a de nutrir e fortalecer a vida nascente. Assim, Deus uniu a natureza feminina com o dom da ternura, da doa\u00e7\u00e3o, do cuidado, enfim, o dom mais precioso que n\u00f3s temos, que \u00e9 a vida. Deus quis confiar ao cuidado das mulheres.\u201d<\/p>\n<\/blockquote>\n<h3 style=\"text-align: justify;\">Segundo dom: Filialidade<\/h3>\n<p style=\"text-align: justify;\">O secret\u00e1rio-geral da CNBB refletiu sobre sermos filhos amados de Nossa Senhora e reconhecermos sua grandeza, assim como Jesus fez.<\/p>\n<blockquote>\n<p style=\"text-align: justify;\">\u201cEm Maria, todos n\u00f3s somos acolhidos, nutridos, cuidados, pois no seu sim generoso, fomos gerados com Cristo para uma nova vida. Obrigado, Senhor, porque no amor da M\u00e3e Aparecida n\u00f3s continuamos a sentir esse carinho, esse cuidado, essa presen\u00e7a de Deus na nossa vida\u201d.<\/p>\n<\/blockquote>\n<figure id=\"attachment_989824\" aria-describedby=\"caption-attachment-989824\" style=\"width: 549px\" class=\"wp-caption aligncenter\"><img decoding=\"async\" loading=\"lazy\" class=\"wp-image-989824\" src=\"https:\/\/www.cnbb.org.br\/wp-content\/uploads\/2025\/10\/Imagem_de_Nossa_Senhora_Aparecida-679728-1024x683.webp\" alt=\"\" width=\"549\" height=\"366\" srcset=\"https:\/\/www.cnbb.org.br\/wp-content\/uploads\/2025\/10\/Imagem_de_Nossa_Senhora_Aparecida-679728-1024x683.webp 1024w, https:\/\/www.cnbb.org.br\/wp-content\/uploads\/2025\/10\/Imagem_de_Nossa_Senhora_Aparecida-679728-300x200.webp 300w, https:\/\/www.cnbb.org.br\/wp-content\/uploads\/2025\/10\/Imagem_de_Nossa_Senhora_Aparecida-679728-768x512.webp 768w, https:\/\/www.cnbb.org.br\/wp-content\/uploads\/2025\/10\/Imagem_de_Nossa_Senhora_Aparecida-679728-1536x1024.webp 1536w, https:\/\/www.cnbb.org.br\/wp-content\/uploads\/2025\/10\/Imagem_de_Nossa_Senhora_Aparecida-679728-500x333.webp 500w, https:\/\/www.cnbb.org.br\/wp-content\/uploads\/2025\/10\/Imagem_de_Nossa_Senhora_Aparecida-679728.webp 1599w\" sizes=\"(max-width: 549px) 100vw, 549px\" \/><figcaption id=\"caption-attachment-989824\" class=\"wp-caption-text\">Foto: Thiago Leon<\/figcaption><\/figure>\n<h3 style=\"text-align: justify;\">Terceiro dom: Fraternidade<\/h3>\n<p style=\"text-align: justify;\">Ao refletir sobre a fraternidade, o bispo destacou que somos todos irm\u00e3os, \u00e9 nosso dever cuidar do outro, nos preocuparmos com o outro. Assim, destacou que muitas m\u00e3es se santificam em Cristo.<\/p>\n<p style=\"text-align: justify;\">Dom Ricardo citou exemplos de grandes santas que se doaram pela vida de seus filhos, e lembrou das m\u00e3es que n\u00e3o s\u00e3o conhecidas por todo o mundo, das m\u00e3es do nosso dia a dia. Aquelas que enfrentam desafios, que cuidam sozinhas de seus filhos, que d\u00e3o aten\u00e7\u00e3o redobrada para aqueles que possuem algum problema de sa\u00fade ou defici\u00eancia, das m\u00e3es que t\u00eam seus filhos presos em v\u00edcios.<\/p>\n<blockquote>\n<p style=\"text-align: justify;\">\u201cMuitas provavelmente est\u00e3o aqui, est\u00e3o nos acompanhando, encontram em Nossa Senhora o consolo, a for\u00e7a que vem de Deus, pois ele nos deu sua M\u00e3e.\u201d<\/p>\n<\/blockquote>\n<figure id=\"attachment_989825\" aria-describedby=\"caption-attachment-989825\" style=\"width: 550px\" class=\"wp-caption aligncenter\"><img decoding=\"async\" loading=\"lazy\" class=\"wp-image-989825\" src=\"https:\/\/www.cnbb.org.br\/wp-content\/uploads\/2025\/10\/maos_rezando-256025-1024x683.webp\" alt=\"\" width=\"550\" height=\"367\" srcset=\"https:\/\/www.cnbb.org.br\/wp-content\/uploads\/2025\/10\/maos_rezando-256025-1024x683.webp 1024w, https:\/\/www.cnbb.org.br\/wp-content\/uploads\/2025\/10\/maos_rezando-256025-300x200.webp 300w, https:\/\/www.cnbb.org.br\/wp-content\/uploads\/2025\/10\/maos_rezando-256025-768x512.webp 768w, https:\/\/www.cnbb.org.br\/wp-content\/uploads\/2025\/10\/maos_rezando-256025-1536x1024.webp 1536w, https:\/\/www.cnbb.org.br\/wp-content\/uploads\/2025\/10\/maos_rezando-256025-500x333.webp 500w, https:\/\/www.cnbb.org.br\/wp-content\/uploads\/2025\/10\/maos_rezando-256025.webp 1599w\" sizes=\"(max-width: 550px) 100vw, 550px\" \/><figcaption id=\"caption-attachment-989825\" class=\"wp-caption-text\">Foto: Thiago Leon<\/figcaption><\/figure>\n<h3 style=\"text-align: justify;\">Dia do nascituro<\/h3>\n<p style=\"text-align: justify;\">Ao recordar a data que destaca o dia nascituro, uma data para lembrar que a vida humana precisa de respeito e prote\u00e7\u00e3o de todos desde sua concep\u00e7\u00e3o, o bispo refor\u00e7a o posicionamento da Igreja diante de a\u00e7\u00f5es que v\u00e3o contra a vida.<\/p>\n<blockquote>\n<p style=\"text-align: justify;\">\u201cNesse dia do nascituro quando lembramos a vida no ventre materno \u00e9 t\u00e3o pequena, t\u00e3o fr\u00e1gil, t\u00e3o preciosa. A Igreja quer dizer sim ao Evangelho da vida e sempre dir\u00e1 n\u00e3o ao aborto. A vida \u00e9 dom de Deus e tamb\u00e9m um direito fundamental de todos n\u00f3s, por isso queremos sair daqui com esse prop\u00f3sito de ser pr\u00f3 vida desde a fecunda\u00e7\u00e3o at\u00e9 o fim natural\u201d.<\/p>\n<\/blockquote>\n<figure id=\"attachment_989826\" aria-describedby=\"caption-attachment-989826\" style=\"width: 576px\" class=\"wp-caption aligncenter\"><img decoding=\"async\" loading=\"lazy\" class=\"wp-image-989826\" src=\"https:\/\/www.cnbb.org.br\/wp-content\/uploads\/2025\/10\/Dom_Ricardo_Hoepers_celebra_a_Novena_da_Padroeira_2025-842291-1024x683.webp\" alt=\"\" width=\"576\" height=\"384\" srcset=\"https:\/\/www.cnbb.org.br\/wp-content\/uploads\/2025\/10\/Dom_Ricardo_Hoepers_celebra_a_Novena_da_Padroeira_2025-842291-1024x683.webp 1024w, https:\/\/www.cnbb.org.br\/wp-content\/uploads\/2025\/10\/Dom_Ricardo_Hoepers_celebra_a_Novena_da_Padroeira_2025-842291-300x200.webp 300w, https:\/\/www.cnbb.org.br\/wp-content\/uploads\/2025\/10\/Dom_Ricardo_Hoepers_celebra_a_Novena_da_Padroeira_2025-842291-768x512.webp 768w, https:\/\/www.cnbb.org.br\/wp-content\/uploads\/2025\/10\/Dom_Ricardo_Hoepers_celebra_a_Novena_da_Padroeira_2025-842291-1536x1024.webp 1536w, https:\/\/www.cnbb.org.br\/wp-content\/uploads\/2025\/10\/Dom_Ricardo_Hoepers_celebra_a_Novena_da_Padroeira_2025-842291-500x333.webp 500w, https:\/\/www.cnbb.org.br\/wp-content\/uploads\/2025\/10\/Dom_Ricardo_Hoepers_celebra_a_Novena_da_Padroeira_2025-842291.webp 1599w\" sizes=\"(max-width: 576px) 100vw, 576px\" \/><figcaption id=\"caption-attachment-989826\" class=\"wp-caption-text\">Foto: Thiago Leon<\/figcaption><\/figure>\n<p style=\"text-align: justify;\">Ele ainda citou palavras do Papa Le\u00e3o XIV em que ele refor\u00e7a que n\u00e3o basta ser contra o aborto se voc\u00ea apoia a\u00e7\u00f5es que ferem a vida em qualquer uma de suas etapas, como a pena de morte e negar ajuda aos pobres e imigrantes.<\/p>\n<blockquote>\n<p style=\"text-align: justify;\">\u201c\u00c9 preciso amar a vida inteira, em todas as suas formas.\u201d<\/p>\n<\/blockquote>\n<p style=\"text-align: justify;\">Ao final de sua mensagem de paz, dom Ricardo Hoepers pediu a intercess\u00e3o de Nossa Senhora Aparecida no compromisso de todos os crist\u00e3os como verdadeiros defensores da vida.<\/p>\n<blockquote>\n<p style=\"text-align: justify;\">\u201cQuerida M\u00e3e Aparecida, nos ajude a cuidar da vida como um dom sagrado. M\u00e3ezinha, nos ajude a sermos guardi\u00e3es, servidores da vida, mensageiros de paz. Que a vida, desde a concep\u00e7\u00e3o at\u00e9 o final natural, seja reconhecida como dom de Deus, por isso, que todos n\u00f3s sejamos defensores, promotores e cuidadores da vida hoje e sempre.\u201d<\/p>\n<\/blockquote>\n<p>Assista o momento na \u00edntegra:<\/p>\n<div class=\"ast-oembed-container\" style=\"height: 100%;\"><iframe loading=\"lazy\" title=\"Festa da Padroeira 2025 | Novena Solene - 6\u00ba Dia\" width=\"500\" height=\"281\" src=\"https:\/\/www.youtube.com\/embed\/0e0bMt0FNfU?feature=oembed\" frameborder=\"0\" allow=\"accelerometer; autoplay; clipboard-write; encrypted-media; gyroscope; picture-in-picture; web-share\" referrerpolicy=\"strict-origin-when-cross-origin\" allowfullscreen><\/iframe><\/div>\n<p>&nbsp;<\/p>\n<p>&nbsp;<\/p>\n<pre>Por La\u00eds Silva | Foto de capa: Thiago Leon<\/pre>\n<p>&nbsp;<\/p>\n","protected":false},"excerpt":{"rendered":"<p>No sexto dia da Novena Solene em prepara\u00e7\u00e3o \u00e0 Festa da Padroeira, na quarta-feira, 8, foi refletido o tema &#8220;Com Maria, cuidar da vida humana, dom sagrado de Deus&#8221;. O celebrante da noite foi o bispo auxiliar de Bras\u00edlia (DF) e secret\u00e1rio-geral da CNBB, dom Ricardo Hoepers, que iniciou sua mensagem de paz lembrando que Deus cuida de cada um de n\u00f3s <\/p>\n","protected":false},"author":141,"featured_media":989822,"comment_status":"closed","ping_status":"closed","sticky":false,"template":"","format":"standard","meta":{"site-sidebar-layout":"default","site-content-layout":"default","ast-global-header-display":"","ast-banner-title-visibility":"","ast-main-header-display":"","ast-hfb-above-header-display":"","ast-hfb-below-header-display":"","ast-hfb-mobile-header-display":"","site-post-title":"","ast-breadcrumbs-content":"","ast-featured-img":"","footer-sml-layout":"","theme-transparent-header-meta":"default","adv-header-id-meta":"","stick-header-meta":"","header-above-stick-meta":"","header-main-stick-meta":"","header-below-stick-meta":""},"categories":[50,1851],"tags":[4902,6190,3424],"acf":[],"_links":{"self":[{"href":"https:\/\/www.cnbb.org.br\/cnbb-app\/wp\/v2\/posts\/989821"}],"collection":[{"href":"https:\/\/www.cnbb.org.br\/cnbb-app\/wp\/v2\/posts"}],"about":[{"href":"https:\/\/www.cnbb.org.br\/cnbb-app\/wp\/v2\/types\/post"}],"author":[{"embeddable":true,"href":"https:\/\/www.cnbb.org.br\/cnbb-app\/wp\/v2\/users\/141"}],"replies":[{"embeddable":true,"href":"https:\/\/www.cnbb.org.br\/cnbb-app\/wp\/v2\/comments?post=989821"}],"version-history":[{"count":10,"href":"https:\/\/www.cnbb.org.br\/cnbb-app\/wp\/v2\/posts\/989821\/revisions"}],"predecessor-version":[{"id":989847,"href":"https:\/\/www.cnbb.org.br\/cnbb-app\/wp\/v2\/posts\/989821\/revisions\/989847"}],"wp:featuredmedia":[{"embeddable":true,"href":"https:\/\/www.cnbb.org.br\/cnbb-app\/wp\/v2\/media\/989822"}],"wp:attachment":[{"href":"https:\/\/www.cnbb.org.br\/cnbb-app\/wp\/v2\/media?parent=989821"}],"wp:term":[{"taxonomy":"category","embeddable":true,"href":"https:\/\/www.cnbb.org.br\/cnbb-app\/wp\/v2\/categories?post=989821"},{"taxonomy":"post_tag","embeddable":true,"href":"https:\/\/www.cnbb.org.br\/cnbb-app\/wp\/v2\/tags?post=989821"}],"curies":[{"name":"wp","href":"https:\/\/api.w.org\/{rel}","templated":true}]}}