{"id":989883,"date":"2025-10-10T13:26:49","date_gmt":"2025-10-10T16:26:49","guid":{"rendered":"https:\/\/www.cnbb.org.br\/?p=989883"},"modified":"2025-10-10T13:26:49","modified_gmt":"2025-10-10T16:26:49","slug":"no-ambito-do-jubileu-da-vida-consagrada-papa-leao-exorta-para-que-sejam-especialistas-em-sinodalidade","status":"publish","type":"post","link":"https:\/\/www.cnbb.org.br\/no-ambito-do-jubileu-da-vida-consagrada-papa-leao-exorta-para-que-sejam-especialistas-em-sinodalidade\/","title":{"rendered":"No \u00e2mbito do Jubileu da Vida Consagrada, Papa Le\u00e3o exorta para que sejam \u201cespecialistas em sinodalidade\u201d"},"content":{"rendered":"<p style=\"text-align: justify;\">Depois de celebrar a missa por ocasi\u00e3o do Jubileu da Vida Consagrada, o Papa Le\u00e3o voltou a se reunir com os consagrados de todo o mundo na manh\u00e3 desta sexta-feira, no Vaticano, dirigindo a eles um discurso cuja mensagem principal foi a import\u00e2ncia da sinodalidade.<\/p>\n<p style=\"text-align: justify;\">Com efeito, foram muitas as refer\u00eancias a Francisco e a S\u00e3o Paulo VI, mas primeiramente o Santo Padre quis reiterar quanto a Igreja necessita dos consagrados e de toda a diversidade e riqueza das formas de consagra\u00e7\u00e3o e de minist\u00e9rio.<\/p>\n<blockquote>\n<p style=\"text-align: justify;\">&#8220;Com esta vitalidade e com o testemunho de uma vida onde Cristo \u00e9 o centro e o Senhor, voc\u00eas podem contribuir a &#8216;despertar o mundo&#8217;. Neste sentido, deve-se reiterar sempre quanto seja importante para todos voc\u00eas estar radicados Nele. Somente assim, poder\u00e3o realizar a miss\u00e3o de modo mais fecundo, vivendo a voca\u00e7\u00e3o como parte da maravilhosa aventura de seguir Jesus mais de perto.&#8221;<\/p>\n<\/blockquote>\n<p style=\"text-align: justify;\">Os consagrados, disse ainda o Papa, podem se tornar o &#8220;tra\u00e7ado de um caminho luminoso no grande projeto de paz e salva\u00e7\u00e3o que Deus tem para a humanidade&#8221;. Por isso, a exorta\u00e7\u00e3o do Santo Padre \u00e9 para que &#8220;voltem ao cora\u00e7\u00e3o&#8221;, como local no qual redescobrir a centelha que animou o in\u00edcio da pr\u00f3pria voca\u00e7\u00e3o. Com efeito, \u00e9 no cora\u00e7\u00e3o que se produz a paradoxal conex\u00e3o entre a valoriza\u00e7\u00e3o de si e a abertura aos outros.<\/p>\n<p style=\"text-align: justify;\">Al\u00e9m disso, os consagrados s\u00e3o hoje portadores e testemunhas da profunda necessidade de esperan\u00e7a e paz que habita o cora\u00e7\u00e3o de cada homem e mulher do nosso tempo. E o fazem como propagadores da conc\u00f3rdia atrav\u00e9s da palavra e do exemplo, com aquela f\u00e9 que os faz reconhecer em cada ser humano um \u00fanico rosto sagrado e maravilhoso: o de Cristo.<\/p>\n<figure id=\"attachment_989892\" aria-describedby=\"caption-attachment-989892\" style=\"width: 520px\" class=\"wp-caption aligncenter\"><img decoding=\"async\" loading=\"lazy\" class=\"wp-image-989892\" src=\"https:\/\/www.cnbb.org.br\/wp-content\/uploads\/2025\/10\/cq5dam.thumbnail.cropped.1500.844-33-1024x675.jpeg\" alt=\"\" width=\"520\" height=\"343\" srcset=\"https:\/\/www.cnbb.org.br\/wp-content\/uploads\/2025\/10\/cq5dam.thumbnail.cropped.1500.844-33-1024x675.jpeg 1024w, https:\/\/www.cnbb.org.br\/wp-content\/uploads\/2025\/10\/cq5dam.thumbnail.cropped.1500.844-33-300x198.jpeg 300w, https:\/\/www.cnbb.org.br\/wp-content\/uploads\/2025\/10\/cq5dam.thumbnail.cropped.1500.844-33-768x506.jpeg 768w, https:\/\/www.cnbb.org.br\/wp-content\/uploads\/2025\/10\/cq5dam.thumbnail.cropped.1500.844-33-500x330.jpeg 500w, https:\/\/www.cnbb.org.br\/wp-content\/uploads\/2025\/10\/cq5dam.thumbnail.cropped.1500.844-33.jpeg 1280w\" sizes=\"(max-width: 520px) 100vw, 520px\" \/><figcaption id=\"caption-attachment-989892\" class=\"wp-caption-text\">Papa Le\u00e3o encontra os consagrados de todo o mundo | Cr\u00e9dito: Vatican Media<\/figcaption><\/figure>\n<h3 style=\"text-align: justify;\">Sinodalidade, o &#8220;di\u00e1logo dom\u00e9stico&#8221;<\/h3>\n<p style=\"text-align: justify;\">Le\u00e3o XIV falou dos muitos campos de atua\u00e7\u00e3o dos consagrados &#8211; como a fraternidade, junto aos pobres e no cuidado da cria\u00e7\u00e3o -, mas pediu uma aten\u00e7\u00e3o particular \u00e0 promo\u00e7\u00e3o da sinodalidade, retomando uma defini\u00e7\u00e3o de Paulo VI como um &#8220;di\u00e1logo dom\u00e9stico&#8221;. \u00c9 esta miss\u00e3o entusiasmante que hoje \u00e9 confiada a voc\u00eas, disse o Papa, para uma cont\u00ednua renova\u00e7\u00e3o do Corpo de Cristo nas rela\u00e7\u00f5es, nos processos, nos m\u00e9todos. Para o Pont\u00edfice, a organiza\u00e7\u00e3o da pr\u00f3pria Vida Consagrada, com o car\u00e1ter internacional e intercultural dos institutos, a coloca numa condi\u00e7\u00e3o privilegiada para poder viver diariamente valores como escuta rec\u00edproca, participa\u00e7\u00e3o, compartilha de opini\u00f5es e capacidades, e busca comum de caminhos segundo a voz do Esp\u00edrito.<\/p>\n<blockquote>\n<p style=\"text-align: justify;\">\u201cDe tudo isso, a Igreja lhes pede hoje que sejam testemunhas especiais nas v\u00e1rias dimens\u00f5es de sua vida, em primeiro lugar caminhando em comunh\u00e3o com toda a grande fam\u00edlia de Deus, sentindo-a como M\u00e3e e Mestra, compartilhando a alegria de sua voca\u00e7\u00e3o e tamb\u00e9m, onde necess\u00e1rio, superando divis\u00f5es, perdoando injusti\u00e7as sofridas, pedindo perd\u00e3o pelos fechamentos ditados pela autorreferencialidade. Trabalhem para se tornar, dia ap\u00f3s dia, sempre mais &#8216;especialistas de sinodalidade&#8217;, para serem profetas a servi\u00e7o do povo de Deus.\u201d<\/p>\n<\/blockquote>\n<p style=\"text-align: justify;\">Antes de concluir, o Santo Padre convidou os consagrados a olhar para o amanh\u00e3 com serenidade e confian\u00e7a e n\u00e3o terem medo de fazer escolhas corajosas. Como dizia o Papa Francisco, a nossa esperan\u00e7a n\u00e3o se baseia em n\u00fameros ou obras, mas Naquele no qual depositamos a nossa confian\u00e7a e para o qual nada \u00e9 imposs\u00edvel.<\/p>\n<blockquote>\n<p style=\"text-align: justify;\">&#8220;Car\u00edssimos, continuem com esta confian\u00e7a o pr\u00f3prio caminho! Eu lhes agrade\u00e7o pela fidelidade e pelo grande bem que fazem na Igreja e no mundo. E lhes prometo uma lembran\u00e7a especial na ora\u00e7\u00e3o. Eu os aben\u00e7oo de cora\u00e7\u00e3o!&#8221;<\/p>\n<\/blockquote>\n<p>&nbsp;<\/p>\n<p>&nbsp;<\/p>\n<pre>Por Bianca Fraccalvieri | Vatican News. Foto de capa: Vatican Media<\/pre>\n<p>&nbsp;<\/p>\n<p>&nbsp;<\/p>\n","protected":false},"excerpt":{"rendered":"<p>Depois de celebrar a missa por ocasi\u00e3o do Jubileu da Vida Consagrada, o Papa Le\u00e3o voltou a se reunir com os consagrados de todo o mundo na manh\u00e3 desta sexta-feira, no Vaticano, dirigindo a eles um discurso cuja mensagem principal foi a import\u00e2ncia da sinodalidade. Ele reiterou quanto a Igreja necessita dos consagrados e de todas as formas de consagra\u00e7\u00e3o e de minist\u00e9rio<\/p>\n","protected":false},"author":141,"featured_media":989891,"comment_status":"closed","ping_status":"closed","sticky":false,"template":"","format":"standard","meta":{"site-sidebar-layout":"default","site-content-layout":"default","ast-global-header-display":"","ast-banner-title-visibility":"","ast-main-header-display":"","ast-hfb-above-header-display":"","ast-hfb-below-header-display":"","ast-hfb-mobile-header-display":"","site-post-title":"","ast-breadcrumbs-content":"","ast-featured-img":"","footer-sml-layout":"","theme-transparent-header-meta":"default","adv-header-id-meta":"","stick-header-meta":"","header-above-stick-meta":"","header-main-stick-meta":"","header-below-stick-meta":""},"categories":[50,1851],"tags":[5464,5988],"acf":[],"_links":{"self":[{"href":"https:\/\/www.cnbb.org.br\/cnbb-app\/wp\/v2\/posts\/989883"}],"collection":[{"href":"https:\/\/www.cnbb.org.br\/cnbb-app\/wp\/v2\/posts"}],"about":[{"href":"https:\/\/www.cnbb.org.br\/cnbb-app\/wp\/v2\/types\/post"}],"author":[{"embeddable":true,"href":"https:\/\/www.cnbb.org.br\/cnbb-app\/wp\/v2\/users\/141"}],"replies":[{"embeddable":true,"href":"https:\/\/www.cnbb.org.br\/cnbb-app\/wp\/v2\/comments?post=989883"}],"version-history":[{"count":11,"href":"https:\/\/www.cnbb.org.br\/cnbb-app\/wp\/v2\/posts\/989883\/revisions"}],"predecessor-version":[{"id":989896,"href":"https:\/\/www.cnbb.org.br\/cnbb-app\/wp\/v2\/posts\/989883\/revisions\/989896"}],"wp:featuredmedia":[{"embeddable":true,"href":"https:\/\/www.cnbb.org.br\/cnbb-app\/wp\/v2\/media\/989891"}],"wp:attachment":[{"href":"https:\/\/www.cnbb.org.br\/cnbb-app\/wp\/v2\/media?parent=989883"}],"wp:term":[{"taxonomy":"category","embeddable":true,"href":"https:\/\/www.cnbb.org.br\/cnbb-app\/wp\/v2\/categories?post=989883"},{"taxonomy":"post_tag","embeddable":true,"href":"https:\/\/www.cnbb.org.br\/cnbb-app\/wp\/v2\/tags?post=989883"}],"curies":[{"name":"wp","href":"https:\/\/api.w.org\/{rel}","templated":true}]}}