{"id":9899,"date":"2010-02-28T00:00:00","date_gmt":"2010-02-28T03:00:00","guid":{"rendered":"https:\/\/www.cnbb.org.br\/ordenado-o-novo-bispo-de-jatai-posse-sera-no-dia-6\/"},"modified":"2010-02-28T00:00:00","modified_gmt":"2010-02-28T03:00:00","slug":"ordenado-o-novo-bispo-de-jatai-posse-sera-no-dia-6","status":"publish","type":"post","link":"https:\/\/www.cnbb.org.br\/ordenado-o-novo-bispo-de-jatai-posse-sera-no-dia-6\/","title":{"rendered":"Ordenado o novo bispo de Jata\u00ed. Posse ser\u00e1 no dia 6"},"content":{"rendered":"<p style=\"text-align: justify\">Eleito bispo da diocese de Jata\u00ed, no interior do Goi\u00e1s, no dia 16 de dezembro, monsenhor Jos\u00e9 Luiz Majella Delgado recebeu a ordena\u00e7\u00e3o episcopal neste s\u00e1bado, 27, no Santu\u00e1rio Nacional de Nossa Senhora Aparecida, em Aparecida (SP). O ordenante principal, dom Geraldo Lyrio Rocha, exortou o novo bispo a ter um cora\u00e7\u00e3o de pastor que cuida do povo com amor.<\/p>\n<p><!--more--><\/p>\n<p style=\"text-align: justify\">\u201cO minist\u00e9rio episcopal \u00e9 cruz, mas \u00e9 tamb\u00e9m gra\u00e7a\u201d, disse dom Geraldo ao novo bispo.<\/p>\n<p style=\"text-align: justify\">\u201cN\u00e3o tem mais volta. O caminho para minha santidade agora passa pelo episcopado\u201d, disse dom Majella, que \u00e9 da Congrega\u00e7\u00e3o do Sant\u00edssimo Redentor, os redentoristas.<\/p>\n<p style=\"text-align: justify\"><img decoding=\"async\" loading=\"lazy\" class=\" alignright size-full wp-image-2606\" style=\"float: right\" src=\"https:\/\/www.cnbb.org.br\/wp-content\/uploads\/2020\/03\/Dom_Majella3.jpg\" alt=\"Dom_Majella\" width=\"225\" height=\"244\" \/>Visivelmente emocionado, dom Majella aben\u00e7oou o povo e foi ovacionado pelas caravanas de Jata\u00ed que foram participar da ordena\u00e7\u00e3o de seu novo bispo. \u201cA presen\u00e7a de voc\u00eas significa para mim que voc\u00eas confirmam, junto comigo, essa miss\u00e3o e me acolhem com carinho como pastor\u201d, disse.<\/p>\n<p style=\"text-align: justify\">Um dos bispos consagrantes foi o bispo em\u00e9rito de Volta Redonda (RJ), dom Waldir Calheiros, que ordenou dom Majella padre em 1981. O outro consagrante foi o arcebispo de Aparecida, dom Raymundo Damasceno. Outros 25 bispos e mais de uma centena de padres participaram da cerim\u00f4nia.<\/p>\n<p style=\"text-align: justify\">Dom Majella toma posse na diocese de Jata\u00ed no dia 6 de mar\u00e7o. Ele sucede a dom Alo\u00edsio Hil\u00e1rio Pinho, que pediu ren\u00fancia por ter completado 75 anos. Dom Alo\u00edsio tamb\u00e9m participou da ordena\u00e7\u00e3o de seu sucessor.<\/p>\n<p><span style=\"font-size: 8pt\"><strong><em>Fotos: Imprensa-Santu\u00e1rio de Aparecida<\/em><\/strong><\/span><\/p>\n","protected":false},"excerpt":{"rendered":"<p>Eleito bispo da diocese de Jata\u00ed, no interior do Goi\u00e1s, no dia 16 de dezembro, monsenhor Jos\u00e9 Luiz Majella Delgado recebeu a ordena\u00e7\u00e3o episcopal neste s\u00e1bado, 27, no Santu\u00e1rio Nacional de Nossa Senhora Aparecida, em Aparecida (SP). O ordenante principal, dom Geraldo Lyrio Rocha, exortou o novo bispo a ter um cora\u00e7\u00e3o de pastor que &hellip;<\/p>\n<p class=\"read-more\"> <a class=\"\" href=\"https:\/\/www.cnbb.org.br\/ordenado-o-novo-bispo-de-jatai-posse-sera-no-dia-6\/\"> <span class=\"screen-reader-text\">Ordenado o novo bispo de Jata\u00ed. Posse ser\u00e1 no dia 6<\/span> Leia mais &raquo;<\/a><\/p>\n","protected":false},"author":83,"featured_media":9900,"comment_status":"open","ping_status":"open","sticky":false,"template":"","format":"standard","meta":{"site-sidebar-layout":"default","site-content-layout":"default","ast-global-header-display":"","ast-banner-title-visibility":"","ast-main-header-display":"","ast-hfb-above-header-display":"","ast-hfb-below-header-display":"","ast-hfb-mobile-header-display":"","site-post-title":"","ast-breadcrumbs-content":"","ast-featured-img":"","footer-sml-layout":"","theme-transparent-header-meta":"","adv-header-id-meta":"","stick-header-meta":"","header-above-stick-meta":"","header-main-stick-meta":"","header-below-stick-meta":""},"categories":[798],"tags":[],"acf":[],"_links":{"self":[{"href":"https:\/\/www.cnbb.org.br\/cnbb-app\/wp\/v2\/posts\/9899"}],"collection":[{"href":"https:\/\/www.cnbb.org.br\/cnbb-app\/wp\/v2\/posts"}],"about":[{"href":"https:\/\/www.cnbb.org.br\/cnbb-app\/wp\/v2\/types\/post"}],"author":[{"embeddable":true,"href":"https:\/\/www.cnbb.org.br\/cnbb-app\/wp\/v2\/users\/83"}],"replies":[{"embeddable":true,"href":"https:\/\/www.cnbb.org.br\/cnbb-app\/wp\/v2\/comments?post=9899"}],"version-history":[{"count":0,"href":"https:\/\/www.cnbb.org.br\/cnbb-app\/wp\/v2\/posts\/9899\/revisions"}],"wp:featuredmedia":[{"embeddable":true,"href":"https:\/\/www.cnbb.org.br\/cnbb-app\/wp\/v2\/media\/9900"}],"wp:attachment":[{"href":"https:\/\/www.cnbb.org.br\/cnbb-app\/wp\/v2\/media?parent=9899"}],"wp:term":[{"taxonomy":"category","embeddable":true,"href":"https:\/\/www.cnbb.org.br\/cnbb-app\/wp\/v2\/categories?post=9899"},{"taxonomy":"post_tag","embeddable":true,"href":"https:\/\/www.cnbb.org.br\/cnbb-app\/wp\/v2\/tags?post=9899"}],"curies":[{"name":"wp","href":"https:\/\/api.w.org\/{rel}","templated":true}]}}