{"id":990018,"date":"2025-10-13T11:45:30","date_gmt":"2025-10-13T14:45:30","guid":{"rendered":"https:\/\/www.cnbb.org.br\/?p=990018"},"modified":"2025-10-13T11:46:30","modified_gmt":"2025-10-13T14:46:30","slug":"a-oracao-perseverante-e-a-justica-de-deus","status":"publish","type":"post","link":"https:\/\/www.cnbb.org.br\/a-oracao-perseverante-e-a-justica-de-deus\/","title":{"rendered":"A ora\u00e7\u00e3o perseverante e a justi\u00e7a de Deus\u00a0"},"content":{"rendered":"<div style=\"text-align: right;\"><strong>Dom Antonio Carlos Rossi Keller<\/strong><\/div>\n<p style=\"text-align: right;\" aria-level=\"3\"><span data-contrast=\"auto\"><strong>Bispo de Frederico Westphalen (RS)<\/strong><\/span><\/p>\n<p>&nbsp;<\/p>\n<p style=\"text-align: justify;\" aria-level=\"3\"><span data-contrast=\"auto\"><br \/>\nO 29\u00ba Domingo do Tempo Comum do Ano C nos convida fi\u00e9is a refletirmos sobre a <\/span><span data-contrast=\"auto\">for\u00e7a da ora\u00e7\u00e3o perseverante<\/span><span data-contrast=\"auto\"> e a <\/span><span data-contrast=\"auto\">confian\u00e7a na justi\u00e7a de Deus<\/span><span data-contrast=\"auto\">. Em um mundo marcado pela injusti\u00e7a, pela indiferen\u00e7a e pela desesperan\u00e7a, a liturgia deste domingo nos lembra que <\/span><span data-contrast=\"auto\">Deus escuta o clamor dos oprimidos<\/span><span data-contrast=\"auto\"> e age com justi\u00e7a \u2014 embora nem sempre nos tempos e modos que esperamos. A mensagem central \u00e9 clara: <\/span><span data-contrast=\"auto\">n\u00e3o desanimar na ora\u00e7\u00e3o<\/span><span data-contrast=\"auto\">, mas persistir com f\u00e9, sabendo que o Senhor \u00e9 justo e fiel \u00e0 sua alian\u00e7a.<\/span><span data-ccp-props=\"{&quot;201341983&quot;:0,&quot;335551550&quot;:6,&quot;335551620&quot;:6,&quot;335559739&quot;:140,&quot;335559740&quot;:276}\">\u00a0<\/span><\/p>\n<p style=\"text-align: justify;\" aria-level=\"4\"><span data-contrast=\"auto\">Primeira Leitura \u2013 \u00caxodo 17,8-13<\/span><span data-ccp-props=\"{&quot;134245418&quot;:true,&quot;335551550&quot;:6,&quot;335551620&quot;:6,&quot;335559738&quot;:120,&quot;335559739&quot;:120}\">\u00a0<\/span><\/p>\n<p style=\"text-align: justify;\"><span data-contrast=\"auto\">Neste trecho, vemos o povo de Israel que enfrenta os amalecitas no deserto. Enquanto Josu\u00e9 luta no campo de batalha, Mois\u00e9s, no alto do monte, ora com as m\u00e3os erguidas. Sempre que suas m\u00e3os caem, Israel perde terreno; quando s\u00e3o sustentadas, Israel prevalece. A cena simboliza uma verdade espiritual profunda: <\/span><span data-contrast=\"auto\">a vit\u00f3ria do povo depende da ora\u00e7\u00e3o intercess\u00f3ria<\/span><span data-contrast=\"auto\">. Mois\u00e9s n\u00e3o age sozinho \u2014 Ar\u00e3o e Hur o apoiam, mostrando que <\/span><span data-contrast=\"auto\">a ora\u00e7\u00e3o comunit\u00e1ria e solid\u00e1ria \u00e9 fonte de for\u00e7a<\/span><span data-contrast=\"auto\">. A li\u00e7\u00e3o \u00e9 clara: nossa luta espiritual exige const\u00e2ncia na ora\u00e7\u00e3o e apoio m\u00fatuo na f\u00e9.<\/span><span data-ccp-props=\"{&quot;201341983&quot;:0,&quot;335551550&quot;:6,&quot;335551620&quot;:6,&quot;335559739&quot;:140,&quot;335559740&quot;:276}\">\u00a0<\/span><\/p>\n<p style=\"text-align: justify;\" aria-level=\"4\"><span data-contrast=\"auto\">Segunda Leitura \u2013 2 Tim\u00f3teo 3,14\u20134,2<\/span><span data-ccp-props=\"{&quot;134245418&quot;:true,&quot;335551550&quot;:6,&quot;335551620&quot;:6,&quot;335559738&quot;:120,&quot;335559739&quot;:120}\">\u00a0<\/span><\/p>\n<p style=\"text-align: justify;\"><span data-contrast=\"auto\">S\u00e3o Paulo exorta Tim\u00f3teo a <\/span><span data-contrast=\"auto\">permanecer firme na Palavra<\/span><span data-contrast=\"auto\"> que aprendeu desde a inf\u00e2ncia, pois \u201c<\/span><i><span data-contrast=\"auto\">toda a Escritura \u00e9 inspirada por Deus e \u00fatil para ensinar, para repreender, para corrigir, para educar na justi\u00e7a<\/span><\/i><span data-contrast=\"auto\">\u201d. Paulo enfatiza que a Palavra de Deus forma o disc\u00edpulo para toda boa obra. Al\u00e9m disso, ele ordena: \u201c<\/span><i><span data-contrast=\"auto\">Proclama a Palavra, insiste, quer seja oportuno, quer n\u00e3o<\/span><\/i><span data-contrast=\"auto\">\u201d. Aqui, a mensagem se amplia: <\/span><span data-contrast=\"auto\">a ora\u00e7\u00e3o perseverante deve estar unida ao testemunho fiel da Palavra<\/span><span data-contrast=\"auto\">, mesmo diante da adversidade.<\/span><span data-ccp-props=\"{&quot;201341983&quot;:0,&quot;335551550&quot;:6,&quot;335551620&quot;:6,&quot;335559739&quot;:140,&quot;335559740&quot;:276}\">\u00a0<\/span><\/p>\n<p style=\"text-align: justify;\" aria-level=\"4\"><span data-contrast=\"auto\">Evangelho \u2013 Lucas 18,1-8<\/span><span data-ccp-props=\"{&quot;134245418&quot;:true,&quot;335551550&quot;:6,&quot;335551620&quot;:6,&quot;335559738&quot;:120,&quot;335559739&quot;:120}\">\u00a0<\/span><\/p>\n<p style=\"text-align: justify;\"><span data-contrast=\"auto\">Jesus conta a par\u00e1bola da <\/span><span data-contrast=\"auto\">vi\u00fava insistente e do juiz injusto<\/span><span data-contrast=\"auto\">. A vi\u00fava, sem recursos nem influ\u00eancia, obt\u00e9m justi\u00e7a apenas por sua persist\u00eancia. Jesus conclui: \u201c<\/span><i><span data-contrast=\"auto\">Se at\u00e9 um juiz injusto cede \u00e0 insist\u00eancia, quanto mais Deus, que \u00e9 justo, n\u00e3o far\u00e1 justi\u00e7a aos seus escolhidos que dia e noite clamam por ele?<\/span><\/i><span data-contrast=\"auto\">\u201d A par\u00e1bola n\u00e3o sugere que Deus precise ser convencido, mas que <\/span><span data-contrast=\"auto\">a ora\u00e7\u00e3o constante revela nossa confian\u00e7a nele<\/span><span data-contrast=\"auto\">. O final provocador \u2014 \u201c<\/span><i><span data-contrast=\"auto\">Mas, quando o Filho do Homem vier, encontrar\u00e1 f\u00e9 na terra?<\/span><\/i><span data-contrast=\"auto\">\u201d \u2014 nos desafia a manter viva a chama da f\u00e9 e da ora\u00e7\u00e3o, mesmo em tempos dif\u00edceis.<\/span><span data-ccp-props=\"{&quot;201341983&quot;:0,&quot;335551550&quot;:6,&quot;335551620&quot;:6,&quot;335559739&quot;:140,&quot;335559740&quot;:276}\">\u00a0<\/span><\/p>\n<p style=\"text-align: justify;\"><span data-contrast=\"auto\">Diante da riqueza espiritual deste domingo, eis tr\u00eas sugest\u00f5es concretas para viver sua mensagem no cotidiano:<\/span><span data-ccp-props=\"{&quot;201341983&quot;:0,&quot;335551550&quot;:6,&quot;335551620&quot;:6,&quot;335559739&quot;:140,&quot;335559740&quot;:276}\">\u00a0<\/span><\/p>\n<p><span data-contrast=\"auto\">Cultivar uma ora\u00e7\u00e3o di\u00e1ria perseverante<\/span><span data-ccp-props=\"{&quot;201341983&quot;:0,&quot;335551550&quot;:6,&quot;335551620&quot;:6,&quot;335559739&quot;:140,&quot;335559740&quot;:276,&quot;469777462&quot;:[709],&quot;469777927&quot;:[0],&quot;469777928&quot;:[1]}\">\u00a0<\/span><\/p>\n<p style=\"text-align: justify;\"><span data-contrast=\"auto\">Podemos reservar um tempo fixo todos os dias para orar, mesmo que brevemente. N\u00e3o se trata de quantidade, mas de <\/span><span data-contrast=\"auto\">fidelidade<\/span><span data-contrast=\"auto\">. Orar pelos necessitados, pela justi\u00e7a no mundo, pelas inten\u00e7\u00f5es da Igreja. A ora\u00e7\u00e3o constante fortalece a alma e nos conecta \u00e0 vontade de Deus.<\/span><span data-ccp-props=\"{&quot;201341983&quot;:0,&quot;335551550&quot;:6,&quot;335551620&quot;:6,&quot;335559685&quot;:709,&quot;335559739&quot;:140,&quot;335559740&quot;:276}\">\u00a0<\/span><\/p>\n<p><span data-contrast=\"auto\">Ser intercessor na Comunidade<\/span><span data-ccp-props=\"{&quot;201341983&quot;:0,&quot;335551550&quot;:6,&quot;335551620&quot;:6,&quot;335559739&quot;:140,&quot;335559740&quot;:276,&quot;469777462&quot;:[709],&quot;469777927&quot;:[0],&quot;469777928&quot;:[1]}\">\u00a0<\/span><\/p>\n<p style=\"text-align: justify;\"><span data-contrast=\"auto\">Assim como Ar\u00e3o e Hur sustentaram os bra\u00e7os de Mois\u00e9s, podemos <\/span><span data-contrast=\"auto\">apoiar espiritualmente os outros<\/span><span data-contrast=\"auto\">. Participando, por exemplo, de grupos de ora\u00e7\u00e3o, podemos nos oferecer para rezar por quem est\u00e1 passando por dificuldades, e n\u00e3o subestimar o poder da ora\u00e7\u00e3o feita em Comunidade, especialmente a ora\u00e7\u00e3o lit\u00fargica da santa Missa.\u00a0<\/span><span data-ccp-props=\"{&quot;201341983&quot;:0,&quot;335551550&quot;:6,&quot;335551620&quot;:6,&quot;335559685&quot;:709,&quot;335559739&quot;:140,&quot;335559740&quot;:276}\">\u00a0<\/span><\/p>\n<p><span data-contrast=\"auto\">Anunciar a Palavra com coragem<\/span><span data-ccp-props=\"{&quot;201341983&quot;:0,&quot;335551550&quot;:6,&quot;335551620&quot;:6,&quot;335559739&quot;:140,&quot;335559740&quot;:276,&quot;469777462&quot;:[709],&quot;469777927&quot;:[0],&quot;469777928&quot;:[1]}\">\u00a0<\/span><\/p>\n<p style=\"text-align: justify;\"><span data-contrast=\"auto\">Seguindo o exemplo de Tim\u00f3teo, podemos procurar crescer diante do medo <\/span><span data-contrast=\"auto\">de testemunhar a f\u00e9<\/span><span data-contrast=\"auto\">, mesmo quando for inconveniente. Isso pode ser feito com palavras, mas tamb\u00e9m com gestos de justi\u00e7a, compaix\u00e3o e verdade. A vida crist\u00e3 \u00e9 uma cont\u00ednua proclama\u00e7\u00e3o do Evangelho.<\/span><span data-ccp-props=\"{&quot;201341983&quot;:0,&quot;335551550&quot;:6,&quot;335551620&quot;:6,&quot;335559685&quot;:709,&quot;335559739&quot;:140,&quot;335559740&quot;:276}\">\u00a0<\/span><\/p>\n<p style=\"text-align: justify;\"><span data-contrast=\"auto\">Conclus\u00e3o<\/span><br \/>\n<span data-contrast=\"auto\">O 29\u00ba Domingo do Tempo Comum nos convida a n\u00e3o desfalecer na ora\u00e7\u00e3o, a confiar na justi\u00e7a divina e a sermos testemunhas ativas da Palavra. Que, como a vi\u00fava da par\u00e1bola, nossa f\u00e9 se expresse na <\/span><span data-contrast=\"auto\">persist\u00eancia da s\u00faplica<\/span><span data-contrast=\"auto\"> e na <\/span><span data-contrast=\"auto\">coragem do testemunho<\/span><span data-contrast=\"auto\">, sabendo que o Senhor ouve e age \u2014 sempre no tempo certo, mas nunca em v\u00e3o.<\/span><span data-ccp-props=\"{&quot;201341983&quot;:0,&quot;335551550&quot;:6,&quot;335551620&quot;:6,&quot;335559739&quot;:140,&quot;335559740&quot;:276}\">\u00a0<\/span><\/p>\n<p><span data-ccp-props=\"{}\">\u00a0<\/span><\/p>\n","protected":false},"excerpt":{"rendered":"<p>Dom Antonio Carlos Rossi Keller Bispo de Frederico Westphalen (RS) &nbsp; O 29\u00ba Domingo do Tempo Comum do Ano C nos convida fi\u00e9is a refletirmos sobre a for\u00e7a da ora\u00e7\u00e3o perseverante e a confian\u00e7a na justi\u00e7a de Deus. Em um mundo marcado pela injusti\u00e7a, pela indiferen\u00e7a e pela desesperan\u00e7a, a liturgia deste domingo nos lembra &hellip;<\/p>\n<p class=\"read-more\"> <a class=\"\" href=\"https:\/\/www.cnbb.org.br\/a-oracao-perseverante-e-a-justica-de-deus\/\"> <span class=\"screen-reader-text\">A ora\u00e7\u00e3o perseverante e a justi\u00e7a de Deus\u00a0<\/span> Leia mais &raquo;<\/a><\/p>\n","protected":false},"author":1821,"featured_media":0,"comment_status":"closed","ping_status":"closed","sticky":false,"template":"","format":"standard","meta":{"site-sidebar-layout":"default","site-content-layout":"default","ast-global-header-display":"","ast-banner-title-visibility":"","ast-main-header-display":"","ast-hfb-above-header-display":"","ast-hfb-below-header-display":"","ast-hfb-mobile-header-display":"","site-post-title":"","ast-breadcrumbs-content":"","ast-featured-img":"","footer-sml-layout":"","theme-transparent-header-meta":"default","adv-header-id-meta":"","stick-header-meta":"","header-above-stick-meta":"","header-main-stick-meta":"","header-below-stick-meta":""},"categories":[758],"tags":[],"acf":[],"_links":{"self":[{"href":"https:\/\/www.cnbb.org.br\/cnbb-app\/wp\/v2\/posts\/990018"}],"collection":[{"href":"https:\/\/www.cnbb.org.br\/cnbb-app\/wp\/v2\/posts"}],"about":[{"href":"https:\/\/www.cnbb.org.br\/cnbb-app\/wp\/v2\/types\/post"}],"author":[{"embeddable":true,"href":"https:\/\/www.cnbb.org.br\/cnbb-app\/wp\/v2\/users\/1821"}],"replies":[{"embeddable":true,"href":"https:\/\/www.cnbb.org.br\/cnbb-app\/wp\/v2\/comments?post=990018"}],"version-history":[{"count":2,"href":"https:\/\/www.cnbb.org.br\/cnbb-app\/wp\/v2\/posts\/990018\/revisions"}],"predecessor-version":[{"id":990020,"href":"https:\/\/www.cnbb.org.br\/cnbb-app\/wp\/v2\/posts\/990018\/revisions\/990020"}],"wp:attachment":[{"href":"https:\/\/www.cnbb.org.br\/cnbb-app\/wp\/v2\/media?parent=990018"}],"wp:term":[{"taxonomy":"category","embeddable":true,"href":"https:\/\/www.cnbb.org.br\/cnbb-app\/wp\/v2\/categories?post=990018"},{"taxonomy":"post_tag","embeddable":true,"href":"https:\/\/www.cnbb.org.br\/cnbb-app\/wp\/v2\/tags?post=990018"}],"curies":[{"name":"wp","href":"https:\/\/api.w.org\/{rel}","templated":true}]}}