{"id":990212,"date":"2025-10-20T13:29:56","date_gmt":"2025-10-20T16:29:56","guid":{"rendered":"https:\/\/www.cnbb.org.br\/?p=990212"},"modified":"2025-10-20T13:32:13","modified_gmt":"2025-10-20T16:32:13","slug":"dom-joao-justino-congresso-brasileiro-humanismo-solidario-na-ciencia","status":"publish","type":"post","link":"https:\/\/www.cnbb.org.br\/dom-joao-justino-congresso-brasileiro-humanismo-solidario-na-ciencia\/","title":{"rendered":"Dom Jo\u00e3o Justino: \u201cO humanismo solid\u00e1rio representa a perspectiva antropol\u00f3gica da Igreja\u201d"},"content":{"rendered":"<p>Os desafios \u00e9ticos e humanos da era digital estiveram no centro de reflex\u00f5es e debates do IV Congresso Brasileiro de Humanismo Solid\u00e1rio na Ci\u00eancia, realizado entre os dias 15 e 18 de outubro, na Pontif\u00edcia Universidade Cat\u00f3lica de Goi\u00e1s (PUC-Goi\u00e1s), em Goi\u00e2nia (GO). O evento foi uma iniciativa da Sociedade Brasileira de Cientistas Cat\u00f3licos (SBCC) e da Comiss\u00e3o Episcopal para a Cultura e a Educa\u00e7\u00e3o da Confer\u00eancia Nacional dos Bispos do Brasil (CNBB).<\/p>\n<p>A abertura do Congresso teve a presen\u00e7a do arcebispo de Goi\u00e2nia (GO) e primeiro vice-presidente da CNBB, dom Jo\u00e3o Justino de Medeiros Silva. Como\u00a0gr\u00e3o-chanceler da PUC Goi\u00e1s e arcebispo local, ele manifestou a alegria e o reconhecimento por acolher o evento na capital goiana.<\/p>\n<blockquote><p>\u201cEste congresso \u00e9 resultado de um projeto de leigos, professores e professoras universit\u00e1rios que, vindos das experi\u00eancias de pastoral universit\u00e1ria, sentiram a necessidade de levar para o n\u00edvel acad\u00eamico a rela\u00e7\u00e3o entre ci\u00eancia e f\u00e9. O humanismo solid\u00e1rio representa a perspectiva antropol\u00f3gica da Igreja, a maneira como, \u00e0 luz da f\u00e9, ela v\u00ea o ser humano\u201d, destacou.<\/p><\/blockquote>\n<figure style=\"width: 2048px\" class=\"wp-caption aligncenter\"><img decoding=\"async\" loading=\"lazy\" src=\"https:\/\/www.pucgoias.edu.br\/wp-content\/uploads\/2025\/10\/251016-Abertura-IV-Congresso-Brasileiro-de-Humanismo-Solidario-na-Ciencia-WA-181.jpg\" alt=\"Abertura IV Congresso Brasileiro de Humanismo Solid\u00e1rio na Ci\u00eancia\" width=\"2048\" height=\"1365\" \/><figcaption class=\"wp-caption-text\">Dom Jo\u00e3o Justino na abertura do IV Congresso Brasileiro de Humanismo Solid\u00e1rio na Ci\u00eancia | Foto: Wagmar Alves<\/figcaption><\/figure>\n<p>O congresso integrou a programa\u00e7\u00e3o do XI Congresso de Ci\u00eancia, Tecnologia e Inova\u00e7\u00e3o da PUC Goi\u00e1s. O tema central proposto foi \u201cHumanismo e Esperan\u00e7a no Horizonte da Intelig\u00eancia Artificial\u201d, favorecendo um amplo debate sobre a dimens\u00e3o \u00e9tica das profiss\u00f5es, a integralidade do ser humano e a solidariedade crist\u00e3 no contexto dos avan\u00e7os tecnol\u00f3gicos.<\/p>\n<p>O presidente da SBCC, professor Tiago Paulino, do CEFET-MG, destacou a relev\u00e2ncia da iniciativa. Para ele, a import\u00e2ncia do congresso \u00e9 a possibilidade de trabalhar &#8220;com o paradigma do humanismo solid\u00e1rio e do humanismo crist\u00e3o nas diferentes \u00e1reas do conhecimento acad\u00eamico&#8221;.<\/p>\n<blockquote><p>&#8220;\u00c9 fundamental come\u00e7ar a enxergar a pesquisa a partir dessa \u00f3tica [do humanismo solid\u00e1rio e do humanismo crist\u00e3o], que permite desenvolver conhecimento em todas as \u00e1reas sob essa perspectiva\u201d, afirmou.<\/p><\/blockquote>\n<p>Ao abordar o tema da edi\u00e7\u00e3o, Paulino explicou que a intelig\u00eancia artificial est\u00e1 no centro das discuss\u00f5es contempor\u00e2neas sobre \u00e9tica e ci\u00eancia. \u201cBuscamos trazer para essa discuss\u00e3o as preocupa\u00e7\u00f5es \u00e9ticas que precisam estar por tr\u00e1s do desenvolvimento da IA. Al\u00e9m disso, queremos refletir sobre como podemos usar essas ferramentas no dia a dia para impulsionar a pesquisa e contribuir com o desenvolvimento acad\u00eamico e social\u201d, completou.<\/p>\n<p>A pr\u00f3-reitora de P\u00f3s-Gradua\u00e7\u00e3o e Pesquisa da PUC Goi\u00e1s, professora Priscila Valverde, que preside o XI Congresso de Ci\u00eancia e Tecnologia, ressaltou que o evento refor\u00e7a o papel da universidade como promotora do di\u00e1logo entre f\u00e9, raz\u00e3o e inova\u00e7\u00e3o cient\u00edfica.<\/p>\n<blockquote><p>\u201c\u00c9 um privil\u00e9gio integrar na nossa programa\u00e7\u00e3o um congresso que coloca em evid\u00eancia a \u00e9tica, a solidariedade e a esperan\u00e7a como fundamentos da produ\u00e7\u00e3o cient\u00edfica. A discuss\u00e3o sobre a intelig\u00eancia artificial, sob a \u00f3tica do humanismo solid\u00e1rio, \u00e9 essencial para o futuro da ci\u00eancia e da sociedade\u201d, afirmou.<\/p><\/blockquote>\n<p><img decoding=\"async\" class=\"aligncenter\" src=\"https:\/\/www.pucgoias.edu.br\/wp-content\/uploads\/2025\/10\/251016-Abertura-IV-Congresso-Brasileiro-de-Humanismo-Solidario-na-Ciencia-WA-136.jpg\" alt=\"251016 &amp;#8211; Abertura IV Congresso Brasileiro de Humanismo Solid\u00e1rio na Ci\u00eancia WA 136\" \/><\/p>\n<p>&nbsp;<\/p>\n<h3>Desafios \u00e9ticos e humanos na era digital<\/h3>\n<p>Com tr\u00eas grandes \u00e1reas tem\u00e1ticas \u2014 Ci\u00eancias da Vida, Humanidades e Ci\u00eancias Exatas e Tecnol\u00f3gicas \u2014, o IV Congresso Brasileiro de Humanismo Solid\u00e1rio na Ci\u00eancia reuniu pesquisadores, docentes e estudantes de diversas institui\u00e7\u00f5es para debater os desafios \u00e9ticos e humanos da era digital.<\/p>\n<p>Foram realizados diversos momentos de reflex\u00e3o e interc\u00e2mbio acad\u00eamico, incluindo confer\u00eancias, mesas tem\u00e1ticas, minicursos, apresenta\u00e7\u00f5es de trabalhos cient\u00edficos, lan\u00e7amentos de livros e atividades de espiritualidade.<\/p>\n<p>A professora Sumaia Midlej, presidente do Congresso pela SBCC, destacou o car\u00e1ter \u00e9tico e humanista que norteou as discuss\u00f5es sobre as intelig\u00eancias artificiais.<\/p>\n<blockquote><p>\u201cCom a populariza\u00e7\u00e3o das intelig\u00eancias artificiais, a sociedade e o mundo acad\u00eamico, al\u00e9m de experimentarem as suas potencialidades, tamb\u00e9m t\u00eam feito a experi\u00eancia dos seus efeitos delet\u00e9rios. \u00c9 em raz\u00e3o disso que nestes dias estamos nos ocupando de refletir sobre como o humanismo crist\u00e3o pode contribuir no desenvolvimento e no uso das intelig\u00eancias artificiais em vista da constru\u00e7\u00e3o de uma sociedade mais justa, solid\u00e1ria e fraterna\u201d, afirmou.<\/p><\/blockquote>\n<p>A jornalista e doutoranda em Geografia pela PUC Minas, Jana\u00edna Santos, ressaltou que o congresso foi um espa\u00e7o valioso de aprendizado, permitindo conhecer iniciativas acad\u00eamicas de cientistas, professores e estudantes cat\u00f3licos de todo o Brasil, que promovem um humanismo solid\u00e1rio guiado pela Doutrina Social da Igreja, influenciando a sociedade e a vida eclesial com respostas e caminhos diante dos desafios contempor\u00e2neos.<\/p>\n<p>&nbsp;<\/p>\n<h3>Balan\u00e7o<\/h3>\n<p>Ao todo, o evento contou com 64 trabalhos apresentados, 125 autores, 16 horas de programa\u00e7\u00f5es acad\u00eamicas, 94 institui\u00e7\u00f5es participantes e aproximadamente 600 inscritos, configurando uma das edi\u00e7\u00f5es mais representativas desde a cria\u00e7\u00e3o do congresso.<\/p>\n<p>Para a SBCC, o IV Congresso Brasileiro de Humanismo Solid\u00e1rio na Ci\u00eancia reafirmou o prop\u00f3sito original da entidade de promover o encontro fecundo entre f\u00e9 e raz\u00e3o, ci\u00eancia e espiritualidade, oferecendo ao mundo acad\u00eamico uma vis\u00e3o crist\u00e3 do conhecimento e da dignidade humana. Ao reunir pesquisadores, professores e estudantes comprometidos com o di\u00e1logo entre a tradi\u00e7\u00e3o da Igreja e os desafios contempor\u00e2neos, o congresso renovou a convic\u00e7\u00e3o de que o humanismo crist\u00e3o permanece como caminho seguro para pensar a ci\u00eancia a servi\u00e7o da vida, da solidariedade e da esperan\u00e7a.<\/p>\n<p>A\u00a0Sociedade Brasileira de Cientistas Cat\u00f3licos tamb\u00e9m realizou sua Assembleia Geral Ordin\u00e1ria, no \u00faltimo dia do encontro. Foram aprovadas a reforma do Estatuto Social e a elei\u00e7\u00e3o de novos vice-presidentes \u2014 o professor doutor Everton Oliveira, para a Vice-Presid\u00eancia Cient\u00edfica, e o padre mestre Danilo Pinto dos Santos, para a Vice-Presid\u00eancia Teol\u00f3gico-Pastoral.<\/p>\n<p>A assembleia tamb\u00e9m consolidou a constitui\u00e7\u00e3o dos representantes regionais da SBCC e a cria\u00e7\u00e3o dos novos comit\u00eas de pesquisa, fortalecendo a estrutura nacional da entidade e ampliando sua presen\u00e7a acad\u00eamica e pastoral em todo o pa\u00eds. Essas decis\u00f5es marcam um avan\u00e7o significativo na organiza\u00e7\u00e3o da SBCC, reafirmando seu compromisso com a excel\u00eancia cient\u00edfica e a fidelidade \u00e0 identidade cat\u00f3lica.<\/p>\n<p>&nbsp;<\/p>\n<h3>Comiss\u00e3o para a Cultura e a Educa\u00e7\u00e3o<\/h3>\n<p>Da parte da Comiss\u00e3o para a Cultura e a Educa\u00e7\u00e3o da CNBB, participaram do evento o bispo de Luzi\u00e2nia (GO) e referencial do Setor Educa\u00e7\u00e3o, dom Francisco Agamenilton Damascena, e o assessor do Setor Universidades, padre <span style=\"font-size: 16px;\">Jo\u00e3o Paulo dos Santos Silva.<\/span><\/p>\n<figure style=\"width: 2048px\" class=\"wp-caption aligncenter\"><img decoding=\"async\" loading=\"lazy\" src=\"https:\/\/www.pucgoias.edu.br\/wp-content\/uploads\/2025\/10\/251016-Abertura-IV-Congresso-Brasileiro-de-Humanismo-Solidario-na-Ciencia-WA-110.jpg\" alt=\"Abertura IV Congresso Brasileiro de Humanismo Solid\u00e1rio na Ci\u00eancia WA 110\" width=\"2048\" height=\"1365\" \/><figcaption class=\"wp-caption-text\">Padre Jo\u00e3o Paulo e dom Francisco Agamenilton | Foto: Wagmar Alves\/PUC Goi\u00e1s<\/figcaption><\/figure>\n<p>&nbsp;<\/p>\n<p>&nbsp;<\/p>\n<pre>Com informa\u00e7\u00f5es da PUC-Goi\u00e1s e SBCC | Fotos: Wagmar Alves\/PUC Goi\u00e1s<\/pre>\n","protected":false},"excerpt":{"rendered":"<p>Primeiro vice-presidente da CNBB participou da abertura do IV Congresso Brasileiro de Humanismo Solid\u00e1rio na Ci\u00eancia, realizado entre os dias 15 e 18 de outubro, na PUC-Goi\u00e1s, em Goi\u00e2nia (GO). O evento foi uma iniciativa da Sociedade Brasileira de Cientistas Cat\u00f3licos (SBCC) e da Comiss\u00e3o Episcopal para a Cultura e a Educa\u00e7\u00e3o da CNBB\u00a0\u00a0<\/p>\n","protected":false},"author":38,"featured_media":990213,"comment_status":"closed","ping_status":"closed","sticky":false,"template":"","format":"standard","meta":{"site-sidebar-layout":"default","site-content-layout":"default","ast-global-header-display":"","ast-banner-title-visibility":"","ast-main-header-display":"","ast-hfb-above-header-display":"","ast-hfb-below-header-display":"","ast-hfb-mobile-header-display":"","site-post-title":"","ast-breadcrumbs-content":"","ast-featured-img":"","footer-sml-layout":"","theme-transparent-header-meta":"default","adv-header-id-meta":"","stick-header-meta":"","header-above-stick-meta":"","header-main-stick-meta":"","header-below-stick-meta":""},"categories":[799,50],"tags":[1917],"acf":[],"_links":{"self":[{"href":"https:\/\/www.cnbb.org.br\/cnbb-app\/wp\/v2\/posts\/990212"}],"collection":[{"href":"https:\/\/www.cnbb.org.br\/cnbb-app\/wp\/v2\/posts"}],"about":[{"href":"https:\/\/www.cnbb.org.br\/cnbb-app\/wp\/v2\/types\/post"}],"author":[{"embeddable":true,"href":"https:\/\/www.cnbb.org.br\/cnbb-app\/wp\/v2\/users\/38"}],"replies":[{"embeddable":true,"href":"https:\/\/www.cnbb.org.br\/cnbb-app\/wp\/v2\/comments?post=990212"}],"version-history":[{"count":3,"href":"https:\/\/www.cnbb.org.br\/cnbb-app\/wp\/v2\/posts\/990212\/revisions"}],"predecessor-version":[{"id":990216,"href":"https:\/\/www.cnbb.org.br\/cnbb-app\/wp\/v2\/posts\/990212\/revisions\/990216"}],"wp:featuredmedia":[{"embeddable":true,"href":"https:\/\/www.cnbb.org.br\/cnbb-app\/wp\/v2\/media\/990213"}],"wp:attachment":[{"href":"https:\/\/www.cnbb.org.br\/cnbb-app\/wp\/v2\/media?parent=990212"}],"wp:term":[{"taxonomy":"category","embeddable":true,"href":"https:\/\/www.cnbb.org.br\/cnbb-app\/wp\/v2\/categories?post=990212"},{"taxonomy":"post_tag","embeddable":true,"href":"https:\/\/www.cnbb.org.br\/cnbb-app\/wp\/v2\/tags?post=990212"}],"curies":[{"name":"wp","href":"https:\/\/api.w.org\/{rel}","templated":true}]}}