{"id":990377,"date":"2025-10-24T10:02:37","date_gmt":"2025-10-24T13:02:37","guid":{"rendered":"https:\/\/www.cnbb.org.br\/?p=990377"},"modified":"2025-10-24T10:28:25","modified_gmt":"2025-10-24T13:28:25","slug":"relatorio-aponta-que-mais-de-5-bilhoes-de-pessoas-vivem-em-paises-com-graves-violacoes-a-liberdade-religiosa","status":"publish","type":"post","link":"https:\/\/www.cnbb.org.br\/relatorio-aponta-que-mais-de-5-bilhoes-de-pessoas-vivem-em-paises-com-graves-violacoes-a-liberdade-religiosa\/","title":{"rendered":"Relat\u00f3rio aponta que mais de 5 bilh\u00f5es de pessoas vivem em pa\u00edses com graves viola\u00e7\u00f5es \u00e0 liberdade religiosa"},"content":{"rendered":"<p style=\"text-align: justify;\">Em meio a um cen\u00e1rio global de instabilidade &#8211; que vai da guerra na Ucr\u00e2nia ao conflito na Terra Santa e \u00e0 ascens\u00e3o de regimes autorit\u00e1rios &#8211; a liberdade religiosa enfrenta um processo de eros\u00e3o alarmante. O Relat\u00f3rio de Liberdade Religiosa no Mundo 2025, publicado pela Funda\u00e7\u00e3o Ajuda \u00e0 Igreja que Sofre (ACN), revela que 62 pa\u00edses registram graves viola\u00e7\u00f5es desse direito fundamental, afetando mais de 5,4 bilh\u00f5es de pessoas, o equivalente a quase dois ter\u00e7os da popula\u00e7\u00e3o mundial.<\/p>\n<p style=\"text-align: justify;\">De acordo com o levantamento, 24 pa\u00edses foram classificados na categoria mais grave, de \u201cpersegui\u00e7\u00e3o\u201d, e outros 38 como \u201cdiscrimina\u00e7\u00e3o\u201d. Apenas dois pa\u00edses &#8211;\u00a0 Cazaquist\u00e3o e Sri Lanka &#8211; apresentaram melhorias no per\u00edodo analisado, entre 1\u00ba de janeiro de 2023 e 31 de dezembro de 2024.<\/p>\n<h4 style=\"text-align: justify;\">Governos autorit\u00e1rios e extremismo religioso s\u00e3o principais amea\u00e7as<\/h4>\n<p style=\"text-align: justify;\">O relat\u00f3rio identifica os regimes autorit\u00e1rios como a maior amea\u00e7a \u00e0 liberdade religiosa. Em pa\u00edses como China, Eritreia, Ir\u00e3 e Nicar\u00e1gua, os governos imp\u00f5em leis restritivas, vigil\u00e2ncia em massa e repress\u00e3o sistem\u00e1tica a grupos religiosos. O autoritarismo \u00e9 apontado como respons\u00e1vel direto pela persegui\u00e7\u00e3o em 19 pa\u00edses e pela discrimina\u00e7\u00e3o em outros 33.<\/p>\n<p style=\"text-align: justify;\">Outra for\u00e7a destrutiva \u00e9 o extremismo jihadista, que se espalha com rapidez por regi\u00f5es como o Sahel, a \u00c1frica Central e o Oriente M\u00e9dio. Grupos como o JNIM, o Estado Isl\u00e2mico da Prov\u00edncia do Sahel e o ISCAP ampliam o controle territorial, atacando comunidades crist\u00e3s e mu\u00e7ulmanas que n\u00e3o aderem \u00e0 sua ideologia.<\/p>\n<h3>Nacionalismo religioso e deslocamentos for\u00e7ados<\/h3>\n<p style=\"text-align: justify;\">O relat\u00f3rio tamb\u00e9m alerta para o crescimento do nacionalismo \u00e9tnico-religioso, que refor\u00e7a a exclus\u00e3o e a repress\u00e3o das minorias. Pa\u00edses como \u00cdndia e Mianmar s\u00e3o exemplos de persegui\u00e7\u00e3o \u201ch\u00edbrida\u201d, combinando repress\u00e3o legal e viol\u00eancia popular. J\u00e1 na Palestina, Israel, Sri Lanka e Nepal, a discrimina\u00e7\u00e3o tem car\u00e1ter institucional.<\/p>\n<p style=\"text-align: justify;\">Essas din\u00e2micas alimentam uma crise humanit\u00e1ria silenciosa: a migra\u00e7\u00e3o for\u00e7ada por motivos religiosos. Milh\u00f5es de pessoas t\u00eam fugido da viol\u00eancia, especialmente em pa\u00edses como Nig\u00e9ria, Burkina Faso, N\u00edger, Mali e Sud\u00e3o, onde comunidades inteiras foram desarraigadas e templos destru\u00eddos.<\/p>\n<h3>Crime organizado e guerras agravam o cen\u00e1rio<\/h3>\n<p style=\"text-align: justify;\">O estudo mostra que o crime organizado passou a mirar l\u00edderes e institui\u00e7\u00f5es religiosas para ampliar o controle territorial, especialmente em pa\u00edses como Nig\u00e9ria, Haiti e M\u00e9xico. Igrejas s\u00e3o saqueadas, sacerdotes sequestrados e comunidades crist\u00e3s silenciadas.<\/p>\n<p style=\"text-align: justify;\">Al\u00e9m disso, a guerra tornou-se um fator crescente de viola\u00e7\u00e3o da liberdade religiosa. Conflitos como os da Ucr\u00e2nia, Sud\u00e3o, Mianmar, Gaza e Nagorno-Karabakh provocaram destrui\u00e7\u00e3o de locais sagrados e deslocamento em massa de fi\u00e9is.<\/p>\n<h3 style=\"text-align: justify;\">Crescem crimes de \u00f3dio e ataques a comunidades religiosas<\/h3>\n<p style=\"text-align: justify;\">O relat\u00f3rio aponta um aumento significativo de crimes de \u00f3dio antissemitas e antimu\u00e7ulmanos, sobretudo ap\u00f3s o ataque do Hamas a Israel em outubro de 2023. Na Fran\u00e7a, os atos antissemitas cresceram 1.000%, e na Alemanha foram registrados 4.369 incidentes relacionados ao conflito, contra apenas 61 em 2022.<\/p>\n<p style=\"text-align: justify;\">Os ataques anticrist\u00e3os tamb\u00e9m aumentaram nos pa\u00edses ocidentais. Em 2023, a Fran\u00e7a registrou cerca de 1.000 incidentes, enquanto no Canad\u00e1 ao menos 33 igrejas foram destru\u00eddas por inc\u00eandios criminosos. Casos semelhantes ocorreram em Espanha, It\u00e1lia, Estados Unidos e Cro\u00e1cia, com vandalismo, profana\u00e7\u00f5es e agress\u00f5es a l\u00edderes religiosos.<\/p>\n<h3>Novas formas de repress\u00e3o e v\u00edtimas vulner\u00e1veis<\/h3>\n<p style=\"text-align: justify;\">A\u00a0 obje\u00e7\u00e3o de consci\u00eancia est\u00e1 sob crescente amea\u00e7a em pa\u00edses da Europa Oriental e mesmo em democracias ocidentais, onde institui\u00e7\u00f5es religiosas enfrentam press\u00f5es legais em temas como aborto e suic\u00eddio assistido.<\/p>\n<p style=\"text-align: justify;\">O avan\u00e7o das tecnologias digitais tamb\u00e9m \u00e9 motivo de preocupa\u00e7\u00e3o. Em pa\u00edses como China, Coreia do Norte e Paquist\u00e3o, governos e grupos extremistas utilizam intelig\u00eancia artificial e vigil\u00e2ncia digital para rastrear e punir pessoas por suas cren\u00e7as.<\/p>\n<p style=\"text-align: justify;\">O relat\u00f3rio ainda denuncia o abuso sistem\u00e1tico de mulheres e meninas pertencentes a minorias religiosas. Casos de sequestros, convers\u00f5es for\u00e7adas e casamentos compuls\u00f3rios continuam a ser registrados, especialmente em Paquist\u00e3o, Egito e Mo\u00e7ambique.<\/p>\n<h3>Resist\u00eancia e esperan\u00e7a<\/h3>\n<p style=\"text-align: justify;\">Apesar do cen\u00e1rio preocupante, a ACN destaca a resili\u00eancia das comunidades religiosas, que continuam atuando como agentes de paz e solidariedade. Em regi\u00f5es como Cabo Delgado (Mo\u00e7ambique) e Burkina Faso, projetos inter-religiosos mostram que a f\u00e9 pode ser for\u00e7a de unidade, reconstru\u00e7\u00e3o e defesa da dignidade humana.<\/p>\n<p style=\"text-align: justify;\">A educa\u00e7\u00e3o \u00e9 apontada como um caminho essencial para promover a coexist\u00eancia pac\u00edfica e a igualdade entre os povos, fortalecendo a esperan\u00e7a em um futuro em que a liberdade religiosa volte a ser plenamente respeitada.<\/p>\n<div class=\"ast-oembed-container\" style=\"height: 100%;\"><iframe loading=\"lazy\" title=\"Relat\u00f3rio de Liberdade Religiosa 2025\" width=\"500\" height=\"281\" src=\"https:\/\/www.youtube.com\/embed\/zOHw7EIl00w?feature=oembed\" frameborder=\"0\" allow=\"accelerometer; autoplay; clipboard-write; encrypted-media; gyroscope; picture-in-picture; web-share\" referrerpolicy=\"strict-origin-when-cross-origin\" allowfullscreen><\/iframe><\/div>\n<p>&nbsp;<\/p>\n<p>&nbsp;<\/p>\n<pre>Com <a href=\"https:\/\/www.acn.org.br\/relatorio-liberdade-religiosa\/\" target=\"_blank\" rel=\"noopener\">informa\u00e7\u00f5es da ACN<\/a> | Foto de capa: Ismael Sanchez | ACN<\/pre>\n<p>&nbsp;<\/p>\n","protected":false},"excerpt":{"rendered":"<p>Em meio a um cen\u00e1rio global de instabilidade &#8211; que vai da guerra na Ucr\u00e2nia ao conflito na Terra Santa e \u00e0 ascens\u00e3o de regimes autorit\u00e1rios &#8211; a liberdade religiosa enfrenta um processo de eros\u00e3o alarmante. O Relat\u00f3rio de Liberdade Religiosa no Mundo 2025, publicado pela Funda\u00e7\u00e3o Ajuda \u00e0 Igreja que Sofre (ACN), revela que 62 pa\u00edses registram graves viola\u00e7\u00f5es desse direito <\/p>\n","protected":false},"author":141,"featured_media":990383,"comment_status":"closed","ping_status":"closed","sticky":false,"template":"","format":"standard","meta":{"site-sidebar-layout":"default","site-content-layout":"default","ast-global-header-display":"","ast-banner-title-visibility":"","ast-main-header-display":"","ast-hfb-above-header-display":"","ast-hfb-below-header-display":"","ast-hfb-mobile-header-display":"","site-post-title":"","ast-breadcrumbs-content":"","ast-featured-img":"","footer-sml-layout":"","theme-transparent-header-meta":"default","adv-header-id-meta":"","stick-header-meta":"","header-above-stick-meta":"","header-main-stick-meta":"","header-below-stick-meta":""},"categories":[50,1851],"tags":[6212,6211],"acf":[],"_links":{"self":[{"href":"https:\/\/www.cnbb.org.br\/cnbb-app\/wp\/v2\/posts\/990377"}],"collection":[{"href":"https:\/\/www.cnbb.org.br\/cnbb-app\/wp\/v2\/posts"}],"about":[{"href":"https:\/\/www.cnbb.org.br\/cnbb-app\/wp\/v2\/types\/post"}],"author":[{"embeddable":true,"href":"https:\/\/www.cnbb.org.br\/cnbb-app\/wp\/v2\/users\/141"}],"replies":[{"embeddable":true,"href":"https:\/\/www.cnbb.org.br\/cnbb-app\/wp\/v2\/comments?post=990377"}],"version-history":[{"count":7,"href":"https:\/\/www.cnbb.org.br\/cnbb-app\/wp\/v2\/posts\/990377\/revisions"}],"predecessor-version":[{"id":990391,"href":"https:\/\/www.cnbb.org.br\/cnbb-app\/wp\/v2\/posts\/990377\/revisions\/990391"}],"wp:featuredmedia":[{"embeddable":true,"href":"https:\/\/www.cnbb.org.br\/cnbb-app\/wp\/v2\/media\/990383"}],"wp:attachment":[{"href":"https:\/\/www.cnbb.org.br\/cnbb-app\/wp\/v2\/media?parent=990377"}],"wp:term":[{"taxonomy":"category","embeddable":true,"href":"https:\/\/www.cnbb.org.br\/cnbb-app\/wp\/v2\/categories?post=990377"},{"taxonomy":"post_tag","embeddable":true,"href":"https:\/\/www.cnbb.org.br\/cnbb-app\/wp\/v2\/tags?post=990377"}],"curies":[{"name":"wp","href":"https:\/\/api.w.org\/{rel}","templated":true}]}}