{"id":990437,"date":"2025-10-27T10:34:39","date_gmt":"2025-10-27T13:34:39","guid":{"rendered":"https:\/\/www.cnbb.org.br\/?p=990437"},"modified":"2025-10-27T11:36:58","modified_gmt":"2025-10-27T14:36:58","slug":"jubileu-das-equipes-sinodais-reune-mais-de-120-paises-em-roma-brasileiros-destacam-dimensao-profetica-do-caminho-sinodal","status":"publish","type":"post","link":"https:\/\/www.cnbb.org.br\/jubileu-das-equipes-sinodais-reune-mais-de-120-paises-em-roma-brasileiros-destacam-dimensao-profetica-do-caminho-sinodal\/","title":{"rendered":"Jubileu das Equipes Sinodais re\u00fane mais de 120 pa\u00edses em Roma; brasileiros destacam dimens\u00e3o prof\u00e9tica do caminho sinodal"},"content":{"rendered":"<p style=\"text-align: justify;\">No contexto das celebra\u00e7\u00f5es do Jubileu de 2025, a Secretaria Geral do S\u00ednodo promoveu, de 24 a 26 de outubro, o Jubileu das Equipes Sinodais e dos Organismos de Participa\u00e7\u00e3o, reunindo em Roma representantes de mais de 120 pa\u00edses. O encontro foi marcado por um intenso clima de comunh\u00e3o, escuta e partilha, refletindo os frutos do caminho sinodal que a Igreja vem trilhando nos \u00faltimos anos.<\/p>\n<p style=\"text-align: justify;\">O Brasil participou do evento por meio da Equipe Nacional de Anima\u00e7\u00e3o Sinodal, composta pelos padres J\u00e2nison de S\u00e1, Douglas Fontes e J\u00falio Resende, al\u00e9m das leigas Mariana Ven\u00e2ncio e S\u00f4nia Gomes. Tamb\u00e9m estiveram presentes diversos grupos de brasileiros vindos de dioceses de todo o pa\u00eds, que se uniram aos delegados internacionais na troca de experi\u00eancias sobre a implementa\u00e7\u00e3o do Documento Final do S\u00ednodo nas realidades locais.<\/p>\n<p style=\"text-align: justify;\">Durante os tr\u00eas dias, as atividades se concentraram em momentos de partilha, ora\u00e7\u00e3o e di\u00e1logo, incluindo a viv\u00eancia da Conversa no Esp\u00edrito, que caracterizou o processo sinodal desde o seu in\u00edcio. Os participantes tiveram a oportunidade de ouvir relatos provenientes dos cinco continentes, bem como testemunhos de pr\u00e1ticas concretas que expressam a vitalidade da sinodalidade no mundo.<\/p>\n<figure id=\"attachment_990470\" aria-describedby=\"caption-attachment-990470\" style=\"width: 631px\" class=\"wp-caption aligncenter\"><img decoding=\"async\" loading=\"lazy\" class=\"wp-image-990470\" src=\"https:\/\/www.cnbb.org.br\/wp-content\/uploads\/2025\/10\/Captura-de-tela-2025-10-27-091033.png\" alt=\"\" width=\"631\" height=\"353\" srcset=\"https:\/\/www.cnbb.org.br\/wp-content\/uploads\/2025\/10\/Captura-de-tela-2025-10-27-091033.png 942w, https:\/\/www.cnbb.org.br\/wp-content\/uploads\/2025\/10\/Captura-de-tela-2025-10-27-091033-300x168.png 300w, https:\/\/www.cnbb.org.br\/wp-content\/uploads\/2025\/10\/Captura-de-tela-2025-10-27-091033-768x429.png 768w, https:\/\/www.cnbb.org.br\/wp-content\/uploads\/2025\/10\/Captura-de-tela-2025-10-27-091033-500x279.png 500w\" sizes=\"(max-width: 631px) 100vw, 631px\" \/><figcaption id=\"caption-attachment-990470\" class=\"wp-caption-text\">Mariana Ven\u00e2ncio apresenta reflex\u00e3o sobre o tema da profecia como fruto do caminho sinodal<\/figcaption><\/figure>\n<p style=\"text-align: justify;\">Entre as contribui\u00e7\u00f5es brasileiras, Mariana Ven\u00e2ncio apresentou uma reflex\u00e3o sobre o tema da profecia como fruto do caminho sinodal, ressaltando a dimens\u00e3o transformadora da escuta e do discernimento comunit\u00e1rio.<\/p>\n<blockquote>\n<p style=\"text-align: justify;\"><span class=\"TextRun SCXW69650257 BCX8\" lang=\"PT-BR\" xml:lang=\"PT-BR\" data-contrast=\"auto\"><span class=\"NormalTextRun SCXW69650257 BCX8\">\u201c<\/span><span class=\"NormalTextRun SCXW69650257 BCX8\">Participar do momento introdut\u00f3rio com uma fala sobre a Sinodalidade como profecia social foi, para mim, uma grande honra <\/span><span class=\"NormalTextRun AdvancedProofingIssueV2Themed SCXW69650257 BCX8\">e tamb\u00e9m<\/span><span class=\"NormalTextRun SCXW69650257 BCX8\"> grande responsabilidade. O convite da Secretaria Geral do S\u00ednodo expressa o reconhecimento de que o Brasil tem um caminho significativo nessa dire\u00e7\u00e3o, que eu me esforcei por demonstrar, mas tamb\u00e9m era preciso reconhecer os passos que ainda podemos dar. A repercuss\u00e3o da minha fala entre os presentes mostrou que o Brasil tem uma grande contribui\u00e7\u00e3o para o mundo no que se refere \u00e0s experi\u00eancias de sinodalidade e \u00e0 acolhida expressiva desse chamado que o Esp\u00edrito tem feito \u00e0 Igreja em nosso tempo. Volto com ainda mais certeza de que nosso empenho em favor da sinodalidade renovar\u00e1 a presen\u00e7a da Igreja em nossa <\/span><span class=\"NormalTextRun ContextualSpellingAndGrammarErrorV2Themed SCXW69650257 BCX8\">realidade<\/span><span class=\"NormalTextRun SCXW69650257 BCX8\"> mas tamb\u00e9m ser\u00e1 um sinal prof\u00e9tico para a Igreja presente nas\u202fdemais\u202fna\u00e7\u00f5es<\/span><span class=\"NormalTextRun SCXW69650257 BCX8\">\u201d, afirmou.<\/span><\/span><\/p>\n<\/blockquote>\n<figure id=\"attachment_990472\" aria-describedby=\"caption-attachment-990472\" style=\"width: 460px\" class=\"wp-caption aligncenter\"><img decoding=\"async\" loading=\"lazy\" class=\"wp-image-990472\" src=\"https:\/\/www.cnbb.org.br\/wp-content\/uploads\/2025\/10\/WhatsApp-Image-2025-10-27-at-09.33.10-768x1024.jpeg\" alt=\"\" width=\"460\" height=\"614\" srcset=\"https:\/\/www.cnbb.org.br\/wp-content\/uploads\/2025\/10\/WhatsApp-Image-2025-10-27-at-09.33.10-768x1024.jpeg 768w, https:\/\/www.cnbb.org.br\/wp-content\/uploads\/2025\/10\/WhatsApp-Image-2025-10-27-at-09.33.10-225x300.jpeg 225w, https:\/\/www.cnbb.org.br\/wp-content\/uploads\/2025\/10\/WhatsApp-Image-2025-10-27-at-09.33.10-500x667.jpeg 500w, https:\/\/www.cnbb.org.br\/wp-content\/uploads\/2025\/10\/WhatsApp-Image-2025-10-27-at-09.33.10.jpeg 960w\" sizes=\"(max-width: 460px) 100vw, 460px\" \/><figcaption id=\"caption-attachment-990472\" class=\"wp-caption-text\">Brasil participa do evento por meio da Equipe Nacional de Anima\u00e7\u00e3o Sinodal<\/figcaption><\/figure>\n<p style=\"text-align: justify;\">O encontro contou com a presen\u00e7a e a participa\u00e7\u00e3o ativa do Papa Le\u00e3o XIV, que dialogou com delegados de todos os continentes e presidiu a celebra\u00e7\u00e3o eucar\u00edstica de encerramento na Bas\u00edlica de S\u00e3o Pedro.<\/p>\n<blockquote><p><span data-contrast=\"auto\">\u201cParticipar de um evento cat\u00f3lico internacional, em Roma, \u00e9 sempre um momento forte e expressivo quando podemos testemunhar a for\u00e7a da Igreja espalhada pelo mundo. O Jubileu das Equipes Sinodais foi mais uma dessas grandes ocasi\u00f5es na caminhada eclesial. Fomos agraciados por dois encontros com o Papa Le\u00e3o. No primeiro, respondendo perguntas de todos os continentes, tivemos a oportunidade de conhecer melhor a realidade eclesial de cada parte do mundo, ao mesmo tempo em que escutamos a voz do Papa, que nos orientava sobre cada situa\u00e7\u00e3o espec\u00edfica que era apresentada. Por fim, encerramos o nosso jubileu da melhor forma: ao redor do altar da bas\u00edlica de S\u00e3o Pedro, quando, mais uma vez, presididos pelo Papa, com express\u00f5es variadas do corpo eclesial, celebramos e professamos a nossa f\u00e9 como sinal claro de uma Igreja marcada pela comunh\u00e3o, participa\u00e7\u00e3o e miss\u00e3o. <\/span><span data-contrast=\"auto\">Partimos e voltamos para nossas Igrejas Particulares renovados, abastecidos com o desejo de viver, sempre mais e melhor, o mist\u00e9rio da Igreja-Comunh\u00e3o como sinal da Trindade, reavivando a esperan\u00e7a de todos aqueles que encontramos na travessia\u202fda\u202fvida\u201d, salientou.<\/span><\/p><\/blockquote>\n<p><img decoding=\"async\" loading=\"lazy\" class=\"wp-image-990473 aligncenter\" src=\"https:\/\/www.cnbb.org.br\/wp-content\/uploads\/2025\/10\/WhatsApp-Image-2025-10-27-at-09.32.27-1024x768.jpeg\" alt=\"\" width=\"553\" height=\"415\" srcset=\"https:\/\/www.cnbb.org.br\/wp-content\/uploads\/2025\/10\/WhatsApp-Image-2025-10-27-at-09.32.27-1024x768.jpeg 1024w, https:\/\/www.cnbb.org.br\/wp-content\/uploads\/2025\/10\/WhatsApp-Image-2025-10-27-at-09.32.27-300x225.jpeg 300w, https:\/\/www.cnbb.org.br\/wp-content\/uploads\/2025\/10\/WhatsApp-Image-2025-10-27-at-09.32.27-768x576.jpeg 768w, https:\/\/www.cnbb.org.br\/wp-content\/uploads\/2025\/10\/WhatsApp-Image-2025-10-27-at-09.32.27-500x375.jpeg 500w, https:\/\/www.cnbb.org.br\/wp-content\/uploads\/2025\/10\/WhatsApp-Image-2025-10-27-at-09.32.27-800x600.jpeg 800w, https:\/\/www.cnbb.org.br\/wp-content\/uploads\/2025\/10\/WhatsApp-Image-2025-10-27-at-09.32.27.jpeg 1280w\" sizes=\"(max-width: 553px) 100vw, 553px\" \/><\/p>\n<p style=\"text-align: justify;\">Para o padre J\u00falio Resende, o Jubileu evidenciou a necessidade de fortalecer a caminhada sinodal nas dioceses:<\/p>\n<blockquote><p><span class=\"TextRun SCXW222170083 BCX8\" lang=\"PT-BR\" xml:lang=\"PT-BR\" data-contrast=\"auto\"><span class=\"NormalTextRun SCXW222170083 BCX8\">\u201cO encontro das equipes sinodais evidenciou a import\u00e2ncia de continuar animando as dioceses no compromisso de fortalecer as experi\u00eancias locais do caminho sinodal. Trata-se de favorecer uma maior consci\u00eancia e corresponsabilidade de todos os batizados na miss\u00e3o comum que partilhamos. O jubileu mostrou que n\u00e3o existe um modelo \u00fanico a ser seguido, mas sim a necessidade de cada realidade buscar, com criatividade, caminhos para implementar as indica\u00e7\u00f5es do Documento Final do S\u00ednodo. \u00c9 nessa diversidade, inspirada e sustentada pelo Esp\u00edrito Santo, que a comunh\u00e3o da Igreja se renova e se fortalece\u201d, disse.<\/span><\/span><span class=\"EOP SCXW222170083 BCX8\" data-ccp-props=\"{&quot;335551550&quot;:6,&quot;335551620&quot;:6}\">\u00a0<\/span><\/p><\/blockquote>\n<p style=\"text-align: justify;\">O Jubileu das Equipes Sinodais ofereceu tamb\u00e9m semin\u00e1rios tem\u00e1ticos sobre espiritualidade sinodal, presta\u00e7\u00e3o de contas, discernimento eclesial e inst\u00e2ncias de participa\u00e7\u00e3o nas Igrejas particulares. As reflex\u00f5es refor\u00e7aram o compromisso comum com uma Igreja sinodal, participativa e mission\u00e1ria, que segue sendo \u201csinal de esperan\u00e7a e comunh\u00e3o no mundo contempor\u00e2neo\u201d.<\/p>\n<p><img decoding=\"async\" loading=\"lazy\" class=\"aligncenter wp-image-990474 \" src=\"https:\/\/www.cnbb.org.br\/wp-content\/uploads\/2025\/10\/WhatsApp-Image-2025-10-27-at-09.33.11-1024x768.jpeg\" alt=\"\" width=\"506\" height=\"380\" srcset=\"https:\/\/www.cnbb.org.br\/wp-content\/uploads\/2025\/10\/WhatsApp-Image-2025-10-27-at-09.33.11-1024x768.jpeg 1024w, https:\/\/www.cnbb.org.br\/wp-content\/uploads\/2025\/10\/WhatsApp-Image-2025-10-27-at-09.33.11-300x225.jpeg 300w, https:\/\/www.cnbb.org.br\/wp-content\/uploads\/2025\/10\/WhatsApp-Image-2025-10-27-at-09.33.11-768x576.jpeg 768w, https:\/\/www.cnbb.org.br\/wp-content\/uploads\/2025\/10\/WhatsApp-Image-2025-10-27-at-09.33.11-500x375.jpeg 500w, https:\/\/www.cnbb.org.br\/wp-content\/uploads\/2025\/10\/WhatsApp-Image-2025-10-27-at-09.33.11-800x600.jpeg 800w, https:\/\/www.cnbb.org.br\/wp-content\/uploads\/2025\/10\/WhatsApp-Image-2025-10-27-at-09.33.11.jpeg 1280w\" sizes=\"(max-width: 506px) 100vw, 506px\" \/><\/p>\n<p style=\"text-align: justify;\">Os representantes brasileiros retornam ao pa\u00eds renovados pelo encontro e motivados a continuar animando as comunidades locais no compromisso com a Igreja-Comunh\u00e3o, sinal vivo da Trindade no meio do povo de Deus.<\/p>\n<p style=\"text-align: justify;\">Confira, abaixo, a ora\u00e7\u00e3o inicial e momento introdut\u00f3rio do Jubileu:<\/p>\n<div class=\"ast-oembed-container\" style=\"height: 100%;\"><iframe loading=\"lazy\" title=\"Jubileu das Equipes Sinodais, 24 de outubro de 2025\" width=\"500\" height=\"281\" src=\"https:\/\/www.youtube.com\/embed\/OQi0QbukNx8?feature=oembed\" frameborder=\"0\" allow=\"accelerometer; autoplay; clipboard-write; encrypted-media; gyroscope; picture-in-picture; web-share\" referrerpolicy=\"strict-origin-when-cross-origin\" allowfullscreen><\/iframe><\/div>\n<p>&nbsp;<\/p>\n<p>Confira, abaixo, o<span class=\"yt-core-attributed-string yt-core-attributed-string--white-space-pre-wrap\" dir=\"auto\" role=\"text\"><span class=\"yt-core-attributed-string--link-inherit-color\" dir=\"auto\"> encontro-di\u00e1logo do Papa Le\u00e3o XIV com os participantes do Jubileu:<\/span><\/span><\/p>\n<div class=\"ast-oembed-container\" style=\"height: 100%;\"><iframe loading=\"lazy\" title=\"Jubileu das Equipes Sinodais, 24 de outubro de 2025\" width=\"500\" height=\"281\" src=\"https:\/\/www.youtube.com\/embed\/CG6jOa40FM4?feature=oembed\" frameborder=\"0\" allow=\"accelerometer; autoplay; clipboard-write; encrypted-media; gyroscope; picture-in-picture; web-share\" referrerpolicy=\"strict-origin-when-cross-origin\" allowfullscreen><\/iframe><\/div>\n<p>&nbsp;<\/p>\n<p>&nbsp;<\/p>\n<pre>Com informa\u00e7\u00f5es do padre  J\u00falio Resende | Equipe Nacional de Anima\u00e7\u00e3o Sinodal<\/pre>\n<p>&nbsp;<\/p>\n","protected":false},"excerpt":{"rendered":"<p>A Secretaria Geral do S\u00ednodo promoveu, de 24 a 26 de outubro, o Jubileu das Equipes Sinodais e dos Organismos de Participa\u00e7\u00e3o, reunindo em Roma representantes de mais de 120 pa\u00edses. O encontro foi marcado por um intenso clima de comunh\u00e3o, escuta e partilha, refletindo os frutos do caminho sinodal que a Igreja vem trilhando nos \u00faltimos anos<\/p>\n","protected":false},"author":141,"featured_media":990471,"comment_status":"closed","ping_status":"closed","sticky":false,"template":"","format":"standard","meta":{"site-sidebar-layout":"default","site-content-layout":"default","ast-global-header-display":"","ast-banner-title-visibility":"","ast-main-header-display":"","ast-hfb-above-header-display":"","ast-hfb-below-header-display":"","ast-hfb-mobile-header-display":"","site-post-title":"","ast-breadcrumbs-content":"","ast-featured-img":"","footer-sml-layout":"","theme-transparent-header-meta":"default","adv-header-id-meta":"","stick-header-meta":"","header-above-stick-meta":"","header-main-stick-meta":"","header-below-stick-meta":""},"categories":[50,1851],"tags":[6214],"acf":[],"_links":{"self":[{"href":"https:\/\/www.cnbb.org.br\/cnbb-app\/wp\/v2\/posts\/990437"}],"collection":[{"href":"https:\/\/www.cnbb.org.br\/cnbb-app\/wp\/v2\/posts"}],"about":[{"href":"https:\/\/www.cnbb.org.br\/cnbb-app\/wp\/v2\/types\/post"}],"author":[{"embeddable":true,"href":"https:\/\/www.cnbb.org.br\/cnbb-app\/wp\/v2\/users\/141"}],"replies":[{"embeddable":true,"href":"https:\/\/www.cnbb.org.br\/cnbb-app\/wp\/v2\/comments?post=990437"}],"version-history":[{"count":19,"href":"https:\/\/www.cnbb.org.br\/cnbb-app\/wp\/v2\/posts\/990437\/revisions"}],"predecessor-version":[{"id":990484,"href":"https:\/\/www.cnbb.org.br\/cnbb-app\/wp\/v2\/posts\/990437\/revisions\/990484"}],"wp:featuredmedia":[{"embeddable":true,"href":"https:\/\/www.cnbb.org.br\/cnbb-app\/wp\/v2\/media\/990471"}],"wp:attachment":[{"href":"https:\/\/www.cnbb.org.br\/cnbb-app\/wp\/v2\/media?parent=990437"}],"wp:term":[{"taxonomy":"category","embeddable":true,"href":"https:\/\/www.cnbb.org.br\/cnbb-app\/wp\/v2\/categories?post=990437"},{"taxonomy":"post_tag","embeddable":true,"href":"https:\/\/www.cnbb.org.br\/cnbb-app\/wp\/v2\/tags?post=990437"}],"curies":[{"name":"wp","href":"https:\/\/api.w.org\/{rel}","templated":true}]}}