{"id":990458,"date":"2025-10-27T09:41:11","date_gmt":"2025-10-27T12:41:11","guid":{"rendered":"https:\/\/www.cnbb.org.br\/?p=990458"},"modified":"2025-10-27T09:42:08","modified_gmt":"2025-10-27T12:42:08","slug":"a-identidade-da-igreja-na-exortacao-apostolica-dilexi-te","status":"publish","type":"post","link":"https:\/\/www.cnbb.org.br\/a-identidade-da-igreja-na-exortacao-apostolica-dilexi-te\/","title":{"rendered":"A identidade da Igreja na Exorta\u00e7\u00e3o Apost\u00f3lica Dilexi te\u00a0"},"content":{"rendered":"<p style=\"text-align: right;\"><strong>Dom Ant\u00f4nio Carlos Altieri<\/strong><br \/>\n<strong>Arcebispo Em\u00e9rito de Passo Fundo (RS)<\/strong><\/p>\n<p>&nbsp;<\/p>\n<p style=\"text-align: justify;\"><span data-ccp-props=\"{&quot;201341983&quot;:0,&quot;335551550&quot;:6,&quot;335551620&quot;:6,&quot;335559731&quot;:709,&quot;335559739&quot;:160,&quot;335559740&quot;:278}\">\u00a0<\/span><\/p>\n<p style=\"text-align: justify;\"><span data-contrast=\"auto\">Recebemos com filial aten\u00e7\u00e3o a primeira Exorta\u00e7\u00e3o Apost\u00f3lica de Sua Santidade, o Papa Le\u00e3o XIV, <\/span><i><span data-contrast=\"auto\">Dilexi te<\/span><\/i><span data-contrast=\"auto\">. Este documento, que inaugura o seu magist\u00e9rio, n\u00e3o busca apresentar uma novidade doutrinal, mas, de forma s\u00e1bia e pastoral, nos reconduzir ao cora\u00e7\u00e3o do Evangelho e \u00e0 identidade mais profunda da Igreja: o seu v\u00ednculo insepar\u00e1vel com Cristo pobre e, por consequ\u00eancia, com todos os pobres da terra. O Papa assume o legado de seu predecessor, o Papa Francisco, e nos oferece uma profunda medita\u00e7\u00e3o sobre o que significa ser disc\u00edpulo de Jesus no mundo de hoje.<\/span><span data-ccp-props=\"{&quot;201341983&quot;:0,&quot;335551550&quot;:6,&quot;335551620&quot;:6,&quot;335559731&quot;:709,&quot;335559739&quot;:160,&quot;335559740&quot;:278}\">\u00a0<\/span><\/p>\n<p style=\"text-align: justify;\"><span data-contrast=\"auto\">O valor deste documento reside, primeiramente, em seu s\u00f3lido fundamento b\u00edblico. O Santo Padre n\u00e3o trata a caridade como um mero ap\u00eandice social da f\u00e9, mas como a sua consequ\u00eancia teol\u00f3gica direta. Ele nos recorda que o Deus que se revela no \u00caxodo \u00e9 Aquele que \u201cbem viu a opress\u00e3o\u201d e \u201couviu o seu clamor\u201d. Esta compaix\u00e3o divina atinge seu \u00e1pice na Encarna\u00e7\u00e3o. O Papa Le\u00e3o XIV insiste que a pobreza de Cristo n\u00e3o foi acidental, mas uma escolha salv\u00edfica: \u201csendo rico, se fez pobre por v\u00f3s, para vos enriquecer com a sua pobreza\u201d. Portanto, quando a Igreja opta pelos pobres, ela n\u00e3o est\u00e1 fazendo uma escolha ideol\u00f3gica, mas sendo fiel \u00e0 sua pr\u00f3pria natureza cristol\u00f3gica. O pobre \u00e9 um \u201csacramento\u201d da presen\u00e7a de Cristo; ao toc\u00e1-lo, tocamos a \u201ccarne sofredora de Cristo\u201d.<\/span><span data-ccp-props=\"{&quot;201341983&quot;:0,&quot;335551550&quot;:6,&quot;335551620&quot;:6,&quot;335559731&quot;:709,&quot;335559739&quot;:160,&quot;335559740&quot;:278}\">\u00a0<\/span><\/p>\n<p style=\"text-align: justify;\"><span data-contrast=\"auto\">O Papa Le\u00e3o XIV dedica um longo e belo cap\u00edtulo para demonstrar que esta n\u00e3o \u00e9 uma preocupa\u00e7\u00e3o moderna, mas a corrente viva da Tradi\u00e7\u00e3o da Igreja. N\u00e3o posso deixar de me alegrar ao ver o Santo Padre recordar a Regra de S\u00e3o Bento, que nos manda receber o pobre e o peregrino \u201cporque sobretudo na pessoa desses, Cristo \u00e9 recebido\u201d. Esta regra de hospitalidade mon\u00e1stica \u00e9, na verdade, a regra de ouro para toda a Igreja. Em meus anos de pastoreio na Diocese de Caraguatatuba e na Arquidiocese de Passo Fundo, pude testemunhar in\u00fameras vezes como esta verdade \u00e9 vivida nas bases. Vi a f\u00e9 aut\u00eantica n\u00e3o apenas nos grandes eventos, mas no trabalho silencioso das pastorais sociais, na dedica\u00e7\u00e3o dos leigos que servem nas casas de passagem ou nas pastorais da crian\u00e7a e da pessoa idosa. Continuo, como arcebispo em\u00e9rito, auxiliando entidades que cuidam de doentes, marginalizados e descartados da sociedade. Nestes lugares passo os melhores momentos de meus dias e dedico o meu apostolado. S\u00e3o esses gestos que constroem a Igreja e d\u00e3o credibilidade ao Evangelho. O Papa nos mostra que S\u00e3o Francisco, S\u00e3o Jo\u00e3o Bosco ou Santa Dulce dos Pobres n\u00e3o s\u00e3o exce\u00e7\u00f5es heroicas, mas o modelo daquilo que toda a comunidade \u00e9 chamada a ser.<\/span><span data-ccp-props=\"{&quot;201341983&quot;:0,&quot;335551550&quot;:6,&quot;335551620&quot;:6,&quot;335559731&quot;:709,&quot;335559739&quot;:160,&quot;335559740&quot;:278}\">\u00a0<\/span><\/p>\n<p style=\"text-align: justify;\"><span data-contrast=\"auto\">Contudo, a Exorta\u00e7\u00e3o Apost\u00f3lica nos alerta que a caridade individual n\u00e3o \u00e9 suficiente. O documento retoma com vigor os ensinamentos da Doutrina Social da Igreja, insistindo na necessidade de combater as \u201ccausas estruturais da pobreza\u201d. O Papa Le\u00e3o XIV denuncia uma \u201cditadura de uma economia que mata\u201d, que gera desigualdade e promove a \u201ccultura do descarte\u201d. A nossa f\u00e9, portanto, exige um compromisso social e pol\u00edtico para transformar essas estruturas injustas. A f\u00e9 n\u00e3o pode ser vivida apenas na esfera privada; ela deve ter uma incid\u00eancia p\u00fablica na busca pelo bem comum.<\/span><span data-ccp-props=\"{&quot;201341983&quot;:0,&quot;335551550&quot;:6,&quot;335551620&quot;:6,&quot;335559731&quot;:709,&quot;335559739&quot;:160,&quot;335559740&quot;:278}\">\u00a0<\/span><\/p>\n<p style=\"text-align: justify;\"><span data-contrast=\"auto\">Por fim, <\/span><i><span data-contrast=\"auto\">Dilexi te<\/span><\/i><span data-contrast=\"auto\"> \u00e9 um profundo exame de consci\u00eancia para todos n\u00f3s, pastores e fi\u00e9is. O Papa nos adverte severamente contra o risco do \u201cmundanismo espiritual\u201d, ou seja, de uma Igreja que se contenta com suas liturgias, reuni\u00f5es e discursos, mas que se mant\u00e9m tranquila e distante dos pobres. Ele afirma que uma comunidade assim corre o \u201crisco da sua dissolu\u00e7\u00e3o\u201d. Que este primeiro grande ensinamento do Papa Le\u00e3o XIV nos ajude a verificar se nossas par\u00f3quias e dioceses s\u00e3o verdadeiramente a casa de todos, mas especialmente a casa onde os pobres se sentem acolhidos como o pr\u00f3prio Cristo.<\/span><span data-ccp-props=\"{&quot;201341983&quot;:0,&quot;335551550&quot;:6,&quot;335551620&quot;:6,&quot;335559731&quot;:709,&quot;335559739&quot;:160,&quot;335559740&quot;:278}\">\u00a0<\/span><\/p>\n<p style=\"text-align: justify;\">\n","protected":false},"excerpt":{"rendered":"<p>Dom Ant\u00f4nio Carlos Altieri Arcebispo Em\u00e9rito de Passo Fundo (RS) &nbsp; \u00a0 Recebemos com filial aten\u00e7\u00e3o a primeira Exorta\u00e7\u00e3o Apost\u00f3lica de Sua Santidade, o Papa Le\u00e3o XIV, Dilexi te. Este documento, que inaugura o seu magist\u00e9rio, n\u00e3o busca apresentar uma novidade doutrinal, mas, de forma s\u00e1bia e pastoral, nos reconduzir ao cora\u00e7\u00e3o do Evangelho e &hellip;<\/p>\n<p class=\"read-more\"> <a class=\"\" href=\"https:\/\/www.cnbb.org.br\/a-identidade-da-igreja-na-exortacao-apostolica-dilexi-te\/\"> <span class=\"screen-reader-text\">A identidade da Igreja na Exorta\u00e7\u00e3o Apost\u00f3lica Dilexi te\u00a0<\/span> Leia mais &raquo;<\/a><\/p>\n","protected":false},"author":126,"featured_media":0,"comment_status":"closed","ping_status":"closed","sticky":false,"template":"","format":"standard","meta":{"site-sidebar-layout":"default","site-content-layout":"default","ast-global-header-display":"","ast-banner-title-visibility":"","ast-main-header-display":"","ast-hfb-above-header-display":"","ast-hfb-below-header-display":"","ast-hfb-mobile-header-display":"","site-post-title":"","ast-breadcrumbs-content":"","ast-featured-img":"","footer-sml-layout":"","theme-transparent-header-meta":"default","adv-header-id-meta":"","stick-header-meta":"","header-above-stick-meta":"","header-main-stick-meta":"","header-below-stick-meta":""},"categories":[758,1837],"tags":[],"acf":[],"_links":{"self":[{"href":"https:\/\/www.cnbb.org.br\/cnbb-app\/wp\/v2\/posts\/990458"}],"collection":[{"href":"https:\/\/www.cnbb.org.br\/cnbb-app\/wp\/v2\/posts"}],"about":[{"href":"https:\/\/www.cnbb.org.br\/cnbb-app\/wp\/v2\/types\/post"}],"author":[{"embeddable":true,"href":"https:\/\/www.cnbb.org.br\/cnbb-app\/wp\/v2\/users\/126"}],"replies":[{"embeddable":true,"href":"https:\/\/www.cnbb.org.br\/cnbb-app\/wp\/v2\/comments?post=990458"}],"version-history":[{"count":2,"href":"https:\/\/www.cnbb.org.br\/cnbb-app\/wp\/v2\/posts\/990458\/revisions"}],"predecessor-version":[{"id":990460,"href":"https:\/\/www.cnbb.org.br\/cnbb-app\/wp\/v2\/posts\/990458\/revisions\/990460"}],"wp:attachment":[{"href":"https:\/\/www.cnbb.org.br\/cnbb-app\/wp\/v2\/media?parent=990458"}],"wp:term":[{"taxonomy":"category","embeddable":true,"href":"https:\/\/www.cnbb.org.br\/cnbb-app\/wp\/v2\/categories?post=990458"},{"taxonomy":"post_tag","embeddable":true,"href":"https:\/\/www.cnbb.org.br\/cnbb-app\/wp\/v2\/tags?post=990458"}],"curies":[{"name":"wp","href":"https:\/\/api.w.org\/{rel}","templated":true}]}}