{"id":990498,"date":"2025-10-28T09:02:58","date_gmt":"2025-10-28T12:02:58","guid":{"rendered":"https:\/\/www.cnbb.org.br\/?p=990498"},"modified":"2025-10-28T09:03:49","modified_gmt":"2025-10-28T12:03:49","slug":"o-dom-da-indignacao-e-a-missao-dos-que-escrevem","status":"publish","type":"post","link":"https:\/\/www.cnbb.org.br\/o-dom-da-indignacao-e-a-missao-dos-que-escrevem\/","title":{"rendered":"O dom da indigna\u00e7\u00e3o e a miss\u00e3o dos que escrevem\u00a0"},"content":{"rendered":"<p style=\"text-align: right;\"><strong>Dom Luiz Fernando Lisboa<br \/>\nArcebispo de Cachoeiro de Itapemirim (ES)<\/strong><\/p>\n<p style=\"text-align: justify;\"><span data-contrast=\"auto\">\u00a0<\/span><span data-ccp-props=\"{&quot;335551550&quot;:6,&quot;335551620&quot;:6}\">\u00a0<\/span><\/p>\n<p style=\"text-align: justify;\"><span data-contrast=\"auto\">Receber o t\u00edtulo de Membro Honor\u00e1rio da Academia Cachoeirense de Letras foi para mim um momento de grande alegria e profunda gratid\u00e3o. Senti-me acolhido entre irm\u00e3s e irm\u00e3os que cultivam o amor \u00e0 palavra, \u00e0 beleza e \u00e0 verdade \u2014 valores que tamb\u00e9m sustentam a f\u00e9. A literatura, assim como o Evangelho, tem o poder de tocar o cora\u00e7\u00e3o humano, abrir horizontes e provocar mudan\u00e7as que nascem primeiro dentro de n\u00f3s, para depois se traduzirem em gestos concretos de transforma\u00e7\u00e3o social.<\/span><span data-ccp-props=\"{&quot;335551550&quot;:6,&quot;335551620&quot;:6,&quot;335559731&quot;:708}\">\u00a0<\/span><\/p>\n<p style=\"text-align: justify;\"><span data-contrast=\"auto\">Agrade\u00e7o \u00e0 Academia pela homenagem e, mais do que isso, pela miss\u00e3o que ela representa em nossa cidade e em toda a regi\u00e3o: formar consci\u00eancias, despertar sensibilidades e manter viva a chama da cultura, especialmente em tempos em que o ru\u00eddo do imediatismo amea\u00e7a o sil\u00eancio da reflex\u00e3o. A escrita \u00e9 uma forma de resist\u00eancia espiritual. Quem escreve, sonha com o futuro e semeia esperan\u00e7a.<\/span><span data-ccp-props=\"{&quot;335551550&quot;:6,&quot;335551620&quot;:6,&quot;335559731&quot;:708}\">\u00a0<\/span><\/p>\n<p style=\"text-align: justify;\"><span data-contrast=\"auto\">Durante a sess\u00e3o solene, ao olhar para os jovens premiados e para os acad\u00eamicos e acad\u00eamicas presentes, senti o desejo de fazer um apelo pastoral e humano: que todos n\u00f3s, escritores, poetas, m\u00fasicos, artistas, religiosos e comunicadores, rezemos pedindo o dom da indigna\u00e7\u00e3o.<\/span><span data-ccp-props=\"{&quot;335551550&quot;:6,&quot;335551620&quot;:6,&quot;335559731&quot;:708}\">\u00a0<\/span><\/p>\n<p style=\"text-align: justify;\"><span data-contrast=\"auto\">Sim, o dom da indigna\u00e7\u00e3o santa, aquela que n\u00e3o se resigna diante do racismo, do preconceito, da fome, da pobreza e de toda forma de exclus\u00e3o. A indigna\u00e7\u00e3o que n\u00e3o destr\u00f3i, mas move o cora\u00e7\u00e3o \u00e0 a\u00e7\u00e3o, que transforma a dor em palavra, a palavra em gesto e o gesto em solidariedade.<\/span><span data-ccp-props=\"{&quot;335551550&quot;:6,&quot;335551620&quot;:6,&quot;335559731&quot;:708}\">\u00a0<\/span><\/p>\n<p style=\"text-align: justify;\"><span data-contrast=\"auto\">A verdadeira arte \u2014 e a boa literatura \u2014 n\u00e3o se contentam em descrever o mundo; elas o questionam e o recriam \u00e0 luz da dignidade humana. Quando um escritor se indigna, ele denuncia as sombras e acende luzes; quando um poeta se comove, ele evangeliza pela beleza.<\/span><span data-ccp-props=\"{&quot;335551550&quot;:6,&quot;335551620&quot;:6,&quot;335559731&quot;:708}\">\u00a0<\/span><\/p>\n<p style=\"text-align: justify;\"><span data-contrast=\"auto\">Por isso, convido todos os que cultivam a arte da palavra a assumirem sua voca\u00e7\u00e3o como miss\u00e3o. Escrever \u00e9 servir. \u00c9 cuidar da alma coletiva de um povo. \u00c9 anunciar, com sensibilidade e coragem, que outro mundo \u00e9 poss\u00edvel, mais justo, inclusivo, fraterno e luminoso.<\/span><span data-ccp-props=\"{&quot;335551550&quot;:6,&quot;335551620&quot;:6,&quot;335559731&quot;:708}\">\u00a0<\/span><\/p>\n<p style=\"text-align: justify;\"><span data-contrast=\"auto\">Que Deus aben\u00e7oe todos os membros da Academia Cachoeirense de Letras, seus novos acad\u00eamicos, seus jovens talentos e todos os que se dedicam \u00e0 cultura em nossa terra. E que o Esp\u00edrito Santo nos conceda, cada dia mais, o dom da indigna\u00e7\u00e3o que desperta e da esperan\u00e7a que constr\u00f3i.<\/span><span data-ccp-props=\"{&quot;335551550&quot;:6,&quot;335551620&quot;:6,&quot;335559731&quot;:708}\">\u00a0<\/span><\/p>\n","protected":false},"excerpt":{"rendered":"<p>Dom Luiz Fernando Lisboa Arcebispo de Cachoeiro de Itapemirim (ES) \u00a0\u00a0 Receber o t\u00edtulo de Membro Honor\u00e1rio da Academia Cachoeirense de Letras foi para mim um momento de grande alegria e profunda gratid\u00e3o. Senti-me acolhido entre irm\u00e3s e irm\u00e3os que cultivam o amor \u00e0 palavra, \u00e0 beleza e \u00e0 verdade \u2014 valores que tamb\u00e9m sustentam &hellip;<\/p>\n<p class=\"read-more\"> <a class=\"\" href=\"https:\/\/www.cnbb.org.br\/o-dom-da-indignacao-e-a-missao-dos-que-escrevem\/\"> <span class=\"screen-reader-text\">O dom da indigna\u00e7\u00e3o e a miss\u00e3o dos que escrevem\u00a0<\/span> Leia mais &raquo;<\/a><\/p>\n","protected":false},"author":145,"featured_media":0,"comment_status":"closed","ping_status":"closed","sticky":false,"template":"","format":"standard","meta":{"site-sidebar-layout":"default","site-content-layout":"default","ast-global-header-display":"","ast-banner-title-visibility":"","ast-main-header-display":"","ast-hfb-above-header-display":"","ast-hfb-below-header-display":"","ast-hfb-mobile-header-display":"","site-post-title":"","ast-breadcrumbs-content":"","ast-featured-img":"","footer-sml-layout":"","theme-transparent-header-meta":"default","adv-header-id-meta":"","stick-header-meta":"","header-above-stick-meta":"","header-main-stick-meta":"","header-below-stick-meta":""},"categories":[758],"tags":[],"acf":[],"_links":{"self":[{"href":"https:\/\/www.cnbb.org.br\/cnbb-app\/wp\/v2\/posts\/990498"}],"collection":[{"href":"https:\/\/www.cnbb.org.br\/cnbb-app\/wp\/v2\/posts"}],"about":[{"href":"https:\/\/www.cnbb.org.br\/cnbb-app\/wp\/v2\/types\/post"}],"author":[{"embeddable":true,"href":"https:\/\/www.cnbb.org.br\/cnbb-app\/wp\/v2\/users\/145"}],"replies":[{"embeddable":true,"href":"https:\/\/www.cnbb.org.br\/cnbb-app\/wp\/v2\/comments?post=990498"}],"version-history":[{"count":2,"href":"https:\/\/www.cnbb.org.br\/cnbb-app\/wp\/v2\/posts\/990498\/revisions"}],"predecessor-version":[{"id":990500,"href":"https:\/\/www.cnbb.org.br\/cnbb-app\/wp\/v2\/posts\/990498\/revisions\/990500"}],"wp:attachment":[{"href":"https:\/\/www.cnbb.org.br\/cnbb-app\/wp\/v2\/media?parent=990498"}],"wp:term":[{"taxonomy":"category","embeddable":true,"href":"https:\/\/www.cnbb.org.br\/cnbb-app\/wp\/v2\/categories?post=990498"},{"taxonomy":"post_tag","embeddable":true,"href":"https:\/\/www.cnbb.org.br\/cnbb-app\/wp\/v2\/tags?post=990498"}],"curies":[{"name":"wp","href":"https:\/\/api.w.org\/{rel}","templated":true}]}}