{"id":990501,"date":"2025-10-28T09:07:02","date_gmt":"2025-10-28T12:07:02","guid":{"rendered":"https:\/\/www.cnbb.org.br\/?p=990501"},"modified":"2025-10-28T09:07:42","modified_gmt":"2025-10-28T12:07:42","slug":"sao-simao-e-sao-judas-2","status":"publish","type":"post","link":"https:\/\/www.cnbb.org.br\/sao-simao-e-sao-judas-2\/","title":{"rendered":"S\u00e3o Sim\u00e3o e S\u00e3o Judas\u00a0"},"content":{"rendered":"<p style=\"text-align: right;\"><b><span data-contrast=\"auto\">Cardeal Orani Jo\u00e3o Tempesta<br \/>\n<\/span><\/b><b><span data-contrast=\"auto\">Arcebispo do Rio de Janeiro (RJ)<\/span><\/b><\/p>\n<p>&nbsp;<\/p>\n<p style=\"text-align: right;\"><span data-ccp-props=\"{&quot;201341983&quot;:0,&quot;335551550&quot;:3,&quot;335551620&quot;:3,&quot;335559731&quot;:708,&quot;335559739&quot;:160,&quot;335559740&quot;:259}\">\u00a0<\/span><\/p>\n<p style=\"text-align: justify;\"><span data-contrast=\"auto\">Celebramos neste dia <\/span><span data-contrast=\"auto\">28 de outubro<\/span><span data-contrast=\"auto\"> a festa lit\u00fargica dos <\/span><span data-contrast=\"auto\">santos ap\u00f3stolos S\u00e3o Sim\u00e3o e S\u00e3o Judas<\/span><span data-contrast=\"auto\">. Entre eles, o mais popular entre n\u00f3s \u00e9 <\/span><span data-contrast=\"auto\">S\u00e3o Judas Tadeu<\/span><span data-contrast=\"auto\">, conhecido como o <\/span><span data-contrast=\"auto\">intercessor das causas urgentes e desesperadas<\/span><span data-contrast=\"auto\">. Ambos foram ap\u00f3stolos de Jesus e deram a vida pelo Evangelho, sendo martirizados a exemplo dos outros companheiros, exceto S\u00e3o Jo\u00e3o. Embora sua festa seja celebrada em 28 de outubro, S\u00e3o Judas \u00e9 lembrado mensalmente em comunidades onde \u00e9 padroeiro, a cada dia 28.<\/span><span data-ccp-props=\"{&quot;134233117&quot;:true,&quot;134233118&quot;:true,&quot;201341983&quot;:0,&quot;335551550&quot;:6,&quot;335551620&quot;:6,&quot;335559731&quot;:709,&quot;335559739&quot;:160,&quot;335559740&quot;:240}\">\u00a0<\/span><\/p>\n<p style=\"text-align: justify;\"><span data-contrast=\"auto\">\u00c9 importante distinguir <\/span><span data-contrast=\"auto\">Judas Tadeu<\/span><span data-contrast=\"auto\">, primo de Jesus, de <\/span><span data-contrast=\"auto\">Judas Iscariotes<\/span><span data-contrast=\"auto\">, o traidor que entregou o Senhor \u00e0 morte. Pe\u00e7amos a b\u00ean\u00e7\u00e3o e a prote\u00e7\u00e3o de S\u00e3o Judas Tadeu sobre n\u00f3s e sejamos, como ele, fi\u00e9is anunciadores do Evangelho. Em sua imagem, S\u00e3o Judas traz a <\/span><span data-contrast=\"auto\">Sagrada Escritura sob o bra\u00e7o<\/span><span data-contrast=\"auto\">, sinal de sua prega\u00e7\u00e3o e fidelidade \u00e0 Palavra de Deus, e o <\/span><span data-contrast=\"auto\">machado nas m\u00e3os<\/span><span data-contrast=\"auto\">, s\u00edmbolo do seu mart\u00edrio.<\/span><span data-ccp-props=\"{&quot;134233117&quot;:true,&quot;134233118&quot;:true,&quot;201341983&quot;:0,&quot;335551550&quot;:6,&quot;335551620&quot;:6,&quot;335559731&quot;:709,&quot;335559739&quot;:160,&quot;335559740&quot;:240}\">\u00a0<\/span><\/p>\n<p style=\"text-align: justify;\"><span data-contrast=\"auto\">Em muitos lugares do mundo, <\/span><span data-contrast=\"auto\">crist\u00e3os ainda s\u00e3o perseguidos<\/span><span data-contrast=\"auto\"> e impedidos de anunciar o Evangelho. Muitos s\u00e3o martirizados por causa do nome de Jesus. Rezemos por esses mission\u00e1rios e pe\u00e7amos o mesmo ardor mission\u00e1rio de S\u00e3o Judas e S\u00e3o Sim\u00e3o: que tenhamos coragem de testemunhar Cristo at\u00e9 as \u00faltimas consequ\u00eancias.<\/span><span data-ccp-props=\"{&quot;134233117&quot;:true,&quot;134233118&quot;:true,&quot;201341983&quot;:0,&quot;335551550&quot;:6,&quot;335551620&quot;:6,&quot;335559731&quot;:709,&quot;335559739&quot;:160,&quot;335559740&quot;:240}\">\u00a0<\/span><\/p>\n<p style=\"text-align: justify;\"><span data-contrast=\"auto\">Conforme a tradi\u00e7\u00e3o, <\/span><span data-contrast=\"auto\">S\u00e3o Judas e S\u00e3o Sim\u00e3o eram primos pr\u00f3ximos de Jesus<\/span><span data-contrast=\"auto\">. O pai de S\u00e3o Judas era Alfeu, irm\u00e3o de S\u00e3o Jos\u00e9, e sua m\u00e3e, Maria de Cl\u00e9ofas, prima da Virgem Maria. Sobre S\u00e3o Sim\u00e3o, cuja palavra em hebraico significa \u201czeloso\u201d, sabemos que recebeu o cognome <\/span><span data-contrast=\"auto\">Cananeu<\/span><span data-contrast=\"auto\">, possivelmente derivado de Can\u00e1, na Galileia. Ele praticava a obedi\u00eancia, a compaix\u00e3o pelos necessitados e o zelo pela salva\u00e7\u00e3o das almas. Algumas fontes afirmam que pregou na \u00c1frica e na Gr\u00e3-Bretanha.<\/span><span data-ccp-props=\"{&quot;134233117&quot;:true,&quot;134233118&quot;:true,&quot;201341983&quot;:0,&quot;335551550&quot;:6,&quot;335551620&quot;:6,&quot;335559731&quot;:709,&quot;335559739&quot;:160,&quot;335559740&quot;:240}\">\u00a0<\/span><\/p>\n<p style=\"text-align: justify;\"><span data-contrast=\"auto\">Judas, tamb\u00e9m chamado de <\/span><span data-contrast=\"auto\">Tadeu ou Lebeu<\/span><span data-contrast=\"auto\">, era, segundo S\u00e3o Jer\u00f4nimo, um homem prudente. Seu nome significa \u201cconfessor\u201d ou \u201cglorioso\u201d. Foi ele quem perguntou a Jesus, na \u00daltima Ceia: <\/span><i><span data-contrast=\"auto\">\u201cSenhor, como \u00e9 poss\u00edvel que te manifestes a n\u00f3s e n\u00e3o ao mundo?\u201d<\/span><\/i><span data-contrast=\"auto\"> (Jo 14,22).<\/span><span data-ccp-props=\"{&quot;134233117&quot;:true,&quot;134233118&quot;:true,&quot;201341983&quot;:0,&quot;335551550&quot;:6,&quot;335551620&quot;:6,&quot;335559731&quot;:709,&quot;335559739&quot;:160,&quot;335559740&quot;:240}\">\u00a0<\/span><\/p>\n<p style=\"text-align: justify;\"><span data-contrast=\"auto\">Ap\u00f3s a ascens\u00e3o de Jesus, S\u00e3o Judas foi enviado a <\/span><span data-contrast=\"auto\">Edessa<\/span><span data-contrast=\"auto\">, onde converteu o rei Abgar. Segundo a tradi\u00e7\u00e3o, <\/span><span data-contrast=\"auto\">ambos os ap\u00f3stolos foram martirizados na P\u00e9rsia<\/span><span data-contrast=\"auto\">, mortos por sacerdotes pag\u00e3os revoltados contra sua prega\u00e7\u00e3o. O martirol\u00f3gico de S\u00e3o Jer\u00f4nimo registra que foram <\/span><span data-contrast=\"auto\">decapitados<\/span><span data-contrast=\"auto\">, e seus restos teriam sido sepultados juntos.<\/span><span data-ccp-props=\"{&quot;134233117&quot;:true,&quot;134233118&quot;:true,&quot;201341983&quot;:0,&quot;335551550&quot;:6,&quot;335551620&quot;:6,&quot;335559731&quot;:709,&quot;335559739&quot;:160,&quot;335559740&quot;:240}\">\u00a0<\/span><\/p>\n<p style=\"text-align: justify;\"><span data-contrast=\"auto\">S\u00e3o Judas deixou uma <\/span><span data-contrast=\"auto\">carta no Novo Testamento<\/span><span data-contrast=\"auto\">, dirigida aos rec\u00e9m-convertidos e dedicada a combater as falsas doutrinas. Ele a inicia com as palavras:<\/span><span data-ccp-props=\"{&quot;134233117&quot;:true,&quot;134233118&quot;:true,&quot;201341983&quot;:0,&quot;335551550&quot;:6,&quot;335551620&quot;:6,&quot;335559731&quot;:709,&quot;335559739&quot;:160,&quot;335559740&quot;:240}\">\u00a0<\/span><\/p>\n<p style=\"text-align: justify;\"><i><span data-contrast=\"auto\">\u201cJudas, servo de Jesus Cristo e irm\u00e3o de Tiago, aos chamados e amados por Deus Pai, e conservados para Jesus Cristo: miseric\u00f3rdia, paz e amor vos sejam concedidos abundantemente.\u201d<\/span><\/i><span data-ccp-props=\"{&quot;134233117&quot;:true,&quot;134233118&quot;:true,&quot;201341983&quot;:0,&quot;335551550&quot;:6,&quot;335551620&quot;:6,&quot;335559731&quot;:709,&quot;335559739&quot;:160,&quot;335559740&quot;:240}\">\u00a0<\/span><\/p>\n<p style=\"text-align: justify;\"><span data-contrast=\"auto\">Sua ep\u00edstola \u00e9, como disse Or\u00edgenes, \u201ccheia de for\u00e7a e gra\u00e7a divina\u201d.<\/span><span data-ccp-props=\"{&quot;134233117&quot;:true,&quot;134233118&quot;:true,&quot;201341983&quot;:0,&quot;335551550&quot;:6,&quot;335551620&quot;:6,&quot;335559731&quot;:709,&quot;335559739&quot;:160,&quot;335559740&quot;:240}\">\u00a0<\/span><\/p>\n<p style=\"text-align: justify;\"><span data-contrast=\"auto\">S\u00e3o Judas \u00e9 reconhecido na tradi\u00e7\u00e3o popular como <\/span><span data-contrast=\"auto\">ap\u00f3stolo dos aflitos e padroeiro das causas desesperadas<\/span><span data-contrast=\"auto\">. Santa Br\u00edgida relatou que Jesus lhe revelou que, nas maiores necessidades, recorresse a S\u00e3o Judas, que atenderia com especial solicitude os que o invocassem com f\u00e9.<\/span><span data-ccp-props=\"{&quot;134233117&quot;:true,&quot;134233118&quot;:true,&quot;201341983&quot;:0,&quot;335551550&quot;:6,&quot;335551620&quot;:6,&quot;335559731&quot;:709,&quot;335559739&quot;:160,&quot;335559740&quot;:240}\">\u00a0<\/span><\/p>\n<p style=\"text-align: justify;\"><span data-contrast=\"auto\">A <\/span><span data-contrast=\"auto\">prega\u00e7\u00e3o e o testemunho de S\u00e3o Judas<\/span><span data-contrast=\"auto\"> foram t\u00e3o convincentes que muitos pag\u00e3os se converteram. Por isso, foi perseguido e morto a golpes de bast\u00e3o e machado, instrumentos que figuram em suas imagens.<\/span><span data-ccp-props=\"{&quot;134233117&quot;:true,&quot;134233118&quot;:true,&quot;201341983&quot;:0,&quot;335551550&quot;:6,&quot;335551620&quot;:6,&quot;335559731&quot;:709,&quot;335559739&quot;:160,&quot;335559740&quot;:240}\">\u00a0<\/span><\/p>\n<p style=\"text-align: justify;\"><span data-contrast=\"auto\">Ao celebrarmos <\/span><span data-contrast=\"auto\">S\u00e3o Sim\u00e3o e S\u00e3o Judas<\/span><span data-contrast=\"auto\">, concluindo o <\/span><span data-contrast=\"auto\">M\u00eas Mission\u00e1rio<\/span><span data-contrast=\"auto\">, pe\u00e7amos que o exemplo desses ap\u00f3stolos nos inspire a anunciar o Evangelho com coragem, fidelidade e amor. Que o Esp\u00edrito Santo nos conduza na miss\u00e3o e nos fortale\u00e7a na f\u00e9.<\/span><span data-ccp-props=\"{&quot;134233117&quot;:true,&quot;134233118&quot;:true,&quot;201341983&quot;:0,&quot;335551550&quot;:6,&quot;335551620&quot;:6,&quot;335559731&quot;:709,&quot;335559739&quot;:160,&quot;335559740&quot;:240}\">\u00a0<\/span><\/p>\n<p style=\"text-align: justify;\"><span data-ccp-props=\"{&quot;201341983&quot;:0,&quot;335551550&quot;:6,&quot;335551620&quot;:6,&quot;335559731&quot;:708,&quot;335559739&quot;:160,&quot;335559740&quot;:259}\">\u00a0<\/span><\/p>\n<p style=\"text-align: justify;\"><span data-ccp-props=\"{&quot;201341983&quot;:0,&quot;335551550&quot;:6,&quot;335551620&quot;:6,&quot;335559731&quot;:708,&quot;335559739&quot;:160,&quot;335559740&quot;:259}\">\u00a0<\/span><\/p>\n<p style=\"text-align: justify;\"><span data-contrast=\"auto\">\u00a0\u00a0<\/span><span data-ccp-props=\"{&quot;201341983&quot;:0,&quot;335551550&quot;:6,&quot;335551620&quot;:6,&quot;335559731&quot;:708,&quot;335559739&quot;:160,&quot;335559740&quot;:259}\">\u00a0<\/span><\/p>\n<p style=\"text-align: justify;\"><span data-ccp-props=\"{&quot;201341983&quot;:0,&quot;335551550&quot;:6,&quot;335551620&quot;:6,&quot;335559731&quot;:708,&quot;335559739&quot;:160,&quot;335559740&quot;:259}\">\u00a0<\/span><\/p>\n<p style=\"text-align: justify;\"><span data-ccp-props=\"{&quot;201341983&quot;:0,&quot;335551550&quot;:6,&quot;335551620&quot;:6,&quot;335559731&quot;:708,&quot;335559739&quot;:160,&quot;335559740&quot;:259}\">\u00a0<\/span><\/p>\n","protected":false},"excerpt":{"rendered":"<p>Cardeal Orani Jo\u00e3o Tempesta Arcebispo do Rio de Janeiro (RJ) &nbsp; \u00a0 Celebramos neste dia 28 de outubro a festa lit\u00fargica dos santos ap\u00f3stolos S\u00e3o Sim\u00e3o e S\u00e3o Judas. Entre eles, o mais popular entre n\u00f3s \u00e9 S\u00e3o Judas Tadeu, conhecido como o intercessor das causas urgentes e desesperadas. Ambos foram ap\u00f3stolos de Jesus e &hellip;<\/p>\n<p class=\"read-more\"> <a class=\"\" href=\"https:\/\/www.cnbb.org.br\/sao-simao-e-sao-judas-2\/\"> <span class=\"screen-reader-text\">S\u00e3o Sim\u00e3o e S\u00e3o Judas\u00a0<\/span> Leia mais &raquo;<\/a><\/p>\n","protected":false},"author":31,"featured_media":0,"comment_status":"closed","ping_status":"closed","sticky":false,"template":"","format":"standard","meta":{"site-sidebar-layout":"default","site-content-layout":"default","ast-global-header-display":"","ast-banner-title-visibility":"","ast-main-header-display":"","ast-hfb-above-header-display":"","ast-hfb-below-header-display":"","ast-hfb-mobile-header-display":"","site-post-title":"","ast-breadcrumbs-content":"","ast-featured-img":"","footer-sml-layout":"","theme-transparent-header-meta":"default","adv-header-id-meta":"","stick-header-meta":"","header-above-stick-meta":"","header-main-stick-meta":"","header-below-stick-meta":""},"categories":[758],"tags":[],"acf":[],"_links":{"self":[{"href":"https:\/\/www.cnbb.org.br\/cnbb-app\/wp\/v2\/posts\/990501"}],"collection":[{"href":"https:\/\/www.cnbb.org.br\/cnbb-app\/wp\/v2\/posts"}],"about":[{"href":"https:\/\/www.cnbb.org.br\/cnbb-app\/wp\/v2\/types\/post"}],"author":[{"embeddable":true,"href":"https:\/\/www.cnbb.org.br\/cnbb-app\/wp\/v2\/users\/31"}],"replies":[{"embeddable":true,"href":"https:\/\/www.cnbb.org.br\/cnbb-app\/wp\/v2\/comments?post=990501"}],"version-history":[{"count":3,"href":"https:\/\/www.cnbb.org.br\/cnbb-app\/wp\/v2\/posts\/990501\/revisions"}],"predecessor-version":[{"id":990504,"href":"https:\/\/www.cnbb.org.br\/cnbb-app\/wp\/v2\/posts\/990501\/revisions\/990504"}],"wp:attachment":[{"href":"https:\/\/www.cnbb.org.br\/cnbb-app\/wp\/v2\/media?parent=990501"}],"wp:term":[{"taxonomy":"category","embeddable":true,"href":"https:\/\/www.cnbb.org.br\/cnbb-app\/wp\/v2\/categories?post=990501"},{"taxonomy":"post_tag","embeddable":true,"href":"https:\/\/www.cnbb.org.br\/cnbb-app\/wp\/v2\/tags?post=990501"}],"curies":[{"name":"wp","href":"https:\/\/api.w.org\/{rel}","templated":true}]}}