{"id":990582,"date":"2025-10-29T09:20:09","date_gmt":"2025-10-29T12:20:09","guid":{"rendered":"https:\/\/www.cnbb.org.br\/?p=990582"},"modified":"2025-10-29T09:20:51","modified_gmt":"2025-10-29T12:20:51","slug":"dia-de-finados-7","status":"publish","type":"post","link":"https:\/\/www.cnbb.org.br\/dia-de-finados-7\/","title":{"rendered":"Dia de Finados\u00a0"},"content":{"rendered":"<div style=\"text-align: right;\" data-olk-copy-source=\"MessageBody\"><strong>Dom Antonio Carlos Rossi Keller<\/strong><\/div>\n<div style=\"text-align: right;\"><strong>Bispo de Frederico Westphalen (RS)\u00a0<\/strong><\/div>\n<p style=\"text-align: justify;\" aria-level=\"3\"><b><span data-contrast=\"auto\"><\/p>\n<p><\/span><\/b><\/p>\n<p style=\"text-align: justify;\"><span data-contrast=\"auto\">(2 de novembro \u2013 Ano C)<\/span><span data-ccp-props=\"{&quot;201341983&quot;:0,&quot;335551550&quot;:2,&quot;335551620&quot;:2,&quot;335559739&quot;:140,&quot;335559740&quot;:276}\">\u00a0<\/span><\/p>\n<p style=\"text-align: justify;\">\n<span data-contrast=\"auto\">Queridos irm\u00e3os e irm\u00e3s,<\/span><span data-ccp-props=\"{&quot;201341983&quot;:0,&quot;335551550&quot;:6,&quot;335551620&quot;:6,&quot;335559739&quot;:140,&quot;335559740&quot;:276}\">\u00a0<\/span><\/p>\n<p style=\"text-align: justify;\"><span data-contrast=\"auto\">Hoje, 2 de novembro, a Igreja celebra o Dia de Finados n\u00e3o como um luto sem esperan\u00e7a, mas como um ato de amor que atravessa a morte. No Credo professamos a \u201ccomunh\u00e3o dos santos\u201d: cremos na comunh\u00e3o dos que j\u00e1 est\u00e3o na gl\u00f3ria, dos que ainda se purificam e n\u00f3s que peregrinamos na terra. Todos formamos um s\u00f3 Corpo em Cristo. Oferecer a Eucaristia pelos falecidos \u00e9 fazer nossos irm\u00e3os falecidos participar da obra redentora de Jesus: Ele \u201cdesceu \u00e0 mans\u00e3o dos mortos\u201d para que nenhum irm\u00e3o ficasse abandonado na morte. A morte n\u00e3o rompe o v\u00ednculo que nos faz uma \u00fanica Igreja de Cristo; apenas o transforma. Por isso, rezamos, acendemos velas, visitamos t\u00famulos: gestos que dizem \u201cvoc\u00ea tamb\u00e9m faz parte da nossa fam\u00edlia\u201d.<\/span><span data-ccp-props=\"{&quot;201341983&quot;:0,&quot;335551550&quot;:6,&quot;335551620&quot;:6,&quot;335559739&quot;:140,&quot;335559740&quot;:276}\">\u00a0<\/span><\/p>\n<p style=\"text-align: justify;\"><b><span data-contrast=\"auto\">1\u00aa Leitura \u2013 J\u00f3 19,1.23-27.<\/span><\/b><b><span data-contrast=\"auto\">a<\/span><\/b><span data-ccp-props=\"{&quot;201341983&quot;:0,&quot;335551550&quot;:6,&quot;335551620&quot;:6,&quot;335559739&quot;:140,&quot;335559740&quot;:276}\">\u00a0<\/span><\/p>\n<p style=\"text-align: justify;\"><span data-contrast=\"auto\">J\u00f3, no meio da dor que lhe arrancou tudo \u2013 sa\u00fade, filhos, bens \u2013, ousou gritar a esperan\u00e7a que ningu\u00e9m podia lhe tirar: \u201c<\/span><i><span data-contrast=\"auto\">Eu sei que o meu Redentor vive e que, por \u00faltimo, se levantar\u00e1 sobre o p\u00f3<\/span><\/i><span data-contrast=\"auto\">\u201d. N\u00e3o \u00e9 um otimismo barato; \u00e9 a f\u00e9 que nasce do fundo do abismo. J\u00f3 n\u00e3o tinha ainda no\u00e7\u00e3o clara da ressurrei\u00e7\u00e3o, mas j\u00e1 a confessava. N\u00f3s, que temos o t\u00famulo vazio de Cristo, podemos repetir com mais ousadia: nossos mortos n\u00e3o est\u00e3o perdidos no p\u00f3; est\u00e3o nas m\u00e3os do Redentor que j\u00e1 se levantou da morte.<\/span><span data-ccp-props=\"{&quot;201341983&quot;:0,&quot;335551550&quot;:6,&quot;335551620&quot;:6,&quot;335559739&quot;:140,&quot;335559740&quot;:276}\">\u00a0<\/span><\/p>\n<p style=\"text-align: justify;\"><b><span data-contrast=\"auto\">2\u00aa Leitura \u2013 1Cor 15,20-24a.25-28<\/span><\/b><span data-ccp-props=\"{&quot;201341983&quot;:0,&quot;335551550&quot;:6,&quot;335551620&quot;:6,&quot;335559739&quot;:140,&quot;335559740&quot;:276}\">\u00a0<\/span><\/p>\n<p style=\"text-align: justify;\"><span data-contrast=\"auto\">Paulo nos lembra que Cristo \u00e9 \u201c<\/span><i><span data-contrast=\"auto\">as prim\u00edcias dos que morreram<\/span><\/i><span data-contrast=\"auto\">\u201d. A ressurrei\u00e7\u00e3o n\u00e3o \u00e9 um privil\u00e9gio exclusivo de Jesus; \u00e9 o primeiro fruto de uma colheita que abrange todos os que Lhe pertencem. \u201c<\/span><i><span data-contrast=\"auto\">\u00c9 preciso que ele reine at\u00e9 que tenha posto todos os inimigos debaixo dos seus p\u00e9s. O \u00faltimo inimigo a ser destru\u00eddo \u00e9 a morte<\/span><\/i><span data-contrast=\"auto\">\u201d. A morte, que parece ter a \u00faltima palavra nos cemit\u00e9rios, j\u00e1 foi derrotada na cruz e no sepulcro vazio. Quando rezamos pelos falecidos, cooperamos com o reinado de Cristo: aceleramos, pela caridade, o dia em que Deus ser\u00e1 \u201c<\/span><i><span data-contrast=\"auto\">tudo em todos<\/span><\/i><span data-contrast=\"auto\">\u201d.<\/span><span data-ccp-props=\"{&quot;201341983&quot;:0,&quot;335551550&quot;:6,&quot;335551620&quot;:6,&quot;335559739&quot;:140,&quot;335559740&quot;:276}\">\u00a0<\/span><\/p>\n<p style=\"text-align: justify;\"><b><span data-contrast=\"auto\">Evangelho \u2013 Lc 12,35-40<\/span><\/b><span data-ccp-props=\"{&quot;201341983&quot;:0,&quot;335551550&quot;:6,&quot;335551620&quot;:6,&quot;335559739&quot;:140,&quot;335559740&quot;:276}\">\u00a0<\/span><\/p>\n<p style=\"text-align: justify;\"><span data-contrast=\"auto\">Jesus nos exorta: \u201c<\/span><i><span data-contrast=\"auto\">V\u00f3s tamb\u00e9m, estai preparados, porque o Filho do Homem vir\u00e1 numa hora em que n\u00e3o pensais<\/span><\/i><span data-contrast=\"auto\">\u201d. A morte n\u00e3o avisa; chega como o noivo \u00e0 meia-noite. Mas o Evangelho n\u00e3o nos deixa ansiosos: nos deixa vigilantes. Vigiar \u00e9 viver de tal modo que, a qualquer hora, estejamos com a l\u00e2mpada acesa \u2013 a l\u00e2mpada da f\u00e9, da esperan\u00e7a, da caridade, da ora\u00e7\u00e3o. Nossos falecidos nos ensinam isso: muitos deles partiram de repente, mas partiram com a l\u00e2mpada acesa porque, dia a dia, se mantiveram em Gra\u00e7a. A eles pedimos: ajudai-nos a viver assim.<\/span><span data-ccp-props=\"{&quot;201341983&quot;:0,&quot;335551550&quot;:6,&quot;335551620&quot;:6,&quot;335559739&quot;:140,&quot;335559740&quot;:276}\">\u00a0<\/span><\/p>\n<p style=\"text-align: justify;\"><b><span data-contrast=\"auto\">Coment\u00e1rio final: como tratar, durante o m\u00eas de novembro, os nossos falecidos<\/span><\/b><span data-ccp-props=\"{&quot;201341983&quot;:0,&quot;335551550&quot;:6,&quot;335551620&quot;:6,&quot;335559739&quot;:140,&quot;335559740&quot;:276}\">\u00a0<\/span><\/p>\n<p style=\"text-align: justify;\"><span data-contrast=\"auto\">Novembro \u00e9 o m\u00eas da mem\u00f3ria agradecida. Tr\u00eas gestos simples:<\/span><span data-ccp-props=\"{&quot;201341983&quot;:0,&quot;335551550&quot;:6,&quot;335551620&quot;:6,&quot;335559739&quot;:140,&quot;335559740&quot;:276}\">\u00a0<\/span><\/p>\n<p style=\"text-align: justify;\"><b><span data-contrast=\"auto\">Visitar o cemit\u00e9rio<\/span><\/b><span data-contrast=\"auto\"> \u2013 n\u00e3o apenas para chorar, mas para rezar o Credo junto ao t\u00famulo, professando que ali jaz um corpo que um dia ressuscitar\u00e1.\u00a0<\/span><span data-ccp-props=\"{&quot;201341983&quot;:0,&quot;335551550&quot;:6,&quot;335551620&quot;:6,&quot;335559739&quot;:0,&quot;335559740&quot;:276,&quot;469777462&quot;:[709],&quot;469777927&quot;:[0],&quot;469777928&quot;:[1]}\">\u00a0<\/span><\/p>\n<p style=\"text-align: justify;\"><b><span data-contrast=\"auto\">Oferecer Missas<\/span><\/b><span data-contrast=\"auto\"> \u2013 cada Eucaristia \u00e9 um \u201choje\u201d da salva\u00e7\u00e3o; apliquemo-la pelos que mais necessitam de miseric\u00f3rdia.\u00a0<\/span><span data-ccp-props=\"{&quot;201341983&quot;:0,&quot;335551550&quot;:6,&quot;335551620&quot;:6,&quot;335559739&quot;:0,&quot;335559740&quot;:276,&quot;469777462&quot;:[709],&quot;469777927&quot;:[0],&quot;469777928&quot;:[1]}\">\u00a0<\/span><\/p>\n<p style=\"text-align: justify;\"><b><span data-contrast=\"auto\">Viver a caridade<\/span><\/b><span data-contrast=\"auto\"> \u2013 perdoar quem nos magoou, reconciliar fam\u00edlias partidas, partilhar com os pobres. Assim, nossos mortos continuam a gerar vida.\u00a0<\/span><span data-ccp-props=\"{&quot;201341983&quot;:0,&quot;335551550&quot;:6,&quot;335551620&quot;:6,&quot;335559739&quot;:140,&quot;335559740&quot;:276,&quot;469777462&quot;:[709],&quot;469777927&quot;:[0],&quot;469777928&quot;:[1]}\">\u00a0<\/span><\/p>\n<p style=\"text-align: justify;\"><span data-contrast=\"auto\">Que a Virgem Maria, M\u00e3e dos que choram e Rainha dos que esperam, nos ensine a amar at\u00e9 o outro lado da morte. Am\u00e9m.<\/span><span data-ccp-props=\"{&quot;201341983&quot;:0,&quot;335551550&quot;:6,&quot;335551620&quot;:6,&quot;335559739&quot;:140,&quot;335559740&quot;:276}\">\u00a0<\/span><\/p>\n<p><span data-ccp-props=\"{&quot;335551550&quot;:6,&quot;335551620&quot;:6}\">\u00a0<\/span><\/p>\n","protected":false},"excerpt":{"rendered":"<p>Dom Antonio Carlos Rossi Keller Bispo de Frederico Westphalen (RS)\u00a0 (2 de novembro \u2013 Ano C)\u00a0 Queridos irm\u00e3os e irm\u00e3s,\u00a0 Hoje, 2 de novembro, a Igreja celebra o Dia de Finados n\u00e3o como um luto sem esperan\u00e7a, mas como um ato de amor que atravessa a morte. No Credo professamos a \u201ccomunh\u00e3o dos santos\u201d: cremos &hellip;<\/p>\n<p class=\"read-more\"> <a class=\"\" href=\"https:\/\/www.cnbb.org.br\/dia-de-finados-7\/\"> <span class=\"screen-reader-text\">Dia de Finados\u00a0<\/span> Leia mais &raquo;<\/a><\/p>\n","protected":false},"author":1821,"featured_media":0,"comment_status":"closed","ping_status":"closed","sticky":false,"template":"","format":"standard","meta":{"site-sidebar-layout":"default","site-content-layout":"default","ast-global-header-display":"","ast-banner-title-visibility":"","ast-main-header-display":"","ast-hfb-above-header-display":"","ast-hfb-below-header-display":"","ast-hfb-mobile-header-display":"","site-post-title":"","ast-breadcrumbs-content":"","ast-featured-img":"","footer-sml-layout":"","theme-transparent-header-meta":"default","adv-header-id-meta":"","stick-header-meta":"","header-above-stick-meta":"","header-main-stick-meta":"","header-below-stick-meta":""},"categories":[758,1837],"tags":[],"acf":[],"_links":{"self":[{"href":"https:\/\/www.cnbb.org.br\/cnbb-app\/wp\/v2\/posts\/990582"}],"collection":[{"href":"https:\/\/www.cnbb.org.br\/cnbb-app\/wp\/v2\/posts"}],"about":[{"href":"https:\/\/www.cnbb.org.br\/cnbb-app\/wp\/v2\/types\/post"}],"author":[{"embeddable":true,"href":"https:\/\/www.cnbb.org.br\/cnbb-app\/wp\/v2\/users\/1821"}],"replies":[{"embeddable":true,"href":"https:\/\/www.cnbb.org.br\/cnbb-app\/wp\/v2\/comments?post=990582"}],"version-history":[{"count":2,"href":"https:\/\/www.cnbb.org.br\/cnbb-app\/wp\/v2\/posts\/990582\/revisions"}],"predecessor-version":[{"id":990584,"href":"https:\/\/www.cnbb.org.br\/cnbb-app\/wp\/v2\/posts\/990582\/revisions\/990584"}],"wp:attachment":[{"href":"https:\/\/www.cnbb.org.br\/cnbb-app\/wp\/v2\/media?parent=990582"}],"wp:term":[{"taxonomy":"category","embeddable":true,"href":"https:\/\/www.cnbb.org.br\/cnbb-app\/wp\/v2\/categories?post=990582"},{"taxonomy":"post_tag","embeddable":true,"href":"https:\/\/www.cnbb.org.br\/cnbb-app\/wp\/v2\/tags?post=990582"}],"curies":[{"name":"wp","href":"https:\/\/api.w.org\/{rel}","templated":true}]}}