{"id":990585,"date":"2025-10-29T09:24:05","date_gmt":"2025-10-29T12:24:05","guid":{"rendered":"https:\/\/www.cnbb.org.br\/?p=990585"},"modified":"2025-10-29T09:25:16","modified_gmt":"2025-10-29T12:25:16","slug":"todos-os-santos-solenidade","status":"publish","type":"post","link":"https:\/\/www.cnbb.org.br\/todos-os-santos-solenidade\/","title":{"rendered":"Todos os Santos, Solenidade"},"content":{"rendered":"<p style=\"text-align: right;\"><b><span data-contrast=\"none\">Dom Carmo Jo\u00e3o Rhoden<\/span><\/b><span data-ccp-props=\"{&quot;201341983&quot;:0,&quot;335551550&quot;:2,&quot;335551620&quot;:2,&quot;335559739&quot;:160,&quot;335559740&quot;:259}\"><br \/>\n<\/span><b><span data-contrast=\"none\">Bispo Em\u00e9rito de Taubat\u00e9 (SP)<\/span><\/b><span data-ccp-props=\"{&quot;201341983&quot;:0,&quot;335551550&quot;:2,&quot;335551620&quot;:2,&quot;335559739&quot;:160,&quot;335559740&quot;:259}\">\u00a0<\/span><\/p>\n<p><b><span data-contrast=\"none\"><\/p>\n<p>Todos os Santos, Solenidade<br \/>\n01\/11\/25<\/span><\/b><span data-ccp-props=\"{&quot;201341983&quot;:0,&quot;335551550&quot;:2,&quot;335551620&quot;:2,&quot;335559739&quot;:160,&quot;335559740&quot;:259}\">\u00a0<\/span><\/p>\n<p><span data-ccp-props=\"{&quot;201341983&quot;:0,&quot;335551550&quot;:2,&quot;335551620&quot;:2,&quot;335559739&quot;:160,&quot;335559740&quot;:259}\">\u00a0<\/span><\/p>\n<p><b><i><span data-contrast=\"none\">Texto referencial: \u201csede santos porque Eu vosso Deus sou santo\u201d. (Cf. 1Pd, 1.16)<\/span><\/i><\/b><span data-ccp-props=\"{&quot;201341983&quot;:0,&quot;335551550&quot;:2,&quot;335551620&quot;:2,&quot;335559739&quot;:160,&quot;335559740&quot;:259}\">\u00a0<\/span><\/p>\n<p>&nbsp;<\/p>\n<p style=\"text-align: justify;\"><span data-contrast=\"none\">Celebramos hoje, jubilosamente o Dia de Todos os Santos e santas. N\u00f3s os terrenos, tamb\u00e9m, somos candidatos a santidade, pois fomos criados a imagem e semelhan\u00e7a de Deus. (Cf. Genesis. 1.26). Mas sendo n\u00f3s na realidade pecadores, devemos converter-nos, vivendo o esp\u00edrito das bem-aventuran\u00e7as no decorrer de nossa exist\u00eancia. Portanto, nossa voca\u00e7\u00e3o \u00e9 a santidade. \u201cSede santos, pois Eu o vosso Deus sou santo.\u201d (Cf. 1Pd, 1.16). Todos o somos: leigos e leigas, religiosos (as) e sacerdotes. Os caminhos e carismas divergem, mas, ponto final \u00e9 o mesmo: a santidade. Comecemos, pois, em tempo. N\u00e3o posterguemos nossa experi\u00eancia de Deus, apesar da experi\u00eancia do pecado, que j\u00e1 fizemos que dificulta a viv\u00eancia de nossa miss\u00e3o.<\/span><span data-ccp-props=\"{&quot;201341983&quot;:0,&quot;335551550&quot;:6,&quot;335551620&quot;:6,&quot;335559739&quot;:160,&quot;335559740&quot;:259}\">\u00a0<\/span><\/p>\n<p style=\"text-align: justify;\"><span data-contrast=\"none\">Muitos hoje em dia, vivem pessimista ou mesmo infelizes, ou at\u00e9 apelando ao suic\u00eddio. Esqueceram que s\u00e3o filhos de Deus, irm\u00e3os em Cristo e membros da Igreja. N\u00e3o poucas vezes escutamos: \u201ca vida n\u00e3o tem sentido\u201d. \u201cDeus n\u00e3o se interessa por n\u00f3s\u201d. Isto \u00e9 lament\u00e1vel pois, ningu\u00e9m investiu tanto em n\u00f3s, como Deus Pai, que enviou seu Filho Jesus Cristo, para nossa salva\u00e7\u00e3o. Ele n\u00e3o ofereceu toda sua vida por n\u00f3s? N\u00e3o carregou nossa cruz e nela morreu por amor a n\u00f3s? N\u00e3o foi flagelado e coroado com espinhos escarnecido? Deus \u00e9 nosso criador, redentor e santificador. Fa\u00e7amos ent\u00e3o nossa parte, como manda S\u00e3o Mateus, \u201csede perfeitos como vosso Pai \u00e9 perfeito\u201d (Mt. 5.48)<\/span><span data-ccp-props=\"{&quot;201341983&quot;:0,&quot;335551550&quot;:6,&quot;335551620&quot;:6,&quot;335559739&quot;:160,&quot;335559740&quot;:259}\">\u00a0<\/span><\/p>\n<p style=\"text-align: justify;\"><span data-contrast=\"none\">Olhemos para pl\u00eaiades de sermos nossos vencedores: m\u00e1rtires, perseguidos e fi\u00e9is entre eles (as): m\u00e3es, idosos, crian\u00e7as, jovens etc&#8230; e os ateus convertidos alguns at\u00e9 se tornaram Santos, como Carlos de Foucault, Edith Stein. Procuremos ent\u00e3o, ser mais dignos de nossos irm\u00e3os vencedores.<\/span><span data-ccp-props=\"{&quot;201341983&quot;:0,&quot;335551550&quot;:6,&quot;335551620&quot;:6,&quot;335559739&quot;:160,&quot;335559740&quot;:259}\">\u00a0<\/span><\/p>\n<p style=\"text-align: justify;\"><span data-contrast=\"none\">O que deus espera de mim, de ti, de n\u00f3s que busquemos realiza\u00e7\u00e3o, nossa felicidade plena. Que sejamos santos (as). No c\u00e9u somos esperados. Haver\u00e1 ent\u00e3o a felicidade eterna.<\/span><span data-ccp-props=\"{&quot;201341983&quot;:0,&quot;335551550&quot;:6,&quot;335551620&quot;:6,&quot;335559739&quot;:160,&quot;335559740&quot;:259}\">\u00a0<\/span><\/p>\n<p style=\"text-align: justify;\"><span data-ccp-props=\"{&quot;201341983&quot;:0,&quot;335551550&quot;:6,&quot;335551620&quot;:6,&quot;335559739&quot;:160,&quot;335559740&quot;:259}\">\u00a0<\/span><\/p>\n<p style=\"text-align: justify;\">\n<p style=\"text-align: justify;\"><span data-ccp-props=\"{&quot;201341983&quot;:0,&quot;335551550&quot;:6,&quot;335551620&quot;:6,&quot;335559739&quot;:160,&quot;335559740&quot;:259}\">\u00a0<\/span><\/p>\n","protected":false},"excerpt":{"rendered":"<p>Dom Carmo Jo\u00e3o Rhoden Bispo Em\u00e9rito de Taubat\u00e9 (SP)\u00a0 Todos os Santos, Solenidade 01\/11\/25\u00a0 \u00a0 Texto referencial: \u201csede santos porque Eu vosso Deus sou santo\u201d. (Cf. 1Pd, 1.16)\u00a0 &nbsp; Celebramos hoje, jubilosamente o Dia de Todos os Santos e santas. N\u00f3s os terrenos, tamb\u00e9m, somos candidatos a santidade, pois fomos criados a imagem e semelhan\u00e7a &hellip;<\/p>\n<p class=\"read-more\"> <a class=\"\" href=\"https:\/\/www.cnbb.org.br\/todos-os-santos-solenidade\/\"> <span class=\"screen-reader-text\">Todos os Santos, Solenidade<\/span> Leia mais &raquo;<\/a><\/p>\n","protected":false},"author":132,"featured_media":0,"comment_status":"closed","ping_status":"closed","sticky":false,"template":"","format":"standard","meta":{"site-sidebar-layout":"default","site-content-layout":"default","ast-global-header-display":"","ast-banner-title-visibility":"","ast-main-header-display":"","ast-hfb-above-header-display":"","ast-hfb-below-header-display":"","ast-hfb-mobile-header-display":"","site-post-title":"","ast-breadcrumbs-content":"","ast-featured-img":"","footer-sml-layout":"","theme-transparent-header-meta":"default","adv-header-id-meta":"","stick-header-meta":"","header-above-stick-meta":"","header-main-stick-meta":"","header-below-stick-meta":""},"categories":[758],"tags":[],"acf":[],"_links":{"self":[{"href":"https:\/\/www.cnbb.org.br\/cnbb-app\/wp\/v2\/posts\/990585"}],"collection":[{"href":"https:\/\/www.cnbb.org.br\/cnbb-app\/wp\/v2\/posts"}],"about":[{"href":"https:\/\/www.cnbb.org.br\/cnbb-app\/wp\/v2\/types\/post"}],"author":[{"embeddable":true,"href":"https:\/\/www.cnbb.org.br\/cnbb-app\/wp\/v2\/users\/132"}],"replies":[{"embeddable":true,"href":"https:\/\/www.cnbb.org.br\/cnbb-app\/wp\/v2\/comments?post=990585"}],"version-history":[{"count":1,"href":"https:\/\/www.cnbb.org.br\/cnbb-app\/wp\/v2\/posts\/990585\/revisions"}],"predecessor-version":[{"id":990586,"href":"https:\/\/www.cnbb.org.br\/cnbb-app\/wp\/v2\/posts\/990585\/revisions\/990586"}],"wp:attachment":[{"href":"https:\/\/www.cnbb.org.br\/cnbb-app\/wp\/v2\/media?parent=990585"}],"wp:term":[{"taxonomy":"category","embeddable":true,"href":"https:\/\/www.cnbb.org.br\/cnbb-app\/wp\/v2\/categories?post=990585"},{"taxonomy":"post_tag","embeddable":true,"href":"https:\/\/www.cnbb.org.br\/cnbb-app\/wp\/v2\/tags?post=990585"}],"curies":[{"name":"wp","href":"https:\/\/api.w.org\/{rel}","templated":true}]}}