{"id":990667,"date":"2025-10-30T09:43:22","date_gmt":"2025-10-30T12:43:22","guid":{"rendered":"https:\/\/www.cnbb.org.br\/?p=990637"},"modified":"2025-10-30T09:43:22","modified_gmt":"2025-10-30T12:43:22","slug":"quando-a-luz-do-dia-se-apagar-para-mim","status":"publish","type":"post","link":"https:\/\/www.cnbb.org.br\/quando-a-luz-do-dia-se-apagar-para-mim\/","title":{"rendered":"Quando a luz do dia se apagar para mim\u00a0"},"content":{"rendered":"<p style=\"text-align: right;\"><strong>Dom Itacir Brassiani<br \/>\nBispo de Santa Cruz do Sul (RS)<\/strong><\/p>\n<p>&nbsp;<\/p>\n<p style=\"text-align: justify;\"><span data-contrast=\"none\">A passagem do Dia dos Finados \u00e9 uma oportunidade prop\u00edcia para recordar, de forma agradecida, as pessoas que nos precederam e, ao mesmo tempo, de perguntar-nos como queremos viver e como estamos vivendo. Vivemos como criaturas amea\u00e7adas pela noite escura e vazia ou como quem espera um encontro e um abra\u00e7o afetuoso?\u00a0<\/span><span data-ccp-props=\"{&quot;134233117&quot;:false,&quot;134233118&quot;:false,&quot;201341983&quot;:0,&quot;335551550&quot;:6,&quot;335551620&quot;:6,&quot;335559738&quot;:0,&quot;335559739&quot;:120,&quot;335559740&quot;:240}\">\u00a0<\/span><\/p>\n<p style=\"text-align: justify;\"><span data-contrast=\"none\">Recordemos as pessoas com quem convivemos e deixaram marcas em nossas vidas. Mas n\u00e3o falemos delas apenas como sentidas aus\u00eancias, mas tamb\u00e9m como presen\u00e7as vivificadoras. Elas s\u00e3o presen\u00e7as porque est\u00e3o vivas\u202f <\/span><span data-contrast=\"none\">em Deus<\/span><span data-contrast=\"none\"> e em nossa mem\u00f3ria pelo amor que lhes dedicamos, nos frutos positivos que semearam enquanto viveram aqui.<\/span><span data-ccp-props=\"{&quot;134233117&quot;:false,&quot;134233118&quot;:false,&quot;201341983&quot;:0,&quot;335551550&quot;:6,&quot;335551620&quot;:6,&quot;335559738&quot;:0,&quot;335559739&quot;:120,&quot;335559740&quot;:240}\">\u00a0<\/span><\/p>\n<p style=\"text-align: justify;\"><span data-contrast=\"none\">Apesar de ser algo t\u00e3o certo quanto inevit\u00e1vel, n\u00e3o \u00e9 f\u00e1cil falar da morte. Hoje ela \u00e9 quase um tabu. Tende a ser disfar\u00e7ada e escondida. Evitamos falar dela, mesmo que esteja vivamente presente em nosso c\u00edrculo de rela\u00e7\u00f5es. Evitamos pensar e conversar sobre nossa pr\u00f3pria morte, ainda que seja o \u00fanico evento certo que nos aguarda no futuro.<\/span><span data-ccp-props=\"{&quot;134233117&quot;:false,&quot;134233118&quot;:false,&quot;201341983&quot;:0,&quot;335551550&quot;:6,&quot;335551620&quot;:6,&quot;335559738&quot;:0,&quot;335559739&quot;:120,&quot;335559740&quot;:240}\">\u00a0<\/span><\/p>\n<p style=\"text-align: justify;\"><span data-contrast=\"none\">Mas viver amea\u00e7ados pelo medo da morte \u00e9 uma aventura nas sombras, o que contradiz nossa voca\u00e7\u00e3o crist\u00e3 de filhos da luz. Para os crist\u00e3os, a\u202f<\/span><span data-contrast=\"none\">morte<\/span><span data-contrast=\"none\">\u202f \u00e9 um passo para a comunh\u00e3o plena, o passo final para o qual damos os anteriores. Por isso, a morte n\u00e3o deve ser temida, mas preparada como passagem para dimens\u00f5es mais plenas de vida.<\/span><span data-ccp-props=\"{&quot;134233117&quot;:false,&quot;134233118&quot;:false,&quot;201341983&quot;:0,&quot;335551550&quot;:6,&quot;335551620&quot;:6,&quot;335559738&quot;:0,&quot;335559739&quot;:120,&quot;335559740&quot;:240}\">\u00a0<\/span><\/p>\n<p style=\"text-align: justify;\"><span data-contrast=\"none\">Como crist\u00e3os, podemos e devemos olhar a morte de frente, porque a olhamos com esperan\u00e7a, com a certeza de que ela n\u00e3o \u00e9 um muro ou um precip\u00edcio, mas uma porta. Tendo passado por ela, Jesus nos ensina a prepara-la e acolhe-la com inteireza, pois ela nos conecta com nossa finitude e nos ajuda a viver com autenticidade honrando a vida.<\/span><span data-ccp-props=\"{&quot;134233117&quot;:false,&quot;134233118&quot;:false,&quot;201341983&quot;:0,&quot;335551550&quot;:6,&quot;335551620&quot;:6,&quot;335559738&quot;:0,&quot;335559739&quot;:120,&quot;335559740&quot;:240}\">\u00a0<\/span><\/p>\n<p style=\"text-align: justify;\"><span data-contrast=\"auto\">Convido voc\u00ea a rezar comigo o belo poema do escritor tcheco Jakub Deml, falecido em 1961: \u201cQuando eu estiver deitado no meu leito de morte, \u00e9 isso que eu pe\u00e7o, M\u00e3e de Deus: apaga tu a l\u00e2mpada do meu cora\u00e7\u00e3o. Jesus Cristo, luz eterna, eu te imploro, pela tortura amarga da tua morte, que, quando a luz do dia se apagar para mim, atravesses comigo os abismos da morte perigosa. Que teu cora\u00e7\u00e3o, como a lua cheia e a h\u00f3stia branca, ilumine a paisagem da minha transi\u00e7\u00e3o deste tempo para a eternidade\u201d.<\/span><span data-ccp-props=\"{&quot;201341983&quot;:0,&quot;335551550&quot;:6,&quot;335551620&quot;:6,&quot;335559740&quot;:259}\">\u00a0<\/span><\/p>\n<p style=\"text-align: justify;\">\n","protected":false},"excerpt":{"rendered":"<p>Dom Itacir Brassiani Bispo de Santa Cruz do Sul (RS) &nbsp; A passagem do Dia dos Finados \u00e9 uma oportunidade prop\u00edcia para recordar, de forma agradecida, as pessoas que nos precederam e, ao mesmo tempo, de perguntar-nos como queremos viver e como estamos vivendo. Vivemos como criaturas amea\u00e7adas pela noite escura e vazia ou como &hellip;<\/p>\n<p class=\"read-more\"> <a class=\"\" href=\"https:\/\/www.cnbb.org.br\/quando-a-luz-do-dia-se-apagar-para-mim\/\"> <span class=\"screen-reader-text\">Quando a luz do dia se apagar para mim\u00a0<\/span> Leia mais &raquo;<\/a><\/p>\n","protected":false},"author":2510,"featured_media":0,"comment_status":"closed","ping_status":"closed","sticky":false,"template":"","format":"standard","meta":{"site-sidebar-layout":"default","site-content-layout":"default","ast-global-header-display":"","ast-banner-title-visibility":"","ast-main-header-display":"","ast-hfb-above-header-display":"","ast-hfb-below-header-display":"","ast-hfb-mobile-header-display":"","site-post-title":"","ast-breadcrumbs-content":"","ast-featured-img":"","footer-sml-layout":"","theme-transparent-header-meta":"default","adv-header-id-meta":"","stick-header-meta":"","header-above-stick-meta":"","header-main-stick-meta":"","header-below-stick-meta":""},"categories":[758],"tags":[],"acf":[],"_links":{"self":[{"href":"https:\/\/www.cnbb.org.br\/cnbb-app\/wp\/v2\/posts\/990667"}],"collection":[{"href":"https:\/\/www.cnbb.org.br\/cnbb-app\/wp\/v2\/posts"}],"about":[{"href":"https:\/\/www.cnbb.org.br\/cnbb-app\/wp\/v2\/types\/post"}],"author":[{"embeddable":true,"href":"https:\/\/www.cnbb.org.br\/cnbb-app\/wp\/v2\/users\/2510"}],"replies":[{"embeddable":true,"href":"https:\/\/www.cnbb.org.br\/cnbb-app\/wp\/v2\/comments?post=990667"}],"version-history":[{"count":0,"href":"https:\/\/www.cnbb.org.br\/cnbb-app\/wp\/v2\/posts\/990667\/revisions"}],"wp:attachment":[{"href":"https:\/\/www.cnbb.org.br\/cnbb-app\/wp\/v2\/media?parent=990667"}],"wp:term":[{"taxonomy":"category","embeddable":true,"href":"https:\/\/www.cnbb.org.br\/cnbb-app\/wp\/v2\/categories?post=990667"},{"taxonomy":"post_tag","embeddable":true,"href":"https:\/\/www.cnbb.org.br\/cnbb-app\/wp\/v2\/tags?post=990667"}],"curies":[{"name":"wp","href":"https:\/\/api.w.org\/{rel}","templated":true}]}}