{"id":990669,"date":"2025-10-30T09:49:00","date_gmt":"2025-10-30T12:49:00","guid":{"rendered":"https:\/\/www.cnbb.org.br\/?p=990645"},"modified":"2025-10-30T09:49:00","modified_gmt":"2025-10-30T12:49:00","slug":"a-irma-morte-sinal-de-bondade-e-esperanca-2","status":"publish","type":"post","link":"https:\/\/www.cnbb.org.br\/a-irma-morte-sinal-de-bondade-e-esperanca-2\/","title":{"rendered":"A irm\u00e3 morte sinal de bondade e esperan\u00e7a\u00a0"},"content":{"rendered":"<p style=\"text-align: right;\"><strong>Dom Roberto Francisco Ferreria Paz\u00a0<\/strong><br \/>\n<strong>Bispo de Campos (RJ)<\/strong><\/p>\n<p style=\"text-align: justify;\"><span data-ccp-props=\"{&quot;201341983&quot;:0,&quot;335559739&quot;:0,&quot;335559740&quot;:240}\">\u00a0<\/span><\/p>\n<p style=\"text-align: justify;\"><span data-ccp-props=\"{&quot;201341983&quot;:0,&quot;335559739&quot;:240,&quot;335559740&quot;:240}\">\u00a0<\/span><\/p>\n<p style=\"text-align: justify;\"><span data-contrast=\"none\">A comemora\u00e7\u00e3o de fi\u00e9is finados que acontece no calend\u00e1rio lit\u00fargico no dia 02 de novembro conjuga pela ressurrei\u00e7\u00e3o de Cristo Salvador uma nota de bondade e esperan\u00e7a.<\/span><span data-ccp-props=\"{&quot;201341983&quot;:0,&quot;335551550&quot;:6,&quot;335551620&quot;:6,&quot;335559739&quot;:0,&quot;335559740&quot;:240}\">\u00a0<\/span><\/p>\n<p style=\"text-align: justify;\"><span data-contrast=\"none\">Bondade que encontramos na express\u00e3o de S\u00e3o Francisco \u201cirm\u00e3 morte\u201d, que nos lembra como est\u00e1 na\u202f famosa ora\u00e7\u00e3o atribu\u00edda a ele que \u00e9 morrendo que se vive para a vida eterna.\u00a0<\/span><span data-ccp-props=\"{&quot;201341983&quot;:0,&quot;335551550&quot;:6,&quot;335551620&quot;:6,&quot;335559739&quot;:0,&quot;335559740&quot;:240}\">\u00a0<\/span><\/p>\n<p style=\"text-align: justify;\"><span data-contrast=\"none\">Sim a morte a luz da P\u00e1scoa do Senhor torna-se passagem transformadora que encerrra nossa vida terrestre para transform\u00e1-la na beleza incomensur\u00e1vel da vida plena em Cristo. Bondade divina que n\u00e3o nos deixa solit\u00e1rios no Vale do Sheol mas conduz-nos ao encontro feliz da comunh\u00e3o dos Santos.<\/span><span data-ccp-props=\"{&quot;201341983&quot;:0,&quot;335551550&quot;:6,&quot;335551620&quot;:6,&quot;335559739&quot;:0,&quot;335559740&quot;:240}\">\u00a0<\/span><\/p>\n<p style=\"text-align: justify;\"><span data-contrast=\"none\">Superamos assim a traum\u00e1tica desconstru\u00e7\u00e3o da nossa tenda provis\u00f3ria neste mundo para mergulharmos na miseric\u00f3rdia e a ternura do nosso Pai.\u00a0<\/span><span data-ccp-props=\"{&quot;201341983&quot;:0,&quot;335551550&quot;:6,&quot;335551620&quot;:6,&quot;335559739&quot;:0,&quot;335559740&quot;:240}\">\u00a0<\/span><\/p>\n<p style=\"text-align: justify;\"><span data-contrast=\"none\">Por isso para os crist\u00e3os esta data \u00e9 comemorada como um reavivamento da nossa esperan\u00e7a, momento de paz e saudade que nos une com nossos queridos finados, e alimenta a espectativa e anseios do reencontro definitivo. Esperan\u00e7a na bendita ressurrei\u00e7\u00e3o da carne, que mostra-nos a reconcilia\u00e7\u00e3o plena de tudo e de todos em Deus.\u00a0<\/span><span data-ccp-props=\"{&quot;201341983&quot;:0,&quot;335551550&quot;:6,&quot;335551620&quot;:6,&quot;335559739&quot;:0,&quot;335559740&quot;:240}\">\u00a0<\/span><\/p>\n<p style=\"text-align: justify;\"><span data-contrast=\"none\">Um olhar contemplativo que nos faz suspirar por uma Nova Terra e um Novo C\u00e9u\u202f realiza\u00e7\u00e3o da justi\u00e7a plena do Reino.\u00a0<\/span><span data-ccp-props=\"{&quot;201341983&quot;:0,&quot;335551550&quot;:6,&quot;335551620&quot;:6,&quot;335559739&quot;:0,&quot;335559740&quot;:240}\">\u00a0<\/span><\/p>\n<p style=\"text-align: justify;\"><span data-contrast=\"none\">A partir desta vis\u00e3o podemos chamar o cemit\u00e9rio de Campo santo, o lugar da espera e da ora\u00e7\u00e3o em comunh\u00e3o com nossos irm\u00e3os finados. Dia para testemunhar uma vez mais que o amor \u00e9 mais forte que a morte, e que a esperan\u00e7a vence sempre o vazio e a falta de sentido com que as vezes podemos viver. Ser crist\u00e3os \u00e9 por certo desvendar o segredo do gr\u00e3o que morre e enterrado brota para uma vida eterna, ou como afirmava Karl Rhaner para uma explos\u00e3o de vida que nos leva a superar as barreiras do tempo e do espa\u00e7o para uma comunh\u00e3o com todo o universo em Deus. Entendemos tamb\u00e9m a frase de Santa Teresinha \u201ceu n\u00e3o morro mas entro no oceano da miseric\u00f3rdia de Deus\u201d. Nunca esque\u00e7amos a mensagem de Jesus \u201cDeus n\u00e3o \u00e9 Deus de mortos, mas de vivos, pois todos vivem para ele.\u201d ( Lc 20,38 ). Que a luz perp\u00e9tua os ilumine!<\/span><span data-ccp-props=\"{&quot;201341983&quot;:0,&quot;335551550&quot;:6,&quot;335551620&quot;:6,&quot;335559739&quot;:0,&quot;335559740&quot;:240}\">\u00a0<\/span><\/p>\n","protected":false},"excerpt":{"rendered":"<p>Dom Roberto Francisco Ferreria Paz\u00a0 Bispo de Campos (RJ) \u00a0 \u00a0 A comemora\u00e7\u00e3o de fi\u00e9is finados que acontece no calend\u00e1rio lit\u00fargico no dia 02 de novembro conjuga pela ressurrei\u00e7\u00e3o de Cristo Salvador uma nota de bondade e esperan\u00e7a.\u00a0 Bondade que encontramos na express\u00e3o de S\u00e3o Francisco \u201cirm\u00e3 morte\u201d, que nos lembra como est\u00e1 na\u202f famosa &hellip;<\/p>\n<p class=\"read-more\"> <a class=\"\" href=\"https:\/\/www.cnbb.org.br\/a-irma-morte-sinal-de-bondade-e-esperanca-2\/\"> <span class=\"screen-reader-text\">A irm\u00e3 morte sinal de bondade e esperan\u00e7a\u00a0<\/span> Leia mais &raquo;<\/a><\/p>\n","protected":false},"author":23,"featured_media":0,"comment_status":"closed","ping_status":"closed","sticky":false,"template":"","format":"standard","meta":{"site-sidebar-layout":"default","site-content-layout":"default","ast-global-header-display":"","ast-banner-title-visibility":"","ast-main-header-display":"","ast-hfb-above-header-display":"","ast-hfb-below-header-display":"","ast-hfb-mobile-header-display":"","site-post-title":"","ast-breadcrumbs-content":"","ast-featured-img":"","footer-sml-layout":"","theme-transparent-header-meta":"default","adv-header-id-meta":"","stick-header-meta":"","header-above-stick-meta":"","header-main-stick-meta":"","header-below-stick-meta":""},"categories":[758,1837],"tags":[],"acf":[],"_links":{"self":[{"href":"https:\/\/www.cnbb.org.br\/cnbb-app\/wp\/v2\/posts\/990669"}],"collection":[{"href":"https:\/\/www.cnbb.org.br\/cnbb-app\/wp\/v2\/posts"}],"about":[{"href":"https:\/\/www.cnbb.org.br\/cnbb-app\/wp\/v2\/types\/post"}],"author":[{"embeddable":true,"href":"https:\/\/www.cnbb.org.br\/cnbb-app\/wp\/v2\/users\/23"}],"replies":[{"embeddable":true,"href":"https:\/\/www.cnbb.org.br\/cnbb-app\/wp\/v2\/comments?post=990669"}],"version-history":[{"count":0,"href":"https:\/\/www.cnbb.org.br\/cnbb-app\/wp\/v2\/posts\/990669\/revisions"}],"wp:attachment":[{"href":"https:\/\/www.cnbb.org.br\/cnbb-app\/wp\/v2\/media?parent=990669"}],"wp:term":[{"taxonomy":"category","embeddable":true,"href":"https:\/\/www.cnbb.org.br\/cnbb-app\/wp\/v2\/categories?post=990669"},{"taxonomy":"post_tag","embeddable":true,"href":"https:\/\/www.cnbb.org.br\/cnbb-app\/wp\/v2\/tags?post=990669"}],"curies":[{"name":"wp","href":"https:\/\/api.w.org\/{rel}","templated":true}]}}