{"id":990674,"date":"2025-10-30T13:42:29","date_gmt":"2025-10-30T16:42:29","guid":{"rendered":"https:\/\/www.cnbb.org.br\/?p=990674"},"modified":"2025-10-30T13:42:29","modified_gmt":"2025-10-30T16:42:29","slug":"dom-helder-camara-entra-para-o-livro-dos-herois-e-heroinas-da-patria","status":"publish","type":"post","link":"https:\/\/www.cnbb.org.br\/dom-helder-camara-entra-para-o-livro-dos-herois-e-heroinas-da-patria\/","title":{"rendered":"Dom Helder Camara entra para o Livro dos Her\u00f3is e Hero\u00ednas da P\u00e1tria"},"content":{"rendered":"<p>O arcebispo em\u00e9rito de Olinda e Recife e Servo de Deus, dom Helder Camara (1909-1999), um dos fundadores da Confer\u00eancia Nacional dos Bispos do Brasil (CNBB), passou a integrar o Livro dos Her\u00f3is e Hero\u00ednas da P\u00e1tria. A <a role=\"link\" href=\"https:\/\/www.in.gov.br\/en\/web\/dou\/-\/lei-n-15.242-de-28-de-outubro-de-2025-665150368\" target=\"_blank\" rel=\"noopener\">Lei N\u00ba 15.242<\/a>, que oficializa o nome do \u201cDom da Paz\u201d na publica\u00e7\u00e3o, foi sancionada pelo presidente em exerc\u00edcio, Geraldo Alckmin, e publicada na edi\u00e7\u00e3o de quarta-feira (29), do Di\u00e1rio Oficial da Uni\u00e3o.<\/p>\n<p>O\u00a0Livro dos Her\u00f3is e Hero\u00ednas da P\u00e1tria<em>\u00a0<\/em>(tamb\u00e9m conhecido como\u00a0Livro de A\u00e7o) est\u00e1 localizado no Pante\u00e3o da P\u00e1tria, na Pra\u00e7a dos Tr\u00eas Poderes, em Bras\u00edlia. Na obra\u00a0<a role=\"link\" href=\"https:\/\/cnbbne2.org.br\/noticias\/infomaterias\/2023\/03\/conheca-os-herois-e-as-heroinas-da-patria\" target=\"_blank\" rel=\"noreferrer noopener\">s\u00e3o registrados os nomes de personalidades hist\u00f3ricas<\/a>\u00a0que tiveram atua\u00e7\u00e3o destacada na defesa e na constru\u00e7\u00e3o do pa\u00eds.<\/p>\n<p>Poeta e reconhecidamente um humanista, dom Helder nasceu em Fortaleza, em 7 de fevereiro de 1909. O religioso foi um dos fundadores e primeiro secret\u00e1rio-geral da CNBB, que teve importante papel no enfrentamento \u00e0 ditadura militar brasileira.<\/p>\n<p>Durante seu pastoreio, dom Helder tra\u00e7ou um caminho marcado pela viv\u00eancia do Evangelho e defesa dos mais humildes.\u00a0Indicado ao Pr\u00eamio Nobel da Paz, o arcebispo lan\u00e7ou, nos anos 1990, a campanha \u201cAno 2000 Sem Mis\u00e9ria\u201d, com o objetivo de buscar caminhos para a erradica\u00e7\u00e3o da mis\u00e9ria mundia. Ele faleceu no Recife, no dia 27 de agosto de 1999, aos 90 anos, e est\u00e1 sepultado na Catedral da S\u00e9, em Olinda (PE).<\/p>\n<h3 class=\"wp-block-heading\"><strong>Rumo aos altares<\/strong><\/h3>\n<p>Em maio de 2014, o ent\u00e3o arcebispo de Olinda e Recife, dom Fernando Saburido, solicitou ao Vaticano a autoriza\u00e7\u00e3o para abertura do processo de beatifica\u00e7\u00e3o e canoniza\u00e7\u00e3o de dom Helder. Em novembro do ano passado, a Santa S\u00e9 decretou a\u00a0<a role=\"link\" href=\"https:\/\/cnbbne2.org.br\/dom-fernando-saburido-anuncia-que-dom-helder-camara-esta-mais-perto-de-ser-declarado-veneravel\/\" target=\"_blank\" rel=\"noopener\">valida\u00e7\u00e3o jur\u00eddica de todo o material<\/a>\u00a0enviado a Roma.<\/p>\n<p>\u201cEstarei na reda\u00e7\u00e3o da\u00a0<em>Positio<\/em>, documento que futuramente ser\u00e1 objeto de estudos das comiss\u00f5es de historiadores, te\u00f3logos, bispos e cardeais. E no fim desse processo, ele poder\u00e1 ser declarado Vener\u00e1vel\u201d, afirmou frei Jociel Gomes, vice-postulador da causa de canoniza\u00e7\u00e3o de dom Helder.<\/p>\n<p>Ainda de acordo com o religioso, n\u00e3o h\u00e1 um prazo determinado para a conclus\u00e3o desta fase. \u201cTudo depender\u00e1 das agendas no Vaticano, levando em conta a figura grandiosa de dom Helder e os muitos escritos de sua autoria\u201d, explicou o frei.<\/p>\n<h3 class=\"wp-block-heading\"><strong>Contribui\u00e7\u00f5es<\/strong><\/h3>\n<p>O andamento do processo de beatifica\u00e7\u00e3o e canoniza\u00e7\u00e3o n\u00e3o depende s\u00f3 de quem conduz os tr\u00e2mites burocr\u00e1ticos. Os fi\u00e9is t\u00eam um papel de suma import\u00e2ncia e podem ajudar recitando frequentemente a ora\u00e7\u00e3o pedindo a intercess\u00e3o de dom Helder. Al\u00e9m disso, no caso da gra\u00e7a alcan\u00e7ada \u00e9 preciso informar \u00e0\u00a0<a role=\"link\" href=\"https:\/\/www.arquidioceseolindarecife.org\/\" target=\"_blank\" rel=\"noopener\">Arquidiocese de Olinda e Recife<\/a>\u00a0para que a comiss\u00e3o respons\u00e1vel investigue o poss\u00edvel milagre.<\/p>\n<p>Os relatos podem ser enviados pelo e-mail\u00a0<strong>causadedomheldercamara@gmail.com<\/strong>\u00a0ou por carta para o endere\u00e7o:\u00a0Pal\u00e1cio dos Manguinhos \u2013 Av. Rui Barbosa, 409, Gra\u00e7as, CEP: 52.011-400 \u2013 Recife (PE).<\/p>\n<p>Outra maneira de colaborar com a beatifica\u00e7\u00e3o de dom Helder \u00e9 ajudando nas despesas com documenta\u00e7\u00e3o, viagens e outros custos que o processo exige. Para isso, a Arquidiocese de Olinda e Recife criou uma conta banc\u00e1ria espec\u00edfica (Banco do Brasil, Ag\u00eancia 3108-9, Conta Corrente 37570-5, em nome de AORCANON DOM HELDER).<\/p>\n<blockquote class=\"wp-block-quote is-layout-flow wp-block-quote-is-layout-flow\"><p><strong>ORA\u00c7\u00c3O PARA PEDIR A DEUS A BEATIFICA\u00c7\u00c3O E CANONIZA\u00c7\u00c3O DE DOM HELDER CAMARA E ALCAN\u00c7AR GRA\u00c7AS POR SUA INTERCESS\u00c3O<\/strong><\/p>\n<p><em>\u201c\u00d3 DEUS DE AMOR E MISERIC\u00d3RDIA, QUE DESTES \u00c0 IGREJA O BISPO DOM HELDER CAMARA, N\u00d3S VOS AGRADECEMOS PELO DOM DE SUA VIDA E VOS BENDIZEMOS POR SUAS VIRTUDES. EXERCENDO O SEU MINIST\u00c9RIO EM FAVOR DA JUSTI\u00c7A E DA PAZ, E DEDICANDO SUA MISS\u00c3O \u00c0 CAUSA DOS POBRES, IMITOU O BOM PASTOR QUE DEU A VIDA POR SUAS OVELHAS. V\u00d3S QUE PROMETESTES GLORIFICAR AQUELES QUE VOS SERVIREM, DIGNAI-VOS GLORIFICA-LO COM A HONRA DOS ALTARES E, POR SUA INTERCESS\u00c3O, DAI-NOS A GRA\u00c7A QUE VOS SUPLICAMOS (MENCIONA-SE A GRA\u00c7A EM SIL\u00caNCIO). FAZEI QUE, SEGUINDO O SEU EXEMPLO, POSSAMOS TESTEMUNHAR O VOSSO AMOR E A VOSSA MISERIC\u00d3RDIA, JUNTO AOS NOSSOS IRM\u00c3OS E \u00c0S NOSSAS IRM\u00c3S. POR NOSSO SENHOR JESUS CRISTO, VOSSO FILHO, NA UNIDADE DO ESP\u00cdRITO SANTO. AM\u00c9M!\u201d<\/em><\/p>\n<p><em>PAI NOSSO, AVE MARIA E GL\u00d3RIA AO PAI.<\/em><\/p><\/blockquote>\n<p>&nbsp;<\/p>\n<pre>Kleber Nunes | CNBB NE2<\/pre>\n","protected":false},"excerpt":{"rendered":"<p>O\u00a0Livro dos Her\u00f3is e Hero\u00ednas da P\u00e1tria\u00a0est\u00e1 localizado no Pante\u00e3o da P\u00e1tria, na Pra\u00e7a dos Tr\u00eas Poderes, em Bras\u00edlia. Na obra\u00a0s\u00e3o registrados os nomes de personalidades hist\u00f3ricas\u00a0que tiveram atua\u00e7\u00e3o destacada na defesa e na constru\u00e7\u00e3o do pa\u00eds. Um dos fundadores e primeiro secret\u00e1rio-geral da CNBB, dom Helder que teve importante papel no enfrentamento \u00e0 ditadura militar brasileira<\/p>\n","protected":false},"author":38,"featured_media":32941,"comment_status":"closed","ping_status":"closed","sticky":false,"template":"","format":"standard","meta":{"site-sidebar-layout":"default","site-content-layout":"default","ast-global-header-display":"","ast-banner-title-visibility":"","ast-main-header-display":"","ast-hfb-above-header-display":"","ast-hfb-below-header-display":"","ast-hfb-mobile-header-display":"","site-post-title":"","ast-breadcrumbs-content":"","ast-featured-img":"","footer-sml-layout":"","theme-transparent-header-meta":"default","adv-header-id-meta":"","stick-header-meta":"","header-above-stick-meta":"","header-main-stick-meta":"","header-below-stick-meta":""},"categories":[50,802],"tags":[2709],"acf":[],"_links":{"self":[{"href":"https:\/\/www.cnbb.org.br\/cnbb-app\/wp\/v2\/posts\/990674"}],"collection":[{"href":"https:\/\/www.cnbb.org.br\/cnbb-app\/wp\/v2\/posts"}],"about":[{"href":"https:\/\/www.cnbb.org.br\/cnbb-app\/wp\/v2\/types\/post"}],"author":[{"embeddable":true,"href":"https:\/\/www.cnbb.org.br\/cnbb-app\/wp\/v2\/users\/38"}],"replies":[{"embeddable":true,"href":"https:\/\/www.cnbb.org.br\/cnbb-app\/wp\/v2\/comments?post=990674"}],"version-history":[{"count":0,"href":"https:\/\/www.cnbb.org.br\/cnbb-app\/wp\/v2\/posts\/990674\/revisions"}],"wp:featuredmedia":[{"embeddable":true,"href":"https:\/\/www.cnbb.org.br\/cnbb-app\/wp\/v2\/media\/32941"}],"wp:attachment":[{"href":"https:\/\/www.cnbb.org.br\/cnbb-app\/wp\/v2\/media?parent=990674"}],"wp:term":[{"taxonomy":"category","embeddable":true,"href":"https:\/\/www.cnbb.org.br\/cnbb-app\/wp\/v2\/categories?post=990674"},{"taxonomy":"post_tag","embeddable":true,"href":"https:\/\/www.cnbb.org.br\/cnbb-app\/wp\/v2\/tags?post=990674"}],"curies":[{"name":"wp","href":"https:\/\/api.w.org\/{rel}","templated":true}]}}