{"id":990840,"date":"2025-09-30T13:58:44","date_gmt":"2025-09-30T16:58:44","guid":{"rendered":"https:\/\/www.cnbb.org.br\/?p=990840"},"modified":"2025-11-03T13:59:30","modified_gmt":"2025-11-03T16:59:30","slug":"pastoral-carceraria-de-sergipe-e-movimento-maes-que-oram-pelos-filhos-encarcerados-levam-evangelizacao-ao-copemcan","status":"publish","type":"post","link":"https:\/\/www.cnbb.org.br\/pastoral-carceraria-de-sergipe-e-movimento-maes-que-oram-pelos-filhos-encarcerados-levam-evangelizacao-ao-copemcan\/","title":{"rendered":"Pastoral Carcer\u00e1ria de Sergipe e movimento M\u00e3es que Oram pelos Filhos Encarcerados levam evangeliza\u00e7\u00e3o ao COPEMCAN"},"content":{"rendered":"<p style=\"text-align: justify;\">Na manh\u00e3 desta segunda-feira, 29 de setembro, a Pastoral Carcer\u00e1ria da Arquidiocese de Aracaju, em parceria com o movimento M\u00e3es que Oram pelos Filhos Encarcerados, realizou uma a\u00e7\u00e3o de evangeliza\u00e7\u00e3o em frente ao Complexo Penitenci\u00e1rio Dr. Manoel Carvalho Neto (COPEMCAN), em S\u00e3o Crist\u00f3v\u00e3o (SE).<\/p>\n<p style=\"text-align: justify;\">A equipe saiu de Aracaju \u00e0s 6h30, levando ora\u00e7\u00f5es, palavras de esperan\u00e7a e tamb\u00e9m gestos concretos de solidariedade, como caf\u00e9, biscoitos, bolo, suco e \u00e1gua mineral, oferecidos \u00e0s fam\u00edlias que aguardavam o momento de visitar seus entes queridos.<\/p>\n<p style=\"text-align: justify;\">Mais do que alimentos, a presen\u00e7a foi marcada pelo acolhimento e pela escuta das m\u00e3es e esposas de detentos, que compartilharam suas dores e esperan\u00e7as. \u201cFoi um momento muito lindo. S\u00f3 vivenciando de perto para compreender o sofrimento de uma m\u00e3e que vai visitar seu filho\u201d, destacou a equipe organizadora.<\/p>\n<p style=\"text-align: justify;\">A iniciativa refor\u00e7a a miss\u00e3o da Igreja de estar pr\u00f3xima das realidades de dor e exclus\u00e3o, levando conforto espiritual e testemunhando o amor misericordioso de Deus.<\/p>\n","protected":false},"excerpt":{"rendered":"<p>Na manh\u00e3 desta segunda-feira, 29 de setembro, a Pastoral Carcer\u00e1ria da Arquidiocese de Aracaju, em parceria com o movimento M\u00e3es que Oram pelos Filhos Encarcerados, realizou uma a\u00e7\u00e3o de evangeliza\u00e7\u00e3o em frente ao Complexo Penitenci\u00e1rio Dr. Manoel Carvalho Neto (COPEMCAN), em S\u00e3o Crist\u00f3v\u00e3o (SE). A equipe saiu de Aracaju \u00e0s 6h30, levando ora\u00e7\u00f5es, palavras de &hellip;<\/p>\n<p class=\"read-more\"> <a class=\"\" href=\"https:\/\/www.cnbb.org.br\/pastoral-carceraria-de-sergipe-e-movimento-maes-que-oram-pelos-filhos-encarcerados-levam-evangelizacao-ao-copemcan\/\"> <span class=\"screen-reader-text\">Pastoral Carcer\u00e1ria de Sergipe e movimento M\u00e3es que Oram pelos Filhos Encarcerados levam evangeliza\u00e7\u00e3o ao COPEMCAN<\/span> Leia mais &raquo;<\/a><\/p>\n","protected":false},"author":141,"featured_media":990841,"comment_status":"closed","ping_status":"closed","sticky":false,"template":"","format":"standard","meta":{"site-sidebar-layout":"default","site-content-layout":"default","ast-global-header-display":"","ast-banner-title-visibility":"","ast-main-header-display":"","ast-hfb-above-header-display":"","ast-hfb-below-header-display":"","ast-hfb-mobile-header-display":"","site-post-title":"","ast-breadcrumbs-content":"","ast-featured-img":"","footer-sml-layout":"","theme-transparent-header-meta":"default","adv-header-id-meta":"","stick-header-meta":"","header-above-stick-meta":"","header-main-stick-meta":"","header-below-stick-meta":""},"categories":[789],"tags":[],"acf":[],"_links":{"self":[{"href":"https:\/\/www.cnbb.org.br\/cnbb-app\/wp\/v2\/posts\/990840"}],"collection":[{"href":"https:\/\/www.cnbb.org.br\/cnbb-app\/wp\/v2\/posts"}],"about":[{"href":"https:\/\/www.cnbb.org.br\/cnbb-app\/wp\/v2\/types\/post"}],"author":[{"embeddable":true,"href":"https:\/\/www.cnbb.org.br\/cnbb-app\/wp\/v2\/users\/141"}],"replies":[{"embeddable":true,"href":"https:\/\/www.cnbb.org.br\/cnbb-app\/wp\/v2\/comments?post=990840"}],"version-history":[{"count":1,"href":"https:\/\/www.cnbb.org.br\/cnbb-app\/wp\/v2\/posts\/990840\/revisions"}],"predecessor-version":[{"id":990842,"href":"https:\/\/www.cnbb.org.br\/cnbb-app\/wp\/v2\/posts\/990840\/revisions\/990842"}],"wp:featuredmedia":[{"embeddable":true,"href":"https:\/\/www.cnbb.org.br\/cnbb-app\/wp\/v2\/media\/990841"}],"wp:attachment":[{"href":"https:\/\/www.cnbb.org.br\/cnbb-app\/wp\/v2\/media?parent=990840"}],"wp:term":[{"taxonomy":"category","embeddable":true,"href":"https:\/\/www.cnbb.org.br\/cnbb-app\/wp\/v2\/categories?post=990840"},{"taxonomy":"post_tag","embeddable":true,"href":"https:\/\/www.cnbb.org.br\/cnbb-app\/wp\/v2\/tags?post=990840"}],"curies":[{"name":"wp","href":"https:\/\/api.w.org\/{rel}","templated":true}]}}