{"id":990896,"date":"2025-11-04T13:03:28","date_gmt":"2025-11-04T16:03:28","guid":{"rendered":"https:\/\/www.cnbb.org.br\/?p=990896"},"modified":"2025-11-04T13:04:21","modified_gmt":"2025-11-04T16:04:21","slug":"o-testemunho-de-vida-dos-pastores-em-santo-agostinho","status":"publish","type":"post","link":"https:\/\/www.cnbb.org.br\/o-testemunho-de-vida-dos-pastores-em-santo-agostinho\/","title":{"rendered":"O testemunho de vida dos pastores em Santo Agostinho"},"content":{"rendered":"<p style=\"text-align: right;\"><strong>Dom Vital Corbellini<br \/>\nBispo de Marab\u00e1 (PA) \u00a0<\/strong><\/p>\n<p>&nbsp;<\/p>\n<p>&nbsp;<\/p>\n<p style=\"text-align: justify;\"><span data-contrast=\"auto\">Santo Agostinho, bispo de Hipona nos s\u00e9culos IV e V deu um grande testemunho de vida\u00a0no seguimento a\u00a0Jesus Cristo\u00a0sendo um bom\u00a0pastor de sua Igreja, marcando presen\u00e7a junto \u00e0s comunidades, povo de Deus, espalhando os valores evang\u00e9licos da paz e do amor.\u00a0Na atualidade s\u00e3o chamados tamb\u00e9m os pastores\u00a0a viver o bom testemunho\u00a0em todos os setores da vida humana,\u00a0atrav\u00e9s das virtudes da f\u00e9, da esperan\u00e7a e da caridade.\u00a0\u00c9 preciso a doa\u00e7\u00e3o de seus pastores para que o Reino de Deus cres\u00e7a aqui e agora e um dia na eternidade.\u00a0A Igreja no Brasil \u00e9 convidada a fazer o caminho sinodal de modo que todas as pessoas vivam a alegria do servi\u00e7o aos outros, a Jesus\u00a0em vista de uma caminhada em conjunto, em comunh\u00e3o.<\/span><span data-ccp-props=\"{&quot;335551550&quot;:6,&quot;335551620&quot;:6}\">\u00a0<\/span><\/p>\n<p style=\"text-align: justify;\"><span data-contrast=\"auto\">A esperan\u00e7a \u00e9 o Cristo Jesus<\/span><\/p>\n<p style=\"text-align: justify;\"><span data-contrast=\"auto\">A nossa esperan\u00e7a est\u00e1 em Cristo, sendo Ele a nossa gl\u00f3ria, verdadeira e salutar. Santo Agostinho teve que advertir pessoas que se diziam pastores, gostavam de ser assim chamadas, mas n\u00e3o faziam o of\u00edcio de pastor, a miss\u00e3o de pastor como deveria ser a exemplo do Senhor Jesus<\/span><span data-contrast=\"auto\">1<\/span><span data-contrast=\"auto\">. Seguindo o profeta Ezequiel que\u00a0criticou a m\u00e1 atua\u00e7\u00e3o dos pastores\u00a0em\u00a0Israel (cfr.\u00a0Ez\u00a034,1-2), o bispo de Hipona afirmou a necessidade de dizer a verdade, porque se as coisas forem ditas por nossa causa, seremos pastores que apascentam a n\u00f3s mesmos, n\u00e3o as ovelhas, mas se ao inv\u00e9s vem do Senhor as coisas que digamos, \u00e9 sempre o Senhor a apascentar-nos na certeza de que n\u00f3s somos chamados a sermos bons pastores<\/span><span data-contrast=\"auto\">2<\/span><span data-contrast=\"auto\">.\u00a0<\/span><span data-ccp-props=\"{&quot;335551550&quot;:6,&quot;335551620&quot;:6}\">\u00a0<\/span><\/p>\n<p style=\"text-align: justify;\"><span data-contrast=\"auto\">Os pastores que apascentam a si mesmos<\/span><\/p>\n<p style=\"text-align: justify;\"><span data-contrast=\"auto\">O profeta continua criticando os maus pastores. \u201cAi dos pastores que apascentam a si mesmos\u201d (Ez\u00a034,2). Santo Agostinho disse o motivo pelo qual os pastores foram repreendidos, \u00e9 o fato de que tais pastores apascentam a si mesmos e n\u00e3o as ovelhas. Seguindo tamb\u00e9m o Ap\u00f3stolo S\u00e3o Paulo, Agostinho tem presentes que estes pastores buscam os seus pr\u00f3prios interesses, n\u00e3o aqueles que Jesus Cristo quer de seus pastores (cfr.\u00a0Fl\u00a02,21)<\/span><span data-contrast=\"auto\">.\u00a0<\/span><span data-ccp-props=\"{&quot;335551550&quot;:6,&quot;335551620&quot;:6}\">\u00a0<\/span><\/p>\n<p style=\"text-align: justify;\"><span data-contrast=\"auto\">Considera\u00e7\u00f5es pr\u00f3prias<\/span><\/p>\n<p style=\"text-align: justify;\"><span data-contrast=\"auto\">O bispo de Hipona quis que se fizessem as considera\u00e7\u00f5es pr\u00f3prias. O Senhor colocou a ele naquele lugar do qual dever-se-\u00e1 dar contas por um tra\u00e7o de sua condescend\u00eancia e n\u00e3o por merecimentos pr\u00f3prios<\/span><span data-contrast=\"auto\">4<\/span><span data-contrast=\"auto\">. Existem duas dignidades aquela de ser crist\u00e3os e aquela como Santo Agostinho de ser bispo. Aquela de ser crist\u00e3os \u00e9 para ele muito importante, e v\u00e3o sublinhadas as vantagens que derivam dos bispos; e em rela\u00e7\u00e3o\u00a0aqueles\u00a0que assumem o episcopado, o que conta \u00e9 o servi\u00e7o que todos os\u00a0ordenados devem prestar ao seu povo<\/span><span data-contrast=\"auto\">5<\/span><span data-contrast=\"auto\">. Sendo muitos os crist\u00e3os estes podem alcan\u00e7ar a Deus de uma forma \u00e0s vezes mais \u00e1gil do que os bispos pelo fato do peso que carregam com a sua miss\u00e3o<\/span><span data-contrast=\"auto\">6<\/span><span data-contrast=\"auto\">. Santo Agostinho afirmou que pelo fato de ser bispo dever\u00e1 prestar contas a Deus pelo minist\u00e9rio assumido, o episcopado, com alegria e com amor<\/span><span data-contrast=\"auto\">.<\/span><span data-ccp-props=\"{&quot;335551550&quot;:6,&quot;335551620&quot;:6}\">\u00a0<\/span><\/p>\n<p style=\"text-align: justify;\"><span data-contrast=\"auto\">Ora\u00e7\u00e3o<\/span><\/p>\n<p style=\"text-align: justify;\"><span data-contrast=\"auto\">Ao expressar-se desta forma ao povo, em liga\u00e7\u00e3o \u00e0 palavra de Deus, Santo Agostinho pedia aos fi\u00e9is ora\u00e7\u00f5es. O dia do julgamento do Senhor vir\u00e1 para todas as pessoas\u00a0e tamb\u00e9m\u00a0para os bispos que assumiram o minist\u00e9rio de coordenar uma comunidade. Ele desejava que ao chegar o dia da passagem, o Senhor o encontrasse preparado<\/span><span data-contrast=\"auto\">8<\/span><span data-contrast=\"auto\">. O bispo deve ter presente o bem das pessoas e do Reino de Deus. Se o bispo buscasse os seus pr\u00f3prios interesses, que ficasse no orgulho de seu poder que ocupa, a sua honra, ele estaria entre aqueles que apascentam a si mesmos e n\u00e3o as suas ovelhas<\/span><span data-contrast=\"auto\">9<\/span><span data-contrast=\"auto\">\u00a0e para n\u00e3o cair nestas tenta\u00e7\u00f5es, o bispo pedia ora\u00e7\u00f5es ao povo\u00a0em vista da firmeza de sua miss\u00e3o.<\/span><span data-ccp-props=\"{&quot;335551550&quot;:6,&quot;335551620&quot;:6}\">\u00a0<\/span><\/p>\n<p style=\"text-align: justify;\"><span data-contrast=\"auto\">O pastor \u00e9 Deus<\/span><\/p>\n<p style=\"text-align: justify;\"><span data-contrast=\"auto\">O verdadeiro pastor \u00e9 Deus seja qual for a posi\u00e7\u00e3o dos pastores eclesiais, se agem para o bem das pessoas ou n\u00e3o. \u00c9 claro que \u00e9 fundamental que os bispos, as pessoas ordenadas sejam bons pastores. Deus n\u00e3o abandona jamais as suas ovelhas, porque estas s\u00e3o amparadas pelo Senhor para alcan\u00e7ar os bens a elas reservadas<\/span><span data-contrast=\"auto\">10<\/span><span data-contrast=\"auto\">. Santo Agostinho tamb\u00e9m disse que os pastores devem servir as ovelhas com amor. Diante da caridade do Evangelho o ponto fundamental que esperava dos pastores que levem as pessoas \u00e0 salva\u00e7\u00e3o que vem de Jesus Cristo. No entanto ele tinha presentes algumas pessoas que se diziam pastores que viviam da provid\u00eancia do povo atrav\u00e9s dos alimentos, mas n\u00e3o cuidavam das ovelhas, buscando os seus pr\u00f3prios interesses, n\u00e3o aqueles de Jesus Cristo (cf.\u00a0Fl\u00a02,21)<\/span><span data-contrast=\"auto\">.\u00a0<\/span><\/p>\n<p style=\"text-align: justify;\"><span data-contrast=\"auto\">O ap\u00f3stolo S\u00e3o Paulo<\/span><span data-ccp-props=\"{&quot;335551550&quot;:6,&quot;335551620&quot;:6}\">\u00a0<\/span><\/p>\n<p style=\"text-align: justify;\"><span data-contrast=\"auto\">O Ap\u00f3stolo S\u00e3o Paulo viveu de uma forma desprendida junto \u00e0s suas comunidades. Santo Agostinho colocou-o como um grande pastor junto ao seu povo, na qual n\u00e3o procurava os seus interesses, mas aqueles do povo de Deus e do Senhor Jesus Cristo. Ele buscava como o Senhor a ovelha doente para assim n\u00e3o deixar progredir a\u00a0infec\u00e7\u00e3o<\/span><span data-contrast=\"auto\">12<\/span><span data-contrast=\"auto\">. Assim ele n\u00e3o buscava vantagens pr\u00f3prias, mas aquelas de Jesus Cristo (Fl\u00a02,21)<\/span><span data-contrast=\"auto\">.\u00a0<\/span><span data-ccp-props=\"{&quot;335551550&quot;:6,&quot;335551620&quot;:6}\">\u00a0<\/span><\/p>\n<p style=\"text-align: justify;\"><span data-contrast=\"auto\">A indiferen\u00e7a e a dedica\u00e7\u00e3o <\/span><span data-ccp-props=\"{&quot;335551550&quot;:6,&quot;335551620&quot;:6}\">\u00a0<\/span><\/p>\n<p style=\"text-align: justify;\"><span data-contrast=\"auto\">Santo Agostinho afirmou coisas que o povo poderia dizer aos pastores quando n\u00e3o apascentam o povo,\u00a0mas a si mesmos dadas pela indiferen\u00e7a \u00e0 miss\u00e3o. Quando o pastor n\u00e3o d\u00e1 o bom testemunho de vida poderia ocorrer que o povo diga que os pastores fa\u00e7am a seu bel prazer as coisas. O Bispo percebeu que estas coisas n\u00e3o levariam a nada<\/span><span data-contrast=\"auto\">14<\/span><span data-contrast=\"auto\">. No entanto quando o pastor \u00e9 dedicado a Deus e ao povo, a palavra de Deus \u00e9 vivida pelas pessoas e os ministros consagrados s\u00e3o bem acolhidos pelo seu povo tamb\u00e9m pela viv\u00eancia da palavra, porque n\u00e3o apascentam a si mesmo, mas ao povo e ao Senhor. Desta forma o testemunho de vida \u00e9 fundamental\u00a0para os pastores do povo de Deus\u00a0no seguimento a Jesus Cristo, \u00e0 sua Igreja e ao Reino de Deus. Santo Agostinho nos exorta para isso a viver a palavra de Deus junto ao povo do Senhor a n\u00f3s confiado.<\/span><span data-ccp-props=\"{&quot;335551550&quot;:6,&quot;335551620&quot;:6}\">\u00a0<\/span><\/p>\n","protected":false},"excerpt":{"rendered":"<p>Dom Vital Corbellini Bispo de Marab\u00e1 (PA) \u00a0 &nbsp; &nbsp; Santo Agostinho, bispo de Hipona nos s\u00e9culos IV e V deu um grande testemunho de vida\u00a0no seguimento a\u00a0Jesus Cristo\u00a0sendo um bom\u00a0pastor de sua Igreja, marcando presen\u00e7a junto \u00e0s comunidades, povo de Deus, espalhando os valores evang\u00e9licos da paz e do amor.\u00a0Na atualidade s\u00e3o chamados tamb\u00e9m &hellip;<\/p>\n<p class=\"read-more\"> <a class=\"\" href=\"https:\/\/www.cnbb.org.br\/o-testemunho-de-vida-dos-pastores-em-santo-agostinho\/\"> <span class=\"screen-reader-text\">O testemunho de vida dos pastores em Santo Agostinho<\/span> Leia mais &raquo;<\/a><\/p>\n","protected":false},"author":16,"featured_media":0,"comment_status":"closed","ping_status":"closed","sticky":false,"template":"","format":"standard","meta":{"site-sidebar-layout":"default","site-content-layout":"default","ast-global-header-display":"","ast-banner-title-visibility":"","ast-main-header-display":"","ast-hfb-above-header-display":"","ast-hfb-below-header-display":"","ast-hfb-mobile-header-display":"","site-post-title":"","ast-breadcrumbs-content":"","ast-featured-img":"","footer-sml-layout":"","theme-transparent-header-meta":"default","adv-header-id-meta":"","stick-header-meta":"","header-above-stick-meta":"","header-main-stick-meta":"","header-below-stick-meta":""},"categories":[758],"tags":[],"acf":[],"_links":{"self":[{"href":"https:\/\/www.cnbb.org.br\/cnbb-app\/wp\/v2\/posts\/990896"}],"collection":[{"href":"https:\/\/www.cnbb.org.br\/cnbb-app\/wp\/v2\/posts"}],"about":[{"href":"https:\/\/www.cnbb.org.br\/cnbb-app\/wp\/v2\/types\/post"}],"author":[{"embeddable":true,"href":"https:\/\/www.cnbb.org.br\/cnbb-app\/wp\/v2\/users\/16"}],"replies":[{"embeddable":true,"href":"https:\/\/www.cnbb.org.br\/cnbb-app\/wp\/v2\/comments?post=990896"}],"version-history":[{"count":2,"href":"https:\/\/www.cnbb.org.br\/cnbb-app\/wp\/v2\/posts\/990896\/revisions"}],"predecessor-version":[{"id":990898,"href":"https:\/\/www.cnbb.org.br\/cnbb-app\/wp\/v2\/posts\/990896\/revisions\/990898"}],"wp:attachment":[{"href":"https:\/\/www.cnbb.org.br\/cnbb-app\/wp\/v2\/media?parent=990896"}],"wp:term":[{"taxonomy":"category","embeddable":true,"href":"https:\/\/www.cnbb.org.br\/cnbb-app\/wp\/v2\/categories?post=990896"},{"taxonomy":"post_tag","embeddable":true,"href":"https:\/\/www.cnbb.org.br\/cnbb-app\/wp\/v2\/tags?post=990896"}],"curies":[{"name":"wp","href":"https:\/\/api.w.org\/{rel}","templated":true}]}}