{"id":990999,"date":"2025-11-05T15:22:51","date_gmt":"2025-11-05T18:22:51","guid":{"rendered":"https:\/\/www.cnbb.org.br\/?p=990999"},"modified":"2025-11-07T08:14:53","modified_gmt":"2025-11-07T11:14:53","slug":"presidencia-da-cnbb-realiza-visita-de-cortesia-ao-novo-presidente-do-stf","status":"publish","type":"post","link":"https:\/\/www.cnbb.org.br\/presidencia-da-cnbb-realiza-visita-de-cortesia-ao-novo-presidente-do-stf\/","title":{"rendered":"Presid\u00eancia da CNBB realiza visita de cortesia ao novo presidente do STF"},"content":{"rendered":"<p style=\"text-align: justify;\">Na manh\u00e3 desta quarta-feira, 5\/11, o arcebispo de Porto Alegre (RS) e presidente da Confer\u00eancia Nacional dos Bispos do Brasil (CNBB), o arcebispo de Goi\u00e2nia e primeiro vice-presidente, dom Jo\u00e3o Justino de Medeiros, foram recebidos em audi\u00eancia pelo novo presidente do Supremo Tribunal Federal (STF), o ministro Edson Fachin.<\/p>\n<p style=\"text-align: justify;\">Na audi\u00eancia, os membros da presid\u00eancia da CNBB saudaram o ministro Fachin pela elei\u00e7\u00e3o por sua nova miss\u00e3o como presidente do STF e o convidaram para a celebra\u00e7\u00e3o do Bicenten\u00e1rio de Rela\u00e7\u00f5es Diplom\u00e1ticas Brasil-Santa S\u00e9.<\/p>\n<figure id=\"attachment_991002\" aria-describedby=\"caption-attachment-991002\" style=\"width: 800px\" class=\"wp-caption aligncenter\"><img decoding=\"async\" loading=\"lazy\" class=\"wp-image-991002 size-full\" src=\"https:\/\/www.cnbb.org.br\/wp-content\/uploads\/2025\/11\/Reuniao-STF-Rosinei-Coutinho-STF.jpg\" alt=\"\" width=\"800\" height=\"534\" srcset=\"https:\/\/www.cnbb.org.br\/wp-content\/uploads\/2025\/11\/Reuniao-STF-Rosinei-Coutinho-STF.jpg 800w, https:\/\/www.cnbb.org.br\/wp-content\/uploads\/2025\/11\/Reuniao-STF-Rosinei-Coutinho-STF-300x200.jpg 300w, https:\/\/www.cnbb.org.br\/wp-content\/uploads\/2025\/11\/Reuniao-STF-Rosinei-Coutinho-STF-768x513.jpg 768w, https:\/\/www.cnbb.org.br\/wp-content\/uploads\/2025\/11\/Reuniao-STF-Rosinei-Coutinho-STF-500x334.jpg 500w\" sizes=\"(max-width: 800px) 100vw, 800px\" \/><figcaption id=\"caption-attachment-991002\" class=\"wp-caption-text\">O cardeal Jaime e dom Jo\u00e3o sa\u00fadam o novo o novo presidente do STF. | Fotos: Rosinei Coutinho &#8211; STF<\/figcaption><\/figure>\n<p style=\"text-align: justify;\">Na ocasi\u00e3o, os representantes da CNBB tamb\u00e9m apresentaram ao novo chefe do STF a posi\u00e7\u00e3o da Igreja e da Confer\u00eancia sobre a vota\u00e7\u00e3o favor da descriminaliza\u00e7\u00e3o do aborto no Brasil em curso na corte. O pedido \u00e9 para anular os votos do ex-ministros Lu\u00eds Roberto Barroso e Rosa Weber.<\/p>\n<p style=\"text-align: justify;\">Como parte no processo como um amicus curiae em curso no STF, a CNBB defendeu que que h\u00e1 um \u201cconjunto de nulidades insan\u00e1veis\u201d adotado por Barroso. Para a CNBB, n\u00e3o h\u00e1 \u201cprevis\u00e3o regimental\u201d para o ex-ministro retirar o destaque que tinha apresentado em 2023 ao ministro Edson Fachin, para que a mat\u00e9ria fosse tratada em plen\u00e1rio, e pedir a convoca\u00e7\u00e3o de uma nova sess\u00e3o virtual.<\/p>\n<p style=\"text-align: justify;\">Na sequ\u00eancia, o presidente do STF recebeu tamb\u00e9m os bispos dom Jos\u00e9 Valdeci Mendes, dom Vicente de Paula Ferreira e dom Norberto Foerster, da Comiss\u00e3o Episcopal para A\u00e7\u00e3o Sociotransformadora e Comiss\u00e3o Especial para Ecologia Integral e Minera\u00e7\u00e3o da CNBB (foto abaixo).<\/p>\n<p><img decoding=\"async\" loading=\"lazy\" class=\"aligncenter wp-image-991003 size-full\" src=\"https:\/\/www.cnbb.org.br\/wp-content\/uploads\/2025\/11\/STF-e-Comissoes.jpg\" alt=\"\" width=\"800\" height=\"495\" srcset=\"https:\/\/www.cnbb.org.br\/wp-content\/uploads\/2025\/11\/STF-e-Comissoes.jpg 800w, https:\/\/www.cnbb.org.br\/wp-content\/uploads\/2025\/11\/STF-e-Comissoes-300x186.jpg 300w, https:\/\/www.cnbb.org.br\/wp-content\/uploads\/2025\/11\/STF-e-Comissoes-768x475.jpg 768w, https:\/\/www.cnbb.org.br\/wp-content\/uploads\/2025\/11\/STF-e-Comissoes-500x309.jpg 500w\" sizes=\"(max-width: 800px) 100vw, 800px\" \/><\/p>\n<pre>Por Willian Bonfim<\/pre>\n","protected":false},"excerpt":{"rendered":"<p>Na audi\u00eancia, os membros da presid\u00eancia da CNBB saudaram o ministro Fachin pela elei\u00e7\u00e3o por sua nova miss\u00e3o como presidente do STF e o convidaram para a celebra\u00e7\u00e3o do Bicenten\u00e1rio de Rela\u00e7\u00f5es Diplom\u00e1ticas Brasil-Santa S\u00e9. Tamb\u00e9m foram recebidos os bispos da Comiss\u00e3o Episcopal para A\u00e7\u00e3o Sociotransformadora e da Comiss\u00e3o Especial para Ecologia Integral e Minera\u00e7\u00e3o da CNBB<\/p>\n","protected":false},"author":142,"featured_media":991001,"comment_status":"closed","ping_status":"closed","sticky":false,"template":"","format":"standard","meta":{"site-sidebar-layout":"default","site-content-layout":"default","ast-global-header-display":"","ast-banner-title-visibility":"","ast-main-header-display":"","ast-hfb-above-header-display":"","ast-hfb-below-header-display":"","ast-hfb-mobile-header-display":"","site-post-title":"","ast-breadcrumbs-content":"","ast-featured-img":"","footer-sml-layout":"","theme-transparent-header-meta":"default","adv-header-id-meta":"","stick-header-meta":"","header-above-stick-meta":"","header-main-stick-meta":"","header-below-stick-meta":""},"categories":[50],"tags":[2716,6228,1931],"acf":[],"_links":{"self":[{"href":"https:\/\/www.cnbb.org.br\/cnbb-app\/wp\/v2\/posts\/990999"}],"collection":[{"href":"https:\/\/www.cnbb.org.br\/cnbb-app\/wp\/v2\/posts"}],"about":[{"href":"https:\/\/www.cnbb.org.br\/cnbb-app\/wp\/v2\/types\/post"}],"author":[{"embeddable":true,"href":"https:\/\/www.cnbb.org.br\/cnbb-app\/wp\/v2\/users\/142"}],"replies":[{"embeddable":true,"href":"https:\/\/www.cnbb.org.br\/cnbb-app\/wp\/v2\/comments?post=990999"}],"version-history":[{"count":4,"href":"https:\/\/www.cnbb.org.br\/cnbb-app\/wp\/v2\/posts\/990999\/revisions"}],"predecessor-version":[{"id":991069,"href":"https:\/\/www.cnbb.org.br\/cnbb-app\/wp\/v2\/posts\/990999\/revisions\/991069"}],"wp:featuredmedia":[{"embeddable":true,"href":"https:\/\/www.cnbb.org.br\/cnbb-app\/wp\/v2\/media\/991001"}],"wp:attachment":[{"href":"https:\/\/www.cnbb.org.br\/cnbb-app\/wp\/v2\/media?parent=990999"}],"wp:term":[{"taxonomy":"category","embeddable":true,"href":"https:\/\/www.cnbb.org.br\/cnbb-app\/wp\/v2\/categories?post=990999"},{"taxonomy":"post_tag","embeddable":true,"href":"https:\/\/www.cnbb.org.br\/cnbb-app\/wp\/v2\/tags?post=990999"}],"curies":[{"name":"wp","href":"https:\/\/api.w.org\/{rel}","templated":true}]}}