{"id":991107,"date":"2025-11-07T12:58:49","date_gmt":"2025-11-07T15:58:49","guid":{"rendered":"https:\/\/www.cnbb.org.br\/?p=991107"},"modified":"2025-11-07T13:03:02","modified_gmt":"2025-11-07T16:03:02","slug":"papa-leao-xiv-na-cop30-se-voces-querem-cultivar-a-paz-cuidem-da-criacao","status":"publish","type":"post","link":"https:\/\/www.cnbb.org.br\/papa-leao-xiv-na-cop30-se-voces-querem-cultivar-a-paz-cuidem-da-criacao\/","title":{"rendered":"Papa Le\u00e3o XIV na COP30 em Bel\u00e9m: \u201cSe voc\u00eas querem cultivar a paz, cuidem da Cria\u00e7\u00e3o\u201d"},"content":{"rendered":"<div class=\"article__subTitle\" style=\"text-align: justify;\">\u201cEm um mundo em chamas, tanto pelo aquecimento global quanto pelos conflitos armados, esta Confer\u00eancia deve se tornar um sinal de esperan\u00e7a&#8221;, destacou o Papa Le\u00e3o na sua mensagem lida pelo cardeal Parolin na COP30, em Bel\u00e9m. &#8220;Cuidar da cria\u00e7\u00e3o torna-se uma express\u00e3o de humanidade e solidariedade\u201d.<\/div>\n<div class=\"title__separator\" style=\"text-align: justify;\"><\/div>\n<div class=\"article__text\">\n<p style=\"text-align: justify;\">\u201cSe voc\u00eas querem cultivar a paz, cuidem da Cria\u00e7\u00e3o. Existe uma clara liga\u00e7\u00e3o entre a constru\u00e7\u00e3o da paz e a cust\u00f3dia da Cria\u00e7\u00e3o\u201d. Assim se pronunciou o secret\u00e1rio de Estado do Vaticano, cardeal Pietro Parolin, ao ler a mensagem do Papa Le\u00e3o XIV na 30\u00aa Sess\u00e3o da Confer\u00eancia das Partes da Conven\u00e7\u00e3o-Quadro das Na\u00e7\u00f5es Unidas sobre Mudan\u00e7as Clim\u00e1ticas (COP30) em Bel\u00e9m, no Brasil.<\/p>\n<p style=\"text-align: justify;\">\u201cSe, por um lado, nestes tempos dif\u00edceis, a aten\u00e7\u00e3o e a preocupa\u00e7\u00e3o da comunidade internacional parecem concentrar-se principalmente nos conflitos entre as na\u00e7\u00f5es\u201d, sublinha o Santo Padre na sua mensagem, \u201cpor outro lado, cresce tamb\u00e9m a consci\u00eancia de que a paz \u00e9 amea\u00e7ada tamb\u00e9m pela falta de respeito pela Cria\u00e7\u00e3o, pela pilhagem dos recursos naturais e pelo progressivo decl\u00ednio da qualidade de vida devido \u00e0s altera\u00e7\u00f5es clim\u00e1ticas\u201d.<\/p>\n<p style=\"text-align: justify;\">Devido \u00e0 sua natureza global &#8211; continua a mensagem do Papa -, esses desafios colocam em risco a vida de todos neste planeta e, portanto, exigem coopera\u00e7\u00e3o internacional e um multilateralismo coeso e capaz de olhar para o futuro, que coloque no centro a sacralidade da vida, a dignidade de cada ser humano dada por Deus e o bem comum.<\/p>\n<p style=\"text-align: justify;\">O Papa Le\u00e3o na sua mensagem destaca que \u201cinfelizmente, observamos abordagens pol\u00edticas e comportamentos humanos que v\u00e3o na dire\u00e7\u00e3o oposta, caracterizados pelo ego\u00edsmo coletivo, pela falta de considera\u00e7\u00e3o pelo outro e pela miopia.<\/p>\n<p style=\"text-align: justify;\">\u201cEm um mundo em chamas, tanto pelo aquecimento global quanto pelos conflitos armados\u201d, esta Confer\u00eancia deve se tornar um sinal de esperan\u00e7a, atrav\u00e9s do respeito demonstrado pelas ideias alheias na tentativa coletiva de buscar uma linguagem comum e um consenso, deixando de lado interesses ego\u00edstas, tendo em mente a responsabilidade uns pelos outros e pelas gera\u00e7\u00f5es futuras\u201d.<\/p>\n<p style=\"text-align: justify;\">Em seguida o Santo Padre recorda que j\u00e1 na d\u00e9cada de 1990, o Papa S\u00e3o Jo\u00e3o Paulo II destacou que a crise ecol\u00f3gica \u00e9 \u201cum problema moral\u201d e, como tal, \u201cevidencia a urgente necessidade moral de uma nova solidariedade, especialmente nas rela\u00e7\u00f5es entre os pa\u00edses em desenvolvimento e os pa\u00edses altamente industrializados.<\/p>\n<p style=\"text-align: justify;\">Os Estados devem mostrar-se cada vez mais solid\u00e1rios e complementares entre si na promo\u00e7\u00e3o do desenvolvimento de um ambiente natural e social pac\u00edfico e saud\u00e1vel\u201d.<\/p>\n<p style=\"text-align: justify;\">O Papa ent\u00e3o destaca que \u201ctragicamente, aqueles que se encontram em situa\u00e7\u00f5es de maior vulnerabilidade s\u00e3o os primeiros a sofrer os efeitos devastadores das mudan\u00e7as clim\u00e1ticas, do desmatamento e da polui\u00e7\u00e3o. Cuidar da cria\u00e7\u00e3o, portanto, torna-se uma express\u00e3o de humanidade e solidariedade.<\/p>\n<p style=\"text-align: justify;\">Le\u00e3o XIV afirmou que deste ponto de vista, \u201c\u00e9 essencial traduzir as palavras e reflex\u00f5es em escolhas e a\u00e7\u00f5es baseadas na responsabilidade, justi\u00e7a e equidade, a fim de alcan\u00e7ar uma paz duradoura, cuidando da cria\u00e7\u00e3o e do pr\u00f3ximo\u201d.<\/p>\n<p style=\"text-align: justify;\">Al\u00e9m disso, &#8211; continuou -, como a crise clim\u00e1tica afeta a todos, as a\u00e7\u00f5es corretivas devem envolver governos locais, prefeitos e governadores, pesquisadores, jovens, empres\u00e1rios, organiza\u00e7\u00f5es confessionais e ONGs.<\/p>\n<p style=\"text-align: justify;\">Na sua mensagem \u00e0 COP30 o Papa Le\u00e3o destaca ainda que h\u00e1 uma d\u00e9cada, a comunidade internacional adotou o Acordo de Paris, reconhecendo a necessidade de uma resposta eficaz e progressiva \u00e0 amea\u00e7a urgente das mudan\u00e7as clim\u00e1ticas, mas infelizmente &#8211; sublinhou -, temos que admitir que o caminho para alcan\u00e7ar os objetivos estabelecidos nesse Acordo continua longo e complexo. Exortou ent\u00e3o os Estados Partes a acelerarem com coragem a implementa\u00e7\u00e3o do Acordo de Paris e da Conven\u00e7\u00e3o-Quadro das Na\u00e7\u00f5es Unidas sobre Mudan\u00e7as Clim\u00e1ticas.<\/p>\n<p style=\"text-align: justify;\">Uma recorda\u00e7\u00e3o tamb\u00e9m do Papa Francisco que 10 anos atr\u00e1s assinou a Carta Enc\u00edclica Laudato si\u2019, na qual defendia uma convers\u00e3o ecol\u00f3gica que inclu\u00edsse todos, pois \u201c[o] clima \u00e9 um bem comum, de todos e para todos. Em n\u00edvel global, \u00e9 um sistema complexo relacionado a muitas condi\u00e7\u00f5es essenciais para a vida humana\u201d.<\/p>\n<p style=\"text-align: justify;\">Na conclus\u00e3o da mensagem fez votos de que todos os participantes desta COP30, bem como aqueles que acompanham ativamente os trabalhos, sejam inspirados a abra\u00e7ar com coragem esta convers\u00e3o ecol\u00f3gica com pensamentos e a\u00e7\u00f5es, tendo em mente o lado humano da crise clim\u00e1tica.<\/p>\n<p style=\"text-align: justify;\">Que essa convers\u00e3o ecol\u00f3gica inspire o desenvolvimento de uma nova arquitetura financeira internacional centrada no ser humano, que garanta que todos os pa\u00edses, especialmente os mais pobres e os mais vulner\u00e1veis \u00e0s cat\u00e1strofes clim\u00e1ticas, possam alcan\u00e7ar seu pleno potencial e ver respeitada a dignidade de seus cidad\u00e3os. Essa arquitetura deve tamb\u00e9m levar em conta a rela\u00e7\u00e3o entre d\u00edvida ecol\u00f3gica e d\u00edvida externa.<\/p>\n<p style=\"text-align: justify;\">Que seja promovida uma educa\u00e7\u00e3o sobre a ecologia integral que explique por que as decis\u00f5es a n\u00edvel pessoal, familiar, comunit\u00e1rio e pol\u00edtico moldam o nosso futuro comum, sensibilizando ao mesmo tempo para a crise clim\u00e1tica e encorajando mentalidades e estilos de vida que respeitem melhor a cria\u00e7\u00e3o e salvaguardem a dignidade da pessoa e a inviolabilidade da vida humana.<\/p>\n<blockquote>\n<p style=\"text-align: justify;\">&#8220;Que todos os participantes desta COP30 se comprometam a proteger e cuidar da cria\u00e7\u00e3o que nos foi confiada por Deus, a fim de construir um mundo pac\u00edfico&#8221;, escreveu o Papa.<\/p>\n<\/blockquote>\n<p style=\"text-align: justify;\">O cardeal Paroli finalizou a leitura da mensagem assegurando as ora\u00e7\u00f5es do Santo Padre enquanto, nesta COP30, tomam-se decis\u00f5es importantes para o bem comum e para o futuro da humanidade.<\/p>\n<p>&nbsp;<\/p>\n<\/div>\n<p>&nbsp;<\/p>\n<pre>Por <a href=\"https:\/\/www.vaticannews.va\/pt\/papa\/news\/2025-11\/papa-cop30-querem-cultivar-paz-cuidem-criacao.html\" target=\"_blank\" rel=\"noopener\">Silvonei Jos\u00e9\u00a0<\/a> | Bel\u00e9m<\/pre>\n","protected":false},"excerpt":{"rendered":"<p>\u201cEm um mundo em chamas, tanto pelo aquecimento global quanto pelos conflitos armados, esta Confer\u00eancia deve se tornar um sinal de esperan\u00e7a&#8221;, destacou o Papa Le\u00e3o na sua mensagem lida pelo cardeal Parolin na COP30, em Bel\u00e9m. \u201cSe voc\u00eas querem cultivar a paz, cuidem da Cria\u00e7\u00e3o. Existe uma clara liga\u00e7\u00e3o entre a constru\u00e7\u00e3o da paz e a cust\u00f3dia da Cria\u00e7\u00e3o\u201d<\/p>\n","protected":false},"author":141,"featured_media":991110,"comment_status":"closed","ping_status":"closed","sticky":false,"template":"","format":"standard","meta":{"site-sidebar-layout":"default","site-content-layout":"default","ast-global-header-display":"","ast-banner-title-visibility":"","ast-main-header-display":"","ast-hfb-above-header-display":"","ast-hfb-below-header-display":"","ast-hfb-mobile-header-display":"","site-post-title":"","ast-breadcrumbs-content":"","ast-featured-img":"","footer-sml-layout":"","theme-transparent-header-meta":"default","adv-header-id-meta":"","stick-header-meta":"","header-above-stick-meta":"","header-main-stick-meta":"","header-below-stick-meta":""},"categories":[50,1851],"tags":[5317,2294,5988],"acf":[],"_links":{"self":[{"href":"https:\/\/www.cnbb.org.br\/cnbb-app\/wp\/v2\/posts\/991107"}],"collection":[{"href":"https:\/\/www.cnbb.org.br\/cnbb-app\/wp\/v2\/posts"}],"about":[{"href":"https:\/\/www.cnbb.org.br\/cnbb-app\/wp\/v2\/types\/post"}],"author":[{"embeddable":true,"href":"https:\/\/www.cnbb.org.br\/cnbb-app\/wp\/v2\/users\/141"}],"replies":[{"embeddable":true,"href":"https:\/\/www.cnbb.org.br\/cnbb-app\/wp\/v2\/comments?post=991107"}],"version-history":[{"count":8,"href":"https:\/\/www.cnbb.org.br\/cnbb-app\/wp\/v2\/posts\/991107\/revisions"}],"predecessor-version":[{"id":991120,"href":"https:\/\/www.cnbb.org.br\/cnbb-app\/wp\/v2\/posts\/991107\/revisions\/991120"}],"wp:featuredmedia":[{"embeddable":true,"href":"https:\/\/www.cnbb.org.br\/cnbb-app\/wp\/v2\/media\/991110"}],"wp:attachment":[{"href":"https:\/\/www.cnbb.org.br\/cnbb-app\/wp\/v2\/media?parent=991107"}],"wp:term":[{"taxonomy":"category","embeddable":true,"href":"https:\/\/www.cnbb.org.br\/cnbb-app\/wp\/v2\/categories?post=991107"},{"taxonomy":"post_tag","embeddable":true,"href":"https:\/\/www.cnbb.org.br\/cnbb-app\/wp\/v2\/tags?post=991107"}],"curies":[{"name":"wp","href":"https:\/\/api.w.org\/{rel}","templated":true}]}}