{"id":991121,"date":"2025-11-07T14:24:39","date_gmt":"2025-11-07T17:24:39","guid":{"rendered":"https:\/\/www.cnbb.org.br\/?p=991121"},"modified":"2025-11-07T14:25:34","modified_gmt":"2025-11-07T17:25:34","slug":"a-medianeira-nao-divide-a-fe-ela-a-ilumina","status":"publish","type":"post","link":"https:\/\/www.cnbb.org.br\/a-medianeira-nao-divide-a-fe-ela-a-ilumina\/","title":{"rendered":"A Medianeira n\u00e3o divide a F\u00e9: Ela a ilumina\u00a0"},"content":{"rendered":"<p style=\"text-align: right;\"><strong>Dom Leomar Brustolin<\/strong><br \/>\n<strong>Arcebispo de Santa Maria (RS)<\/strong><\/p>\n<p style=\"text-align: justify;\"><span data-ccp-props=\"{&quot;201341983&quot;:0,&quot;335551550&quot;:6,&quot;335551620&quot;:6,&quot;335559739&quot;:0,&quot;335559740&quot;:360}\">\u00a0<\/span><\/p>\n<p style=\"text-align: justify;\"><span data-contrast=\"auto\">No dia 4 de novembro de 2025, foi publicada pelo Dicast\u00e9rio para a Doutrina da F\u00e9 da Santa S\u00e9 uma nota intitulada\u00a0Mater\u00a0Populi Fidelis (<\/span><i><span data-contrast=\"auto\">M\u00e3e do Povo Fiel<\/span><\/i><span data-contrast=\"auto\">). O documento recorda que n\u00e3o \u00e9\u00a0apropriado\u00a0atribuir \u00e0 Virgem Maria o t\u00edtulo de \u201cCo-redentora\u201d, pois Cristo \u00e9 o \u00fanico Redentor da humanidade. Ao mesmo tempo, afirma que o t\u00edtulo \u201cMedianeira de Todas as Gra\u00e7as\u201d pode ser usado na Igreja, desde que compreendido em seu sentido correto, sem ultrapassar os limites que a pr\u00f3pria f\u00e9 cat\u00f3lica define.<\/span><span data-ccp-props=\"{&quot;201341983&quot;:0,&quot;335551550&quot;:6,&quot;335551620&quot;:6,&quot;335559731&quot;:708,&quot;335559739&quot;:0,&quot;335559740&quot;:360}\">\u00a0<\/span><\/p>\n<p style=\"text-align: justify;\"><span data-contrast=\"auto\">A publica\u00e7\u00e3o\u00a0da\u00a0nota ocorreu em plena Trezena da Romaria Estadual da Medianeira, em Santa Maria\u00a0&#8211; a\u00a0maior manifesta\u00e7\u00e3o mariana do Rio Grande do Sul, que re\u00fane centenas de milhares de peregrinos. Naturalmente, entre n\u00f3s surgiu a pergunta:\u00a0<\/span><i><span data-contrast=\"auto\">esse ensinamento coloca em risco nossa devo\u00e7\u00e3o?\u00a0<\/span><\/i><span data-contrast=\"auto\">A resposta \u00e9\u00a0clara:\u00a0n\u00e3o. Ao contr\u00e1rio: a nota confirma e fortalece a forma pela qual, historicamente, vivemos e ensinamos o t\u00edtulo de Medianeira em Santa Maria.<\/span><span data-ccp-props=\"{&quot;201341983&quot;:0,&quot;335551550&quot;:6,&quot;335551620&quot;:6,&quot;335559731&quot;:708,&quot;335559739&quot;:0,&quot;335559740&quot;:360}\">\u00a0<\/span><\/p>\n<p style=\"text-align: justify;\"><span data-contrast=\"auto\">Como Arcebispo desta Arquidiocese e devoto da M\u00e3e Medianeira, desejo recordar a todos que nossa tradi\u00e7\u00e3o permanece s\u00f3lida, viva\u00a0e plenamente fiel \u00e0 doutrina da Igreja. O t\u00edtulo de Medianeira chegou ao cora\u00e7\u00e3o do Rio Grande por meio da\u00a0piedade e\u00a0do\u00a0zelo apost\u00f3lico do Pe. In\u00e1cio Valle, jesu\u00edta, que difundiu esta devo\u00e7\u00e3o com grande amor a Cristo e \u00e0 Igreja. Ele n\u00e3o inventou uma cren\u00e7a paralela, mas\u00a0expressou, em linguagem\u00a0simples e popular, uma verdade profunda da f\u00e9.<\/span><span data-ccp-props=\"{&quot;201341983&quot;:0,&quot;335551550&quot;:6,&quot;335551620&quot;:6,&quot;335559731&quot;:708,&quot;335559739&quot;:0,&quot;335559740&quot;:360}\">\u00a0<\/span><\/p>\n<p style=\"text-align: justify;\">\n<b><span data-contrast=\"auto\">M\u00e3e que intercede\u00a0<\/span><\/b><span data-ccp-props=\"{&quot;201341983&quot;:0,&quot;335551550&quot;:6,&quot;335551620&quot;:6,&quot;335559731&quot;:708,&quot;335559739&quot;:0,&quot;335559740&quot;:360}\">\u00a0<\/span><\/p>\n<p style=\"text-align: justify;\"><span data-contrast=\"auto\">A Nota Doutrinal\u00a0Mater\u00a0Populi Fidelis afirma exatamente isso: Maria n\u00e3o \u00e9 fonte da gra\u00e7a, mas M\u00e3e que intercede. N\u00e3o \u00e9 deusa, \u00e9 disc\u00edpula. N\u00e3o \u00e9 autora, \u00e9 cooperadora. Toda gra\u00e7a vem de Deus Pai, por Cristo, no Esp\u00edrito Santo. Mas Deus, em sua Provid\u00eancia, quis associar Maria de modo\u00a0singular\u00a0\u00e0 vida e \u00e0 miss\u00e3o de seu Filho.\u00a0E esta \u00e9 justamente a f\u00e9 que o povo de Santa Maria sempre professou.<\/span><span data-ccp-props=\"{&quot;201341983&quot;:0,&quot;335551550&quot;:6,&quot;335551620&quot;:6,&quot;335559731&quot;:708,&quot;335559739&quot;:0,&quot;335559740&quot;:360}\">\u00a0<\/span><\/p>\n<p style=\"text-align: justify;\"><span data-contrast=\"auto\">Nossa devo\u00e7\u00e3o nunca afirmou que Maria age sozinha ou por autoridade pr\u00f3pria. O povo\u00a0fiel\u00a0sempre entendeu\u00a0que Maria \u00e9 como a lua: n\u00e3o tem luz pr\u00f3pria, mas\u00a0reflete a luz do Sol da Justi\u00e7a. Quando a chamamos de Medianeira, queremos dizer que ela nos conduz ao Filho; apresenta nossos pedidos ao Cora\u00e7\u00e3o de Cristo, de onde jorra toda gra\u00e7a.<\/span><span data-ccp-props=\"{&quot;201341983&quot;:0,&quot;335551550&quot;:6,&quot;335551620&quot;:6,&quot;335559731&quot;:708,&quot;335559739&quot;:0,&quot;335559740&quot;:360}\">\u00a0<\/span><\/p>\n<p style=\"text-align: justify;\"><span data-ccp-props=\"{&quot;201341983&quot;:0,&quot;335551550&quot;:6,&quot;335551620&quot;:6,&quot;335559731&quot;:708,&quot;335559739&quot;:0,&quot;335559740&quot;:360}\">\u00a0<\/span><\/p>\n<p style=\"text-align: justify;\"><b><span data-contrast=\"auto\">Medianeira\u00a0que conduz ao Cristo\u00a0<\/span><\/b><span data-ccp-props=\"{&quot;201341983&quot;:0,&quot;335551550&quot;:6,&quot;335551620&quot;:6,&quot;335559739&quot;:0,&quot;335559740&quot;:360}\">\u00a0<\/span><\/p>\n<p style=\"text-align: justify;\"><span data-contrast=\"auto\">Maria n\u00e3o ret\u00e9m as gra\u00e7as,\u00a0ela nos conduz ao Cristo, que \u00e9 a pr\u00f3pria Gra\u00e7a.\u00a0Por isso, o Conc\u00edlio Vaticano II ensina na constitui\u00e7\u00e3o\u00a0Lumen\u00a0Gentium (62):\u00a0<\/span><br \/>\n<i><span data-contrast=\"auto\">A miss\u00e3o maternal de Maria de modo nenhum obscurece a \u00fanica media\u00e7\u00e3o de Cristo, mas manifesta a sua efic\u00e1cia.\u00a0A Bem-aventurada Virgem \u00e9 invocada na Igreja como Advogada, Auxiliadora, Socorro e Medianeira,\u00a0de modo que nada se tire nem acrescente \u00e0 dignidade e efic\u00e1cia de Cristo, \u00fanico Mediador.<\/span><\/i><span data-ccp-props=\"{&quot;201341983&quot;:0,&quot;335551550&quot;:6,&quot;335551620&quot;:6,&quot;335559731&quot;:708,&quot;335559739&quot;:0,&quot;335559740&quot;:360}\">\u00a0<\/span><\/p>\n<p style=\"text-align: justify;\"><span data-contrast=\"auto\">O Conc\u00edlio \u00e9 claro:\u00a0Maria pode ser chamada Medianeira, sim.\u00a0Mas sua media\u00e7\u00e3o \u00e9 dependente, subordinada e participada.\u00a0N\u00e3o \u00e9 paralela, nem concorrente \u00e0 de Cristo.\u00a0Ou seja: \u00e9 media\u00e7\u00e3o materna, n\u00e3o rival; intercess\u00e3o, n\u00e3o substitui\u00e7\u00e3o.<\/span><span data-ccp-props=\"{&quot;201341983&quot;:0,&quot;335551550&quot;:6,&quot;335551620&quot;:6,&quot;335559731&quot;:708,&quot;335559739&quot;:0,&quot;335559740&quot;:360}\">\u00a0<\/span><\/p>\n<p style=\"text-align: justify;\"><span data-contrast=\"auto\">Por isso, celebrar a Medianeira em Santa Maria n\u00e3o \u00e9 apenas tradi\u00e7\u00e3o:\u00a0\u00e9\u00a0profiss\u00e3o de f\u00e9.\u00a0\u00c9 afirmar que a esperan\u00e7a tem um rosto.\u00a0Que n\u00e3o caminhamos sozinhos.<\/span><br \/>\n<span data-contrast=\"auto\">E que, quando a vida pesa, h\u00e1 uma M\u00e3e que nos acompanha.\u00a0<\/span><span data-ccp-props=\"{&quot;201341983&quot;:0,&quot;335551550&quot;:6,&quot;335551620&quot;:6,&quot;335559731&quot;:360,&quot;335559739&quot;:0,&quot;335559740&quot;:360}\">\u00a0<\/span><\/p>\n<p style=\"text-align: justify;\"><span data-contrast=\"auto\">Dessa M\u00e3e, ouvimos de novo o conselho que sustenta a vida espiritual de todo crist\u00e3o:<\/span><br \/>\n<span data-contrast=\"auto\">\u201cFazei tudo o que Ele vos disser.\u201d<\/span><span data-ccp-props=\"{&quot;201341983&quot;:0,&quot;335551550&quot;:6,&quot;335551620&quot;:6,&quot;335559731&quot;:360,&quot;335559739&quot;:0,&quot;335559740&quot;:360}\">\u00a0<\/span><\/p>\n","protected":false},"excerpt":{"rendered":"<p>Dom Leomar Brustolin Arcebispo de Santa Maria (RS) \u00a0 No dia 4 de novembro de 2025, foi publicada pelo Dicast\u00e9rio para a Doutrina da F\u00e9 da Santa S\u00e9 uma nota intitulada\u00a0Mater\u00a0Populi Fidelis (M\u00e3e do Povo Fiel). O documento recorda que n\u00e3o \u00e9\u00a0apropriado\u00a0atribuir \u00e0 Virgem Maria o t\u00edtulo de \u201cCo-redentora\u201d, pois Cristo \u00e9 o \u00fanico Redentor &hellip;<\/p>\n<p class=\"read-more\"> <a class=\"\" href=\"https:\/\/www.cnbb.org.br\/a-medianeira-nao-divide-a-fe-ela-a-ilumina\/\"> <span class=\"screen-reader-text\">A Medianeira n\u00e3o divide a F\u00e9: Ela a ilumina\u00a0<\/span> Leia mais &raquo;<\/a><\/p>\n","protected":false},"author":46,"featured_media":0,"comment_status":"closed","ping_status":"closed","sticky":false,"template":"","format":"standard","meta":{"site-sidebar-layout":"default","site-content-layout":"default","ast-global-header-display":"","ast-banner-title-visibility":"","ast-main-header-display":"","ast-hfb-above-header-display":"","ast-hfb-below-header-display":"","ast-hfb-mobile-header-display":"","site-post-title":"","ast-breadcrumbs-content":"","ast-featured-img":"","footer-sml-layout":"","theme-transparent-header-meta":"default","adv-header-id-meta":"","stick-header-meta":"","header-above-stick-meta":"","header-main-stick-meta":"","header-below-stick-meta":""},"categories":[758],"tags":[],"acf":[],"_links":{"self":[{"href":"https:\/\/www.cnbb.org.br\/cnbb-app\/wp\/v2\/posts\/991121"}],"collection":[{"href":"https:\/\/www.cnbb.org.br\/cnbb-app\/wp\/v2\/posts"}],"about":[{"href":"https:\/\/www.cnbb.org.br\/cnbb-app\/wp\/v2\/types\/post"}],"author":[{"embeddable":true,"href":"https:\/\/www.cnbb.org.br\/cnbb-app\/wp\/v2\/users\/46"}],"replies":[{"embeddable":true,"href":"https:\/\/www.cnbb.org.br\/cnbb-app\/wp\/v2\/comments?post=991121"}],"version-history":[{"count":2,"href":"https:\/\/www.cnbb.org.br\/cnbb-app\/wp\/v2\/posts\/991121\/revisions"}],"predecessor-version":[{"id":991123,"href":"https:\/\/www.cnbb.org.br\/cnbb-app\/wp\/v2\/posts\/991121\/revisions\/991123"}],"wp:attachment":[{"href":"https:\/\/www.cnbb.org.br\/cnbb-app\/wp\/v2\/media?parent=991121"}],"wp:term":[{"taxonomy":"category","embeddable":true,"href":"https:\/\/www.cnbb.org.br\/cnbb-app\/wp\/v2\/categories?post=991121"},{"taxonomy":"post_tag","embeddable":true,"href":"https:\/\/www.cnbb.org.br\/cnbb-app\/wp\/v2\/tags?post=991121"}],"curies":[{"name":"wp","href":"https:\/\/api.w.org\/{rel}","templated":true}]}}