{"id":991185,"date":"2025-11-10T11:02:44","date_gmt":"2025-11-10T14:02:44","guid":{"rendered":"https:\/\/www.cnbb.org.br\/?p=991185"},"modified":"2025-11-10T11:04:20","modified_gmt":"2025-11-10T14:04:20","slug":"sejamos-templos-vivos-do-senhor-ressuscitado","status":"publish","type":"post","link":"https:\/\/www.cnbb.org.br\/sejamos-templos-vivos-do-senhor-ressuscitado\/","title":{"rendered":"Sejamos templos vivos do Senhor Ressuscitado!\u00a0"},"content":{"rendered":"<p style=\"text-align: right;\"><b><span data-contrast=\"auto\">Dom Anuar Battisti <\/span><\/b><br \/>\n<b><span data-contrast=\"auto\">Arcebispo Em\u00e9rito de Maring\u00e1 (PR)<\/span><\/b><span data-ccp-props=\"{&quot;201341983&quot;:0,&quot;335551550&quot;:2,&quot;335551620&quot;:2,&quot;335559731&quot;:709,&quot;335559739&quot;:160,&quot;335559740&quot;:278}\">\u00a0<\/span><\/p>\n<p>&nbsp;<\/p>\n<p>&nbsp;<\/p>\n<p><b><span data-contrast=\"auto\">Homilia \u2013 Dedica\u00e7\u00e3o da Bas\u00edlica de Latr\u00e3o \u2013 Ano C<\/span><\/b><br \/>\n<b><span data-contrast=\"auto\">Sejamos templos vivos do Senhor Ressuscitado!<\/span><\/b><\/p>\n<p><span data-contrast=\"auto\">Irm\u00e3os e irm\u00e3s,<\/span><span data-ccp-props=\"{&quot;201341983&quot;:0,&quot;335551550&quot;:2,&quot;335551620&quot;:2,&quot;335559731&quot;:709,&quot;335559739&quot;:160,&quot;335559740&quot;:278}\">\u00a0<\/span><\/p>\n<p style=\"text-align: justify;\"><span data-contrast=\"auto\">Neste segundo domingo de novembro \u2013 dia 09 de novembro precisamente \u2013\u00a0a Igreja celebra uma festa muito especial: a Dedica\u00e7\u00e3o da Bas\u00edlica de S\u00e3o Jo\u00e3o de Latr\u00e3o, a Catedral do Papa, Bispo de Roma. Ela \u00e9 chamada de\u00a0<\/span><i><span data-contrast=\"auto\">\u201cm\u00e3e e cabe\u00e7a de todas as igrejas da cidade e do mundo\u201d<\/span><\/i><span data-contrast=\"auto\">, porque \u00e9 o s\u00edmbolo vis\u00edvel da comunh\u00e3o de todas as comunidades crist\u00e3s com o sucessor de Pedro. Celebrar esta festa \u00e9 renovar nossa unidade com o Papa e nossa consci\u00eancia de que somos pedras vivas do edif\u00edcio espiritual que \u00e9 a Igreja de Cristo.<\/span><span data-ccp-props=\"{&quot;201341983&quot;:0,&quot;335551550&quot;:6,&quot;335551620&quot;:6,&quot;335559731&quot;:709,&quot;335559739&quot;:160,&quot;335559740&quot;:278}\">\u00a0<\/span><\/p>\n<p style=\"text-align: justify;\"><span data-contrast=\"auto\">Na primeira leitura, o profeta Ezequiel\u00a0\u2013 Ez 47,1-2.8-9.12 \u2013\u00a0tem uma vis\u00e3o admir\u00e1vel:\u00a0<\/span><i><span data-contrast=\"auto\">\u201cVi sair \u00e1gua do limiar do Templo\u201d (Ez 47,1),\u00a0<\/span><\/i><span data-contrast=\"auto\">e essa \u00e1gua corria em dire\u00e7\u00e3o ao deserto, levando vida por onde passava. Essa imagem prof\u00e9tica anuncia o dom da gra\u00e7a de Deus que brota de Cristo e da sua Igreja. O templo, para Israel, era o lugar da presen\u00e7a divina; mas a vis\u00e3o mostra que a \u00e1gua viva n\u00e3o fica presa nas paredes \u2014 ela sai, espalha-se, fecunda e transforma tudo o que toca.<\/span><span data-ccp-props=\"{&quot;201341983&quot;:0,&quot;335551550&quot;:6,&quot;335551620&quot;:6,&quot;335559731&quot;:709,&quot;335559739&quot;:160,&quot;335559740&quot;:278}\">\u00a0<\/span><\/p>\n<p style=\"text-align: justify;\"><span data-contrast=\"auto\">Assim tamb\u00e9m a Igreja, templo espiritual de Deus, n\u00e3o existe para si mesma: ela \u00e9 chamada a derramar sobre o mundo a \u00e1gua viva da f\u00e9, da miseric\u00f3rdia e da esperan\u00e7a. Quando somos fi\u00e9is ao Evangelho, tornamo-nos canais dessa \u00e1gua que d\u00e1 vida, curando o que est\u00e1 seco e renovando o que parecia perdido.<\/span><span data-ccp-props=\"{&quot;201341983&quot;:0,&quot;335551550&quot;:6,&quot;335551620&quot;:6,&quot;335559731&quot;:709,&quot;335559739&quot;:160,&quot;335559740&quot;:278}\">\u00a0<\/span><\/p>\n<p style=\"text-align: justify;\"><span data-contrast=\"auto\">S\u00e3o Paulo, na segunda leitura\u00a0\u2013 1Cor 3,9c-11.16-17 \u2013, recorda-nos que o verdadeiro templo de Deus n\u00e3o \u00e9 feito de pedras, mas de pessoas:\u00a0<\/span><i><span data-contrast=\"auto\">\u201cV\u00f3s sois o edif\u00edcio de Deus\u201d<\/span><\/i><span data-contrast=\"auto\">\u00a0<\/span><i><span data-contrast=\"auto\">(1Cor 3,9).<\/span><\/i><span data-contrast=\"auto\">\u00a0E acrescenta:\u00a0<\/span><i><span data-contrast=\"auto\">\u201cO templo de Deus \u00e9 santo, e esse templo sois v\u00f3s\u201d<\/span><\/i><span data-contrast=\"auto\">\u00a0<\/span><i><span data-contrast=\"auto\">(1Cor 3,17).<\/span><\/i><span data-ccp-props=\"{&quot;201341983&quot;:0,&quot;335551550&quot;:6,&quot;335551620&quot;:6,&quot;335559731&quot;:709,&quot;335559739&quot;:160,&quot;335559740&quot;:278}\">\u00a0<\/span><\/p>\n<p style=\"text-align: justify;\"><span data-contrast=\"auto\">Cada crist\u00e3o, batizado e habitado pelo Esp\u00edrito Santo, \u00e9 parte desse edif\u00edcio sagrado. Por isso, cuidar da Igreja n\u00e3o \u00e9 apenas conservar seus muros, mas viver a f\u00e9 com coer\u00eancia, em comunh\u00e3o e santidade. O zelo pela casa de Deus deve come\u00e7ar dentro de n\u00f3s \u2014 no cora\u00e7\u00e3o, que \u00e9 o primeiro altar.<\/span><span data-ccp-props=\"{&quot;201341983&quot;:0,&quot;335551550&quot;:6,&quot;335551620&quot;:6,&quot;335559731&quot;:709,&quot;335559739&quot;:160,&quot;335559740&quot;:278}\">\u00a0<\/span><\/p>\n<p style=\"text-align: justify;\"><span data-contrast=\"auto\">O Evangelho de S\u00e3o Jo\u00e3o\u00a0\u2013 Jo 2,13-22 \u2013\u00a0nos leva ao cora\u00e7\u00e3o da festa. Jesus, ao ver o templo de Jerusal\u00e9m transformado em mercado, toma nas m\u00e3os um chicote e expulsa os vendilh\u00f5es, dizendo:\u00a0<\/span><i><span data-contrast=\"auto\">\u201cN\u00e3o fa\u00e7ais da casa de meu Pai uma casa de com\u00e9rcio.\u201d (Jo 2,16).<\/span><\/i><span data-ccp-props=\"{&quot;201341983&quot;:0,&quot;335551550&quot;:6,&quot;335551620&quot;:6,&quot;335559731&quot;:709,&quot;335559739&quot;:160,&quot;335559740&quot;:278}\">\u00a0<\/span><\/p>\n<p style=\"text-align: justify;\"><span data-contrast=\"auto\">Este gesto prof\u00e9tico revela que o verdadeiro culto a Deus n\u00e3o pode ser contaminado pela gan\u00e2ncia, pela hipocrisia ou pela superficialidade. O templo \u00e9 lugar de encontro com Deus, n\u00e3o de interesses humanos.<\/span><span data-ccp-props=\"{&quot;201341983&quot;:0,&quot;335551550&quot;:6,&quot;335551620&quot;:6,&quot;335559731&quot;:709,&quot;335559739&quot;:160,&quot;335559740&quot;:278}\">\u00a0<\/span><\/p>\n<p style=\"text-align: justify;\"><span data-contrast=\"auto\">Mas o Evangelho nos conduz a um significado ainda mais profundo. Quando os judeus perguntam com que autoridade Jesus faz aquilo, Ele responde:\u00a0<\/span><i><span data-contrast=\"auto\">\u201cDestru\u00ed este templo, e em tr\u00eas dias eu o levantarei.\u201d (Jo 2,19).<\/span><\/i><span data-contrast=\"auto\">\u00a0E Jo\u00e3o explica:\u00a0<\/span><i><span data-contrast=\"auto\">\u201cEle falava do templo do seu corpo.\u201d<\/span><\/i><span data-contrast=\"auto\">\u00a0(Jo 2,21).<\/span><span data-ccp-props=\"{&quot;201341983&quot;:0,&quot;335551550&quot;:6,&quot;335551620&quot;:6,&quot;335559731&quot;:709,&quot;335559739&quot;:160,&quot;335559740&quot;:278}\">\u00a0<\/span><\/p>\n<p style=\"text-align: justify;\"><span data-contrast=\"auto\">Aqui est\u00e1 o centro da nossa f\u00e9: Cristo \u00e9 o novo e definitivo Templo, no qual Deus habita plenamente e onde todos os povos podem encontrar salva\u00e7\u00e3o.<\/span><span data-ccp-props=\"{&quot;201341983&quot;:0,&quot;335551550&quot;:6,&quot;335551620&quot;:6,&quot;335559731&quot;:709,&quot;335559739&quot;:160,&quot;335559740&quot;:278}\">\u00a0<\/span><\/p>\n<p style=\"text-align: justify;\"><span data-contrast=\"auto\">O salmo de hoje proclama:\u00a0<\/span><i><span data-contrast=\"auto\">\u201cO Senhor dos Ex\u00e9rcitos est\u00e1 conosco, o nosso ref\u00fagio \u00e9 o Deus de Jac\u00f3.\u201d (Sl 45,8).<\/span><\/i><span data-ccp-props=\"{&quot;201341983&quot;:0,&quot;335551550&quot;:6,&quot;335551620&quot;:6,&quot;335559731&quot;:709,&quot;335559739&quot;:160,&quot;335559740&quot;:278}\">\u00a0<\/span><\/p>\n<p style=\"text-align: justify;\"><span data-contrast=\"auto\">Esse salmo expressa a confian\u00e7a do povo que reconhece Deus como sua morada segura. E \u00e9 por isso que Jesus, movido pelo amor ao Pai, purifica o templo.\u00a0<\/span><i><span data-contrast=\"auto\">\u201cO zelo por tua casa me consumir\u00e1\u201d (Jo 2,17)\u00a0<\/span><\/i><span data-contrast=\"auto\">\u00e9 mais do que uma indigna\u00e7\u00e3o; \u00e9 a paix\u00e3o ardente de quem deseja que Deus seja amado, respeitado e adorado em esp\u00edrito e verdade.<\/span><span data-ccp-props=\"{&quot;201341983&quot;:0,&quot;335551550&quot;:6,&quot;335551620&quot;:6,&quot;335559731&quot;:709,&quot;335559739&quot;:160,&quot;335559740&quot;:278}\">\u00a0<\/span><\/p>\n<p style=\"text-align: justify;\"><span data-contrast=\"auto\">Celebrar a dedica\u00e7\u00e3o da Bas\u00edlica de Latr\u00e3o \u00e9, portanto, muito mais do que lembrar um edif\u00edcio antigo \u2014 \u00e9 celebrar o mist\u00e9rio da Igreja viva, unida ao Papa e espalhada pelo mundo.<\/span><span data-ccp-props=\"{&quot;201341983&quot;:0,&quot;335551550&quot;:6,&quot;335551620&quot;:6,&quot;335559731&quot;:709,&quot;335559739&quot;:160,&quot;335559740&quot;:278}\">\u00a0<\/span><\/p>\n<p style=\"text-align: justify;\"><span data-contrast=\"auto\">Cada\u00a0Igreja que consagramos \u00e9 um sinal vis\u00edvel dessa comunh\u00e3o. Mas hoje somos convidados a olhar para o templo interior: n\u00f3s mesmos. Somos morada de Deus, templo do Esp\u00edrito Santo. Quando nos purificamos do ego\u00edsmo, do orgulho e da indiferen\u00e7a, tornamo-nos lugares onde Cristo habita e se manifesta.<\/span><span data-ccp-props=\"{&quot;201341983&quot;:0,&quot;335551550&quot;:6,&quot;335551620&quot;:6,&quot;335559731&quot;:709,&quot;335559739&quot;:160,&quot;335559740&quot;:278}\">\u00a0<\/span><\/p>\n<p style=\"text-align: justify;\"><span data-contrast=\"auto\">Queridos irm\u00e3os e irm\u00e3s, que esta celebra\u00e7\u00e3o nos ajude a redescobrir a beleza de pertencer \u00e0 Igreja, essa casa onde todos t\u00eam lugar.<\/span><span data-ccp-props=\"{&quot;201341983&quot;:0,&quot;335551550&quot;:6,&quot;335551620&quot;:6,&quot;335559731&quot;:709,&quot;335559739&quot;:160,&quot;335559740&quot;:278}\">\u00a0<\/span><\/p>\n<p style=\"text-align: justify;\"><span data-contrast=\"auto\">Pe\u00e7amos ao Senhor que renove em n\u00f3s o zelo por sua casa \u2014 por nossas comunidades, por nossa f\u00e9 e por nossa pr\u00f3pria alma.<\/span><span data-ccp-props=\"{&quot;201341983&quot;:0,&quot;335551550&quot;:6,&quot;335551620&quot;:6,&quot;335559731&quot;:709,&quot;335559739&quot;:160,&quot;335559740&quot;:278}\">\u00a0<\/span><\/p>\n<p style=\"text-align: justify;\"><span data-contrast=\"auto\">E que de n\u00f3s tamb\u00e9m possa brotar a \u00e1gua viva do amor de Deus, que cura, fecunda e d\u00e1 vida ao mundo.\u00a0<\/span><i><span data-contrast=\"auto\">\u201cO templo de Deus \u00e9 santo, e esse templo sois v\u00f3s.\u201d<\/span><\/i><span data-contrast=\"auto\">\u00a0<\/span><i><span data-contrast=\"auto\">(1Cor 3,17)<\/span><\/i><span data-ccp-props=\"{&quot;201341983&quot;:0,&quot;335551550&quot;:6,&quot;335551620&quot;:6,&quot;335559731&quot;:709,&quot;335559739&quot;:160,&quot;335559740&quot;:278}\">\u00a0<\/span><\/p>\n<p style=\"text-align: justify;\"><span data-contrast=\"auto\">Que assim seja. Am\u00e9m.<\/span><span data-ccp-props=\"{&quot;201341983&quot;:0,&quot;335551550&quot;:6,&quot;335551620&quot;:6,&quot;335559731&quot;:709,&quot;335559739&quot;:160,&quot;335559740&quot;:278}\">\u00a0<\/span><\/p>\n<p style=\"text-align: justify;\">\n","protected":false},"excerpt":{"rendered":"<p>Dom Anuar Battisti Arcebispo Em\u00e9rito de Maring\u00e1 (PR)\u00a0 &nbsp; &nbsp; Homilia \u2013 Dedica\u00e7\u00e3o da Bas\u00edlica de Latr\u00e3o \u2013 Ano C Sejamos templos vivos do Senhor Ressuscitado! Irm\u00e3os e irm\u00e3s,\u00a0 Neste segundo domingo de novembro \u2013 dia 09 de novembro precisamente \u2013\u00a0a Igreja celebra uma festa muito especial: a Dedica\u00e7\u00e3o da Bas\u00edlica de S\u00e3o Jo\u00e3o de &hellip;<\/p>\n<p class=\"read-more\"> <a class=\"\" href=\"https:\/\/www.cnbb.org.br\/sejamos-templos-vivos-do-senhor-ressuscitado\/\"> <span class=\"screen-reader-text\">Sejamos templos vivos do Senhor Ressuscitado!\u00a0<\/span> Leia mais &raquo;<\/a><\/p>\n","protected":false},"author":41,"featured_media":0,"comment_status":"closed","ping_status":"closed","sticky":false,"template":"","format":"standard","meta":{"site-sidebar-layout":"default","site-content-layout":"default","ast-global-header-display":"","ast-banner-title-visibility":"","ast-main-header-display":"","ast-hfb-above-header-display":"","ast-hfb-below-header-display":"","ast-hfb-mobile-header-display":"","site-post-title":"","ast-breadcrumbs-content":"","ast-featured-img":"","footer-sml-layout":"","theme-transparent-header-meta":"default","adv-header-id-meta":"","stick-header-meta":"","header-above-stick-meta":"","header-main-stick-meta":"","header-below-stick-meta":""},"categories":[758],"tags":[],"acf":[],"_links":{"self":[{"href":"https:\/\/www.cnbb.org.br\/cnbb-app\/wp\/v2\/posts\/991185"}],"collection":[{"href":"https:\/\/www.cnbb.org.br\/cnbb-app\/wp\/v2\/posts"}],"about":[{"href":"https:\/\/www.cnbb.org.br\/cnbb-app\/wp\/v2\/types\/post"}],"author":[{"embeddable":true,"href":"https:\/\/www.cnbb.org.br\/cnbb-app\/wp\/v2\/users\/41"}],"replies":[{"embeddable":true,"href":"https:\/\/www.cnbb.org.br\/cnbb-app\/wp\/v2\/comments?post=991185"}],"version-history":[{"count":2,"href":"https:\/\/www.cnbb.org.br\/cnbb-app\/wp\/v2\/posts\/991185\/revisions"}],"predecessor-version":[{"id":991187,"href":"https:\/\/www.cnbb.org.br\/cnbb-app\/wp\/v2\/posts\/991185\/revisions\/991187"}],"wp:attachment":[{"href":"https:\/\/www.cnbb.org.br\/cnbb-app\/wp\/v2\/media?parent=991185"}],"wp:term":[{"taxonomy":"category","embeddable":true,"href":"https:\/\/www.cnbb.org.br\/cnbb-app\/wp\/v2\/categories?post=991185"},{"taxonomy":"post_tag","embeddable":true,"href":"https:\/\/www.cnbb.org.br\/cnbb-app\/wp\/v2\/tags?post=991185"}],"curies":[{"name":"wp","href":"https:\/\/api.w.org\/{rel}","templated":true}]}}