{"id":991188,"date":"2025-11-10T11:05:09","date_gmt":"2025-11-10T14:05:09","guid":{"rendered":"https:\/\/www.cnbb.org.br\/?p=991188"},"modified":"2025-11-10T11:12:56","modified_gmt":"2025-11-10T14:12:56","slug":"dia-mundial-dos-pobres-2025","status":"publish","type":"post","link":"https:\/\/www.cnbb.org.br\/dia-mundial-dos-pobres-2025\/","title":{"rendered":"Dia Mundial dos Pobres 2025\u00a0"},"content":{"rendered":"<p style=\"text-align: right;\"><strong>Dom Paulo Mendes Peixoto<br \/>\nArcebispo de Uberaba (MG)<\/strong><\/p>\n<p><span data-contrast=\"auto\">\u00a0<\/span><\/p>\n<p style=\"text-align: justify;\"><span data-ccp-props=\"{&quot;134233279&quot;:true,&quot;201341983&quot;:0,&quot;335551550&quot;:6,&quot;335551620&quot;:6,&quot;335559739&quot;:160,&quot;335559740&quot;:259}\">\u00a0<\/span><\/p>\n<p style=\"text-align: justify;\"><span data-contrast=\"auto\">O Papa Le\u00e3o XIV toma como tema, em sintonia com o Ano Jubilar da esperan\u00e7a, para o\u00a09\u00ba\u00a0Dia Mundial dos Pobres, a palavra dos Salmos: \u201cTu \u00e9s a minha esperan\u00e7a\u201d (Sl\u00a071,5). A condi\u00e7\u00e3o de pobre n\u00e3o pode tirar da pessoa a virtude da esperan\u00e7a, porque ela \u00e9 fundamental para a autoestima e a dignidade do ser humano. A maior riqueza das pessoas \u00e9 confiar em Deus e t\u00ea-lo no cora\u00e7\u00e3o.<\/span><span data-ccp-props=\"{&quot;134233279&quot;:true,&quot;201341983&quot;:0,&quot;335551550&quot;:6,&quot;335551620&quot;:6,&quot;335559731&quot;:1134,&quot;335559739&quot;:160,&quot;335559740&quot;:259}\">\u00a0<\/span><\/p>\n<p style=\"text-align: justify;\"><span data-contrast=\"auto\">Para o ap\u00f3stolo Paulo, quem confia em Deus, a esperan\u00e7a nunca o decepciona (Rm\u00a05,5). Isto significa que o pobre, numa vida totalmente prec\u00e1ria, marginalizado, exclu\u00eddo, pode tornar-se uma testemunha de aut\u00eantica esperan\u00e7a na\u00a0expectativa da\u00a0justi\u00e7a divina. O ter\u00a0material n\u00e3o deixa de ser\u00a0uma realidade\u00a0relativa, que pode esvaziar a identidade da pessoa e lev\u00e1-la \u00e0 perda da esperan\u00e7a.\u00a0<\/span><span data-ccp-props=\"{&quot;134233279&quot;:true,&quot;201341983&quot;:0,&quot;335551550&quot;:6,&quot;335551620&quot;:6,&quot;335559731&quot;:1134,&quot;335559739&quot;:160,&quot;335559740&quot;:259}\">\u00a0<\/span><\/p>\n<p style=\"text-align: justify;\"><span data-contrast=\"auto\">O verdadeiro tesouro, na vida das pessoas, \u00e9 a intimidade delas com Deus. Quase sempre, muitas pessoas pobres t\u00eam mais liberdade e serenidade para isto, porque n\u00e3o est\u00e3o apegadas, nem preocupadas em administrar bens materiais acumulados. Jesus faz uma alerta para ningu\u00e9m acumular bens na terra e, sim, no c\u00e9u, porque s\u00e3o duradouros e a ferrugem n\u00e3o\u00a0os\u00a0destr\u00f3i\u00a0(cf.\u00a0Mt\u00a06,19-20).<\/span><span data-ccp-props=\"{&quot;134233279&quot;:true,&quot;201341983&quot;:0,&quot;335551550&quot;:6,&quot;335551620&quot;:6,&quot;335559731&quot;:1134,&quot;335559739&quot;:160,&quot;335559740&quot;:259}\">\u00a0<\/span><\/p>\n<p style=\"text-align: justify;\"><span data-contrast=\"auto\">Grande parte dos pobres tem abertura para\u00a0Deus,\u00a0sens\u00edvel aos ensinamentos do Evangelho. A Igreja tem a obriga\u00e7\u00e3o de atend\u00ea-los em suas diversas necessidades, n\u00e3o s\u00f3 espirituais, mas tamb\u00e9m nas car\u00eancias materiais. Papa Francisco falava da pobreza existencial, do vazio e da insensibilidade do cora\u00e7\u00e3o humano, \u00e0s vezes, pior do que a pobreza material, exigindo um trabalho mais mission\u00e1rio.<\/span><span data-ccp-props=\"{&quot;134233279&quot;:true,&quot;201341983&quot;:0,&quot;335551550&quot;:6,&quot;335551620&quot;:6,&quot;335559731&quot;:1134,&quot;335559739&quot;:160,&quot;335559740&quot;:259}\">\u00a0<\/span><\/p>\n<p style=\"text-align: justify;\"><span data-contrast=\"auto\">No cora\u00e7\u00e3o dos\u00a0pobres\u00a0e,\u00a0tamb\u00e9m,\u00a0de toda\u00a0a Igreja\u00a0que evangeliza,\u00a0deve estar gravada a convic\u00e7\u00e3o de que\u00a0s\u00e3o\u00a0poss\u00edveis\u00a0uma nova terra e um novo c\u00e9u.\u00a0Esse convencimento vem da esperan\u00e7a crist\u00e3, do fundamento da caridade fraterna.\u00a0Tudo apoiado na Palavra de Deus e na autenticidade da vida, iluminada pelo Esp\u00edrito Santo. Significa que a esperan\u00e7a vem da f\u00e9,\u00a0sustentada pela caridade.<\/span><span data-ccp-props=\"{&quot;134233279&quot;:true,&quot;201341983&quot;:0,&quot;335551550&quot;:6,&quot;335551620&quot;:6,&quot;335559731&quot;:1134,&quot;335559739&quot;:160,&quot;335559740&quot;:259}\">\u00a0<\/span><\/p>\n<p style=\"text-align: justify;\"><span data-contrast=\"auto\">A palavra pobre\u00a0sugere a palavra caridade. Delas falamos de acolhimento e hospitalidade na vida social. E s\u00e3o muitas as\u00a0formas\u00a0de ajudar\u00a0aos sofridos e inabilitados para uma vida mais digna. Para o Papa Le\u00e3o, os pobres s\u00e3o sujeitos ativos, devem estar no centro da a\u00e7\u00e3o pastoral e s\u00e3o um apelo para\u00a0o an\u00fancio fecundo do Evangelho.\u00a0Coloquemos nossos\u00a0frutos acumulados a servi\u00e7o dos pobres.<\/span><span data-ccp-props=\"{&quot;134233279&quot;:true,&quot;201341983&quot;:0,&quot;335551550&quot;:6,&quot;335551620&quot;:6,&quot;335559731&quot;:1134,&quot;335559739&quot;:160,&quot;335559740&quot;:259}\">\u00a0<\/span><\/p>\n<p style=\"text-align: justify;\">\n","protected":false},"excerpt":{"rendered":"<p>Dom Paulo Mendes Peixoto Arcebispo de Uberaba (MG) \u00a0 \u00a0 O Papa Le\u00e3o XIV toma como tema, em sintonia com o Ano Jubilar da esperan\u00e7a, para o\u00a09\u00ba\u00a0Dia Mundial dos Pobres, a palavra dos Salmos: \u201cTu \u00e9s a minha esperan\u00e7a\u201d (Sl\u00a071,5). A condi\u00e7\u00e3o de pobre n\u00e3o pode tirar da pessoa a virtude da esperan\u00e7a, porque ela &hellip;<\/p>\n<p class=\"read-more\"> <a class=\"\" href=\"https:\/\/www.cnbb.org.br\/dia-mundial-dos-pobres-2025\/\"> <span class=\"screen-reader-text\">Dia Mundial dos Pobres 2025\u00a0<\/span> Leia mais &raquo;<\/a><\/p>\n","protected":false},"author":25,"featured_media":0,"comment_status":"closed","ping_status":"closed","sticky":false,"template":"","format":"standard","meta":{"site-sidebar-layout":"default","site-content-layout":"default","ast-global-header-display":"","ast-banner-title-visibility":"","ast-main-header-display":"","ast-hfb-above-header-display":"","ast-hfb-below-header-display":"","ast-hfb-mobile-header-display":"","site-post-title":"","ast-breadcrumbs-content":"","ast-featured-img":"","footer-sml-layout":"","theme-transparent-header-meta":"default","adv-header-id-meta":"","stick-header-meta":"","header-above-stick-meta":"","header-main-stick-meta":"","header-below-stick-meta":""},"categories":[758,1837],"tags":[],"acf":[],"_links":{"self":[{"href":"https:\/\/www.cnbb.org.br\/cnbb-app\/wp\/v2\/posts\/991188"}],"collection":[{"href":"https:\/\/www.cnbb.org.br\/cnbb-app\/wp\/v2\/posts"}],"about":[{"href":"https:\/\/www.cnbb.org.br\/cnbb-app\/wp\/v2\/types\/post"}],"author":[{"embeddable":true,"href":"https:\/\/www.cnbb.org.br\/cnbb-app\/wp\/v2\/users\/25"}],"replies":[{"embeddable":true,"href":"https:\/\/www.cnbb.org.br\/cnbb-app\/wp\/v2\/comments?post=991188"}],"version-history":[{"count":1,"href":"https:\/\/www.cnbb.org.br\/cnbb-app\/wp\/v2\/posts\/991188\/revisions"}],"predecessor-version":[{"id":991189,"href":"https:\/\/www.cnbb.org.br\/cnbb-app\/wp\/v2\/posts\/991188\/revisions\/991189"}],"wp:attachment":[{"href":"https:\/\/www.cnbb.org.br\/cnbb-app\/wp\/v2\/media?parent=991188"}],"wp:term":[{"taxonomy":"category","embeddable":true,"href":"https:\/\/www.cnbb.org.br\/cnbb-app\/wp\/v2\/categories?post=991188"},{"taxonomy":"post_tag","embeddable":true,"href":"https:\/\/www.cnbb.org.br\/cnbb-app\/wp\/v2\/tags?post=991188"}],"curies":[{"name":"wp","href":"https:\/\/api.w.org\/{rel}","templated":true}]}}