{"id":991227,"date":"2025-11-10T11:33:09","date_gmt":"2025-11-10T14:33:09","guid":{"rendered":"https:\/\/www.cnbb.org.br\/?p=991227"},"modified":"2025-11-11T11:37:20","modified_gmt":"2025-11-11T14:37:20","slug":"bispos-da-bahia-e-de-sergipe-iniciaram-a-reuniao-do-conselho-regional-conser-com-missa","status":"publish","type":"post","link":"https:\/\/www.cnbb.org.br\/bispos-da-bahia-e-de-sergipe-iniciaram-a-reuniao-do-conselho-regional-conser-com-missa\/","title":{"rendered":"Bispos da Bahia e de Sergipe iniciaram a reuni\u00e3o do Conselho Regional (Conser) com missa"},"content":{"rendered":"<p style=\"text-align: justify;\">Teve in\u00edcio, na noite desta segunda-feira, 10 de novembro, mais uma reuni\u00e3o do Conselho Regional (CONSER) do Nordeste 3 da Confer\u00eancia Nacional dos Bispos do Brasil (CNBB), que re\u00fane os arcebispos e bispos da Bahia e de Sergipe. O encontro come\u00e7ou com a Missa e a Ora\u00e7\u00e3o das V\u00e9speras, presididas pelo bispo em\u00e9rito da diocese de Itabuna (BA), dom Carlos Alberto dos Santos.<\/p>\n<p style=\"text-align: justify;\">A homilia foi proferida por dom Esmeraldo Barreto Farias, bispo em\u00e9rito da diocese de Ara\u00e7ua\u00ed (MG), que atualmente reside em Salvador. Em clima de fraternidade episcopal, os pastores refletiram sobre a import\u00e2ncia de viver a comunh\u00e3o e a corresponsabilidade na miss\u00e3o evangelizadora.<\/p>\n<p style=\"text-align: justify;\">Ap\u00f3s a celebra\u00e7\u00e3o eucar\u00edstica, o presidente do regional Nordeste 3, dom Dirceu de Oliveira Medeiros, que tamb\u00e9m \u00e9 bispo da diocese de Cama\u00e7ari (BA), destacou o significado deste momento para a Igreja que est\u00e1 na Bahia e em Sergipe.<\/p>\n<blockquote>\n<p style=\"text-align: justify;\">\u201cO CONSER \u00e9 um momento de comunh\u00e3o com a Igreja universal, de colegialidade e de sinodalidade\u201d, afirmou.<\/p>\n<\/blockquote>\n<p style=\"text-align: justify;\">Durante os pr\u00f3ximos dias, os bispos ir\u00e3o partilhar experi\u00eancias pastorais, refletir sobre os desafios e perspectivas da a\u00e7\u00e3o evangelizadora nas dioceses e fortalecer os la\u00e7os de unidade que sustentam a miss\u00e3o comum de servir ao Povo de Deus. Esta \u00faltima reuni\u00e3o do CONSER em\u00a0 ser\u00e1 encerrada na quarta-feira, 12 de novembro.<\/p>\n<p>&nbsp;<\/p>\n<p>&nbsp;<\/p>\n<p>&nbsp;<\/p>\n<pre>Fotos: Sara Gomes | Regional NE 3<\/pre>\n","protected":false},"excerpt":{"rendered":"<p>Teve in\u00edcio, na noite desta segunda-feira, 10 de novembro, mais uma reuni\u00e3o do Conselho Regional (CONSER) do Nordeste 3 da Confer\u00eancia Nacional dos Bispos do Brasil (CNBB), que re\u00fane os arcebispos e bispos da Bahia e de Sergipe. O encontro come\u00e7ou com a Missa e a Ora\u00e7\u00e3o das V\u00e9speras, presididas pelo bispo em\u00e9rito da diocese &hellip;<\/p>\n<p class=\"read-more\"> <a class=\"\" href=\"https:\/\/www.cnbb.org.br\/bispos-da-bahia-e-de-sergipe-iniciaram-a-reuniao-do-conselho-regional-conser-com-missa\/\"> <span class=\"screen-reader-text\">Bispos da Bahia e de Sergipe iniciaram a reuni\u00e3o do Conselho Regional (Conser) com missa<\/span> Leia mais &raquo;<\/a><\/p>\n","protected":false},"author":141,"featured_media":991235,"comment_status":"closed","ping_status":"closed","sticky":false,"template":"","format":"standard","meta":{"site-sidebar-layout":"default","site-content-layout":"default","ast-global-header-display":"","ast-banner-title-visibility":"","ast-main-header-display":"","ast-hfb-above-header-display":"","ast-hfb-below-header-display":"","ast-hfb-mobile-header-display":"","site-post-title":"","ast-breadcrumbs-content":"","ast-featured-img":"","footer-sml-layout":"","theme-transparent-header-meta":"default","adv-header-id-meta":"","stick-header-meta":"","header-above-stick-meta":"","header-main-stick-meta":"","header-below-stick-meta":""},"categories":[789],"tags":[],"acf":[],"_links":{"self":[{"href":"https:\/\/www.cnbb.org.br\/cnbb-app\/wp\/v2\/posts\/991227"}],"collection":[{"href":"https:\/\/www.cnbb.org.br\/cnbb-app\/wp\/v2\/posts"}],"about":[{"href":"https:\/\/www.cnbb.org.br\/cnbb-app\/wp\/v2\/types\/post"}],"author":[{"embeddable":true,"href":"https:\/\/www.cnbb.org.br\/cnbb-app\/wp\/v2\/users\/141"}],"replies":[{"embeddable":true,"href":"https:\/\/www.cnbb.org.br\/cnbb-app\/wp\/v2\/comments?post=991227"}],"version-history":[{"count":8,"href":"https:\/\/www.cnbb.org.br\/cnbb-app\/wp\/v2\/posts\/991227\/revisions"}],"predecessor-version":[{"id":991239,"href":"https:\/\/www.cnbb.org.br\/cnbb-app\/wp\/v2\/posts\/991227\/revisions\/991239"}],"wp:featuredmedia":[{"embeddable":true,"href":"https:\/\/www.cnbb.org.br\/cnbb-app\/wp\/v2\/media\/991235"}],"wp:attachment":[{"href":"https:\/\/www.cnbb.org.br\/cnbb-app\/wp\/v2\/media?parent=991227"}],"wp:term":[{"taxonomy":"category","embeddable":true,"href":"https:\/\/www.cnbb.org.br\/cnbb-app\/wp\/v2\/categories?post=991227"},{"taxonomy":"post_tag","embeddable":true,"href":"https:\/\/www.cnbb.org.br\/cnbb-app\/wp\/v2\/tags?post=991227"}],"curies":[{"name":"wp","href":"https:\/\/api.w.org\/{rel}","templated":true}]}}