{"id":9914,"date":"2010-05-19T00:00:00","date_gmt":"2010-05-19T03:00:00","guid":{"rendered":"https:\/\/www.cnbb.org.br\/dom-canisio-e-transferido-para-diocese-de-santa-cruz-do-sul\/"},"modified":"2010-05-19T00:00:00","modified_gmt":"2010-05-19T03:00:00","slug":"dom-canisio-e-transferido-para-diocese-de-santa-cruz-do-sul","status":"publish","type":"post","link":"https:\/\/www.cnbb.org.br\/dom-canisio-e-transferido-para-diocese-de-santa-cruz-do-sul\/","title":{"rendered":"Dom Can\u00edsio \u00e9 transferido para diocese de Santa Cruz do Sul"},"content":{"rendered":"<p style=\"text-align: justify\">O papa Bento XVI aceitou, nesta quarta-feira, 19, a ren\u00fancia do bispo de Santa Cruz do Sul (RS), dom Alo\u00edsio Sin\u00e9sio Bohn, 75, por motivo de idade, conforme prev\u00ea o c\u00e2non 401, \u00a7 1\u00ba, do C\u00f3digo de Direito Can\u00f4nico. Para suced\u00ea-lo o papa nomeou dom Can\u00edsio Klaus, 58, transferindo-o da diocese de Diamantino, no Mato Grosso.<\/p>\n<p><!--more--><\/p>\n<p style=\"text-align: justify\">Natural de Arroio do Meio, no Rio Grande do Sul, dom Can\u00edsio nasceu no dia 9 de outubro de 1951. Foi ordenado padre em 28 de dezembro de 1979 para a diocese de Santa Cruz do Sul. Nomeado bispo <img decoding=\"async\" loading=\"lazy\" class=\" alignright size-full wp-image-4364\" style=\"float: right\" title=\"Dom Alo\u00edsio Sin\u00e9sio Bohn\" src=\"https:\/\/www.cnbb.org.br\/wp-content\/uploads\/2020\/03\/domsinesiobohn.jpg\" width=\"132\" height=\"173\" \/>coadjutor da diocese de Diamantino, recebeu a ordena\u00e7\u00e3o episcopal no dia 21 de junho de 1998, assumindo o governo pastoral da diocese em agosto do mesmo ano. Foi presidente do Regional Oeste 2 da CNBB de 2003 a 2006 e membro do Conselho Permanente da CNBB neste mesmo per\u00edodo.<\/p>\n<p style=\"text-align: justify\">A posse de dom Can\u00edsio ser\u00e1 no dia 18 de julho, \u00e0s 16h, na catedral S\u00e3o Jo\u00e3o Batista, em Santa Cruz do Sul. &#8220;Rezemos por ele para que seja aben\u00e7oado por Deus e se sinta feliz em nosso meio&#8221;, disse dom Sin\u00e9sio por meio de nota divulgada hoje.<\/p>\n<p style=\"text-align: justify\">A CNBB, por meio de sua assessoria de imprensa, agradece a dom Sin\u00e9sio o frutuoso trabalho realizado em Santa Cruz do Sul ao longo de 24 anos e cumprimenta dom Can\u00edsio, desejando-lhe sucesso na nova miss\u00e3o que a Igreja lhe confia.<\/p>\n<p style=\"text-align: justify\"><span style=\"font-size: 8pt\"><strong><em>\u00daltima atualiza\u00e7\u00e3o: 19.05.10 \u00e0s 15h.<\/em><\/strong><\/span><\/p>\n","protected":false},"excerpt":{"rendered":"<p>O papa Bento XVI aceitou, nesta quarta-feira, 19, a ren\u00fancia do bispo de Santa Cruz do Sul (RS), dom Alo\u00edsio Sin\u00e9sio Bohn, 75, por motivo de idade, conforme prev\u00ea o c\u00e2non 401, \u00a7 1\u00ba, do C\u00f3digo de Direito Can\u00f4nico. Para suced\u00ea-lo o papa nomeou dom Can\u00edsio Klaus, 58, transferindo-o da diocese de Diamantino, no Mato &hellip;<\/p>\n<p class=\"read-more\"> <a class=\"\" href=\"https:\/\/www.cnbb.org.br\/dom-canisio-e-transferido-para-diocese-de-santa-cruz-do-sul\/\"> <span class=\"screen-reader-text\">Dom Can\u00edsio \u00e9 transferido para diocese de Santa Cruz do Sul<\/span> Leia mais &raquo;<\/a><\/p>\n","protected":false},"author":83,"featured_media":9915,"comment_status":"open","ping_status":"open","sticky":false,"template":"","format":"standard","meta":{"site-sidebar-layout":"default","site-content-layout":"default","ast-global-header-display":"","ast-banner-title-visibility":"","ast-main-header-display":"","ast-hfb-above-header-display":"","ast-hfb-below-header-display":"","ast-hfb-mobile-header-display":"","site-post-title":"","ast-breadcrumbs-content":"","ast-featured-img":"","footer-sml-layout":"","theme-transparent-header-meta":"","adv-header-id-meta":"","stick-header-meta":"","header-above-stick-meta":"","header-main-stick-meta":"","header-below-stick-meta":""},"categories":[798],"tags":[],"acf":[],"_links":{"self":[{"href":"https:\/\/www.cnbb.org.br\/cnbb-app\/wp\/v2\/posts\/9914"}],"collection":[{"href":"https:\/\/www.cnbb.org.br\/cnbb-app\/wp\/v2\/posts"}],"about":[{"href":"https:\/\/www.cnbb.org.br\/cnbb-app\/wp\/v2\/types\/post"}],"author":[{"embeddable":true,"href":"https:\/\/www.cnbb.org.br\/cnbb-app\/wp\/v2\/users\/83"}],"replies":[{"embeddable":true,"href":"https:\/\/www.cnbb.org.br\/cnbb-app\/wp\/v2\/comments?post=9914"}],"version-history":[{"count":0,"href":"https:\/\/www.cnbb.org.br\/cnbb-app\/wp\/v2\/posts\/9914\/revisions"}],"wp:featuredmedia":[{"embeddable":true,"href":"https:\/\/www.cnbb.org.br\/cnbb-app\/wp\/v2\/media\/9915"}],"wp:attachment":[{"href":"https:\/\/www.cnbb.org.br\/cnbb-app\/wp\/v2\/media?parent=9914"}],"wp:term":[{"taxonomy":"category","embeddable":true,"href":"https:\/\/www.cnbb.org.br\/cnbb-app\/wp\/v2\/categories?post=9914"},{"taxonomy":"post_tag","embeddable":true,"href":"https:\/\/www.cnbb.org.br\/cnbb-app\/wp\/v2\/tags?post=9914"}],"curies":[{"name":"wp","href":"https:\/\/api.w.org\/{rel}","templated":true}]}}