{"id":991420,"date":"2025-11-13T14:04:15","date_gmt":"2025-11-13T17:04:15","guid":{"rendered":"https:\/\/www.cnbb.org.br\/?p=991420"},"modified":"2025-11-13T14:06:07","modified_gmt":"2025-11-13T17:06:07","slug":"presbiteros-do-regional-sul-3-refletem-sobre-a-missao-na-cultura-digital-em-encontro-anual","status":"publish","type":"post","link":"https:\/\/www.cnbb.org.br\/presbiteros-do-regional-sul-3-refletem-sobre-a-missao-na-cultura-digital-em-encontro-anual\/","title":{"rendered":"Presb\u00edteros do regional Sul 3 refletem sobre a miss\u00e3o na cultura digital em encontro anual"},"content":{"rendered":"<p style=\"text-align: justify;\">Mais de\u00a060 presb\u00edteros do regional Sul 3 da Confer\u00eancia Nacional dos Bispos do Brasil (CNBB) estiveram reunidos em S\u00e3o Leopoldo (RS) para o 42\u00ba Encontro Regional de Presb\u00edteros (ERP), realizado entre os dias 10 e 12 de novembro de 2025. O evento, que contou com a participa\u00e7\u00e3o de 66 presb\u00edteros diocesanos e religiosos, representantes de 18 dioceses do Rio Grande do Sul\u00a0, aprofundou o tema\u00a0\u201cPresb\u00edtero no contexto digital\u201d.<\/p>\n<p style=\"text-align: justify;\">O encontro \u00e9 uma etapa preparat\u00f3ria para o\u00a020\u00ba Encontro Nacional de Presb\u00edteros (ENP), que ocorrer\u00e1 no pr\u00f3ximo ano em Aparecida (SP).<\/p>\n<h3 class=\"wp-block-heading\" style=\"text-align: justify;\">Reflex\u00e3o sobre Identidade e Comunica\u00e7\u00e3o<\/h3>\n<p style=\"text-align: justify;\">A assessoria do 42\u00ba ERP foi conduzida pelo padre Rudinei Lasch, Secret\u00e1rio da Comiss\u00e3o Nacional de Presb\u00edteros (CNP). As reflex\u00f5es se concentraram na\u00a0identidade presbiteral\u00a0e na\u00a0miss\u00e3o comunicacional da Igreja\u00a0em meio \u00e0 complexa e saturada cultura digital contempor\u00e2nea.<\/p>\n<p style=\"text-align: justify;\">O ponto central da abordagem foi a convic\u00e7\u00e3o de que\u00a0Deus \u00e9 o primeiro comunicador\u00a0e que o presb\u00edtero \u00e9 chamado a ser um\u00a0\u201cinstrumento vivo da comunica\u00e7\u00e3o salv\u00edfica de Deus\u201d. Nesse sentido, o sacerdote deve se configurar na din\u00e2mica de escuta e resposta ao chamado, inspirada na passagem de Isa\u00edas: \u201cEis-me aqui, envia-me\u201d.<\/p>\n<p style=\"text-align: justify;\">Em um mundo de mensagens fragmentadas e imediatismos nas redes, o encontro enfatizou a necessidade de o presb\u00edtero ser um\u00a0comunicador fiel, que escuta antes de falar e usa linguagem acess\u00edvel sem perder a profundidade.<\/p>\n<blockquote class=\"wp-block-quote is-layout-flow wp-block-quote-is-layout-flow\"><p>\u201cA cultura digital exige presb\u00edteros preparados para dialogar com responsabilidade, \u00e9tica e espiritualidade.\u201d<\/p><\/blockquote>\n<p style=\"text-align: justify;\">O\u00a0desafio pastoral\u00a0reside em construir uma\u00a0presen\u00e7a crist\u00e3 que humanize os algoritmos\u00a0e utilize as redes sociais como espa\u00e7o de\u00a0encontro, relacionamento humano verdadeiro e miss\u00e3o compartilhada. A evangeliza\u00e7\u00e3o no mundo digital, conforme a reflex\u00e3o, n\u00e3o visa convencer, mas sim\u00a0\u201ccompartilhar a experi\u00eancia transformadora do encontro com Cristo\u201d.<\/p>\n<h3 class=\"wp-block-heading\" style=\"text-align: justify;\">Presen\u00e7as e Encaminhamentos para 2026<\/h3>\n<p style=\"text-align: justify;\">O Encontro contou com a presen\u00e7a de\u00a0Dom Adimir Antonio Mazali, bispo referencial da Comiss\u00e3o Episcopal para os Minist\u00e9rios Ordenados do Regional Sul 3\u00a0, e de\u00a0Dom Carlos R\u00f4mulo Gon\u00e7alves e Silva, bispo de Montenegro e secret\u00e1rio da presid\u00eancia da CNBB Sul 3.<\/p>\n<p style=\"text-align: justify;\">Ao final do encontro, os presb\u00edteros definiram encaminhamentos importantes para o pr\u00f3ximo ano:<\/p>\n<ul class=\"wp-block-list\" style=\"text-align: justify;\">\n<li>20\u00ba Encontro Nacional de Presb\u00edteros (ENP):\u00a0Ser\u00e1 realizado de 27 de abril a 1\u00ba de maio de 2026 em Aparecida (SP).<\/li>\n<li>Curso de Forma\u00e7\u00e3o Permanente para Presb\u00edteros:\u00a0Est\u00e1 agendado para os dias 23 a 29 de agosto de 2026.<\/li>\n<li>43\u00ba Encontro Regional de Presb\u00edteros (ERP):\u00a0Ser\u00e1 sediado de 16 a 18 de novembro de 2026.<\/li>\n<\/ul>\n<h3 class=\"wp-block-heading\" style=\"text-align: justify;\">Unidade e Cora\u00e7\u00e3o de Pastor<\/h3>\n<p style=\"text-align: justify;\">A Missa de encerramento foi presidida por\u00a0Dom Adimir Antonio Mazali. O bispo destacou a import\u00e2ncia da presen\u00e7a de representantes de todas as dioceses como\u00a0sinal de unidade\u00a0da Igreja no Regional Sul 3.<\/p>\n<p style=\"text-align: justify;\">Dom Adimir recordou a import\u00e2ncia de agir com a\u00a0Sabedoria de Deus\u00a0e ter um\u00a0cora\u00e7\u00e3o agradecido. Concluindo, exortou os presb\u00edteros a serem\u00a0comunicadores da verdade\u00a0anunciada por Jesus Cristo, com esp\u00edrito aberto \u00e0s novas tecnologias, mas sempre realizando tudo\u00a0\u201ccom o cora\u00e7\u00e3o de pastor\u201d.<\/p>\n<p style=\"text-align: justify;\">A mensagem final do 42\u00ba ERP \u00e9 um convite \u00e0 miss\u00e3o de comunicar a verdade e cuidar do rebanho, invocando a prote\u00e7\u00e3o de Nossa Senhora Medianeira e de S\u00e3o Pedro.<\/p>\n<p>&nbsp;<\/p>\n<figure class=\"wp-block-image size-large\"><img decoding=\"async\" loading=\"lazy\" class=\"wp-image-6722 aligncenter\" src=\"https:\/\/cmovic.cnbb.org.br\/wp-content\/uploads\/2025\/11\/WhatsApp-Image-2025-11-12-at-17.10.15-2-1024x576.jpeg\" sizes=\"(max-width: 1024px) 100vw, 1024px\" srcset=\"https:\/\/cmovic.cnbb.org.br\/wp-content\/uploads\/2025\/11\/WhatsApp-Image-2025-11-12-at-17.10.15-2-1024x576.jpeg 1024w, https:\/\/cmovic.cnbb.org.br\/wp-content\/uploads\/2025\/11\/WhatsApp-Image-2025-11-12-at-17.10.15-2-300x169.jpeg 300w, https:\/\/cmovic.cnbb.org.br\/wp-content\/uploads\/2025\/11\/WhatsApp-Image-2025-11-12-at-17.10.15-2-768x432.jpeg 768w, https:\/\/cmovic.cnbb.org.br\/wp-content\/uploads\/2025\/11\/WhatsApp-Image-2025-11-12-at-17.10.15-2.jpeg 1280w\" alt=\"\" width=\"478\" height=\"269\" data-id=\"6722\" \/><\/figure>\n<p>&nbsp;<\/p>\n<figure class=\"wp-block-image size-large\"><img decoding=\"async\" loading=\"lazy\" class=\"wp-image-6720 aligncenter\" src=\"https:\/\/cmovic.cnbb.org.br\/wp-content\/uploads\/2025\/11\/WhatsApp-Image-2025-11-12-at-17.10.15-1-1024x576.jpeg\" sizes=\"(max-width: 1024px) 100vw, 1024px\" srcset=\"https:\/\/cmovic.cnbb.org.br\/wp-content\/uploads\/2025\/11\/WhatsApp-Image-2025-11-12-at-17.10.15-1-1024x576.jpeg 1024w, https:\/\/cmovic.cnbb.org.br\/wp-content\/uploads\/2025\/11\/WhatsApp-Image-2025-11-12-at-17.10.15-1-300x169.jpeg 300w, https:\/\/cmovic.cnbb.org.br\/wp-content\/uploads\/2025\/11\/WhatsApp-Image-2025-11-12-at-17.10.15-1-768x432.jpeg 768w, https:\/\/cmovic.cnbb.org.br\/wp-content\/uploads\/2025\/11\/WhatsApp-Image-2025-11-12-at-17.10.15-1.jpeg 1280w\" alt=\"\" width=\"478\" height=\"269\" data-id=\"6720\" \/><\/figure>\n<p>&nbsp;<\/p>\n<figure class=\"wp-block-image size-large\"><img decoding=\"async\" loading=\"lazy\" class=\"wp-image-6721 aligncenter\" src=\"https:\/\/cmovic.cnbb.org.br\/wp-content\/uploads\/2025\/11\/WhatsApp-Image-2025-11-12-at-17.10.15-1024x576.jpeg\" sizes=\"(max-width: 1024px) 100vw, 1024px\" srcset=\"https:\/\/cmovic.cnbb.org.br\/wp-content\/uploads\/2025\/11\/WhatsApp-Image-2025-11-12-at-17.10.15-1024x576.jpeg 1024w, https:\/\/cmovic.cnbb.org.br\/wp-content\/uploads\/2025\/11\/WhatsApp-Image-2025-11-12-at-17.10.15-300x169.jpeg 300w, https:\/\/cmovic.cnbb.org.br\/wp-content\/uploads\/2025\/11\/WhatsApp-Image-2025-11-12-at-17.10.15-768x432.jpeg 768w, https:\/\/cmovic.cnbb.org.br\/wp-content\/uploads\/2025\/11\/WhatsApp-Image-2025-11-12-at-17.10.15.jpeg 1280w\" alt=\"\" width=\"479\" height=\"270\" data-id=\"6721\" \/><\/figure>\n<p>&nbsp;<\/p>\n<p>&nbsp;<\/p>\n<p>&nbsp;<\/p>\n<p>Acesse (<a href=\"https:\/\/cmovic.cnbb.org.br\/wp-content\/uploads\/2025\/11\/CARTA-DO-42o-ENCONTRO-REGIONAL-DE-PRESBI%CC%81TEROS.pdf\" target=\"_blank\" rel=\"noopener\">aqui<\/a>) a carta na \u00edntegra.<\/p>\n","protected":false},"excerpt":{"rendered":"<p>Mais de\u00a060 presb\u00edteros do regional Sul 3 da Confer\u00eancia Nacional dos Bispos do Brasil (CNBB) estiveram reunidos em S\u00e3o Leopoldo (RS) para o 42\u00ba Encontro Regional de Presb\u00edteros (ERP), realizado entre os dias 10 e 12 de novembro de 2025. O evento, que contou com a participa\u00e7\u00e3o de 66 presb\u00edteros diocesanos e religiosos, representantes de &hellip;<\/p>\n<p class=\"read-more\"> <a class=\"\" href=\"https:\/\/www.cnbb.org.br\/presbiteros-do-regional-sul-3-refletem-sobre-a-missao-na-cultura-digital-em-encontro-anual\/\"> <span class=\"screen-reader-text\">Presb\u00edteros do regional Sul 3 refletem sobre a miss\u00e3o na cultura digital em encontro anual<\/span> Leia mais &raquo;<\/a><\/p>\n","protected":false},"author":141,"featured_media":991428,"comment_status":"closed","ping_status":"closed","sticky":false,"template":"","format":"standard","meta":{"site-sidebar-layout":"default","site-content-layout":"default","ast-global-header-display":"","ast-banner-title-visibility":"","ast-main-header-display":"","ast-hfb-above-header-display":"","ast-hfb-below-header-display":"","ast-hfb-mobile-header-display":"","site-post-title":"","ast-breadcrumbs-content":"","ast-featured-img":"","footer-sml-layout":"","theme-transparent-header-meta":"default","adv-header-id-meta":"","stick-header-meta":"","header-above-stick-meta":"","header-main-stick-meta":"","header-below-stick-meta":""},"categories":[790],"tags":[6242,2339,1315],"acf":[],"_links":{"self":[{"href":"https:\/\/www.cnbb.org.br\/cnbb-app\/wp\/v2\/posts\/991420"}],"collection":[{"href":"https:\/\/www.cnbb.org.br\/cnbb-app\/wp\/v2\/posts"}],"about":[{"href":"https:\/\/www.cnbb.org.br\/cnbb-app\/wp\/v2\/types\/post"}],"author":[{"embeddable":true,"href":"https:\/\/www.cnbb.org.br\/cnbb-app\/wp\/v2\/users\/141"}],"replies":[{"embeddable":true,"href":"https:\/\/www.cnbb.org.br\/cnbb-app\/wp\/v2\/comments?post=991420"}],"version-history":[{"count":5,"href":"https:\/\/www.cnbb.org.br\/cnbb-app\/wp\/v2\/posts\/991420\/revisions"}],"predecessor-version":[{"id":991427,"href":"https:\/\/www.cnbb.org.br\/cnbb-app\/wp\/v2\/posts\/991420\/revisions\/991427"}],"wp:featuredmedia":[{"embeddable":true,"href":"https:\/\/www.cnbb.org.br\/cnbb-app\/wp\/v2\/media\/991428"}],"wp:attachment":[{"href":"https:\/\/www.cnbb.org.br\/cnbb-app\/wp\/v2\/media?parent=991420"}],"wp:term":[{"taxonomy":"category","embeddable":true,"href":"https:\/\/www.cnbb.org.br\/cnbb-app\/wp\/v2\/categories?post=991420"},{"taxonomy":"post_tag","embeddable":true,"href":"https:\/\/www.cnbb.org.br\/cnbb-app\/wp\/v2\/tags?post=991420"}],"curies":[{"name":"wp","href":"https:\/\/api.w.org\/{rel}","templated":true}]}}