{"id":991467,"date":"2025-11-14T09:26:34","date_gmt":"2025-11-14T12:26:34","guid":{"rendered":"https:\/\/www.cnbb.org.br\/?p=991467"},"modified":"2025-11-14T09:41:18","modified_gmt":"2025-11-14T12:41:18","slug":"os-pobres-devem-estar-no-coracao-da-vida-crista","status":"publish","type":"post","link":"https:\/\/www.cnbb.org.br\/os-pobres-devem-estar-no-coracao-da-vida-crista\/","title":{"rendered":"Os pobres devem estar no\u00a0cora\u00e7\u00e3o\u00a0da vida crist\u00e3\u00a0"},"content":{"rendered":"<p style=\"text-align: right;\"><strong>Dom Itacir Brassiani<br \/>\nBispo de Santa Cruz do Sul (RS)<\/strong><\/p>\n<p>&nbsp;<\/p>\n<p style=\"text-align: justify;\"><span data-contrast=\"none\">O Papa Le\u00e3o XIV se inspirou na declara\u00e7\u00e3o de\u00a0f\u00e9 de uma pessoa pobre e fiel na sua mensagem\u00a0para\u00a0a\u00a0<\/span><i><span data-contrast=\"none\">9\u00aa\u00a0Jornada Mundial dos Pobres<\/span><\/i><span data-contrast=\"none\">: \u201c<\/span><i><span data-contrast=\"none\">Tu \u00e9s a minha esperan\u00e7a, \u00f3 Senhor Deus!<\/span><\/i><span data-contrast=\"none\">\u201d\u00a0(Salmo 71,5).\u00a0E come\u00e7a\u00a0sublinhando\u00a0que os\u00a0pobres\u00a0s\u00e3o\u00a0testemunhas\u00a0de\u00a0uma esperan\u00e7a forte e confi\u00e1vel,\u00a0na medida em que\u00a0a esperan\u00e7a\u00a0que os move\u00a0\u201c\u00e9\u00a0professada numa condi\u00e7\u00e3o de vida prec\u00e1ria, feita de priva\u00e7\u00f5es, fragilidade e marginaliza\u00e7\u00e3o\u201d.\u00a0<\/span><span data-ccp-props=\"{&quot;201341983&quot;:0,&quot;335551550&quot;:6,&quot;335551620&quot;:6,&quot;335559740&quot;:240}\">\u00a0<\/span><\/p>\n<p style=\"text-align: justify;\"><span data-contrast=\"none\">\u00c9 verdade que\u00a0a\u00a0pobreza mais grave \u00e9 n\u00e3o\u00a0poder contar com\u00a0Deus. Se\u00a0impingimos\u00a0aos\u00a0pobres\u00a0a culpa pela pr\u00f3pria mis\u00e9ria e apresentamos\u00a0a eles\u00a0um Deus sempre pronto a premiar \u201cos bons\u201d com riqueza e prosperidade, estamos impedindo\u00a0que conhe\u00e7am\u00a0o verdadeiro Deus. Por isso, al\u00e9m de\u00a0despertar\u00a0os pobres\u00a0para\u00a0as causas estruturais da sua pobreza, precisamos apresentar a eles\u00a0o\u00a0cora\u00e7\u00e3o e o rosto\u00a0verdadeiros\u00a0de\u00a0Deus.\u00a0<\/span><span data-ccp-props=\"{&quot;201341983&quot;:0,&quot;335551550&quot;:6,&quot;335551620&quot;:6,&quot;335559740&quot;:240}\">\u00a0<\/span><\/p>\n<p style=\"text-align: justify;\"><span data-contrast=\"none\">Na sua mensagem para esse dia, o Papa nos lembra que \u201ca pobreza tem causas estruturais que devem ser enfrentadas e eliminadas\u201d,\u00a0jamais\u00a0encobertas ou negadas. E isso n\u00e3o tem nada a ver com ideologias esquerdistas ou\u00a0com\u00a0ativismo pol\u00edtico, mas com o Evangelho e a vida de Jesus Cristo. Al\u00e9m disso, como crist\u00e3os, somos chamados a\u00a0colocar\u00a0sinais de esperan\u00e7a que testemunhem nossa solidariedade concreta e transformadora.<\/span><span data-ccp-props=\"{&quot;201341983&quot;:0,&quot;335551550&quot;:6,&quot;335551620&quot;:6,&quot;335559740&quot;:240}\">\u00a0<\/span><\/p>\n<p style=\"text-align: justify;\"><span data-contrast=\"none\">N\u00e3o podemos\u00a0ir ao encontro dos pobres ou falar deles apenas em alguns momentos\u00a0especiais\u00a0do ano, como uma esp\u00e9cie de\u00a0al\u00edvio de consci\u00eancia. Le\u00e3o\u00a0XIV\u00a0nos adverte que, para a Igreja, eles\u00a0n\u00e3o s\u00e3o um passatempo. Os pobres\u00a0s\u00e3o \u201cos irm\u00e3os e irm\u00e3s mais amados, porque cada um deles, com a sua exist\u00eancia\u00a0e tamb\u00e9m\u00a0com as palavras e a sabedoria que trazem consigo, levam-nos a tocar com as m\u00e3os a verdade do Evangelho\u201d.\u00a0<\/span><span data-ccp-props=\"{&quot;201341983&quot;:0,&quot;335551550&quot;:6,&quot;335551620&quot;:6,&quot;335559740&quot;:240}\">\u00a0<\/span><\/p>\n<p style=\"text-align: justify;\"><span data-contrast=\"none\">\u00c9 tempo de tomar consci\u00eancia de que \u201cos pobres n\u00e3o s\u00e3o\u00a0<\/span><i><span data-contrast=\"none\">objetos<\/span><\/i><span data-contrast=\"none\">\u00a0da nossa pastoral, mas\u00a0<\/span><i><span data-contrast=\"none\">sujeitos<\/span><\/i><span data-contrast=\"none\">\u00a0criativos que nos estimulam a encontrar sempre novas formas de viver o Evangelho hoje\u201d. Compadecer-se e ir ao encontro deles \u201c\u00e9 uma\u00a0<\/span><i><span data-contrast=\"none\">quest\u00e3o de justi\u00e7a<\/span><\/i><span data-contrast=\"none\">, muito antes de\u00a0ser uma\u00a0<\/span><i><span data-contrast=\"none\">quest\u00e3o de caridade<\/span><\/i><span data-contrast=\"none\">\u201d.\u00a0 Isso n\u00e3o \u00e9 algo que podemos fazer ou n\u00e3o fazer,\u00a0nem\u00a0bondade nossa. Eles t\u00eam direito a esperar solidariedade dos crist\u00e3os\u00a0e da sociedade.<\/span><span data-ccp-props=\"{&quot;201341983&quot;:0,&quot;335551550&quot;:6,&quot;335551620&quot;:6,&quot;335559740&quot;:240}\">\u00a0<\/span><\/p>\n<p style=\"text-align: justify;\"><span data-contrast=\"none\">Por fim, o\u00a0Papa sublinha que os pobres n\u00e3o\u00a0podem estar \u00e0 margem, mas devem ocupar\u00a0o centro\u00a0da\u00a0a\u00e7\u00e3o pastoral da Igreja. E pede que,\u00a0no esp\u00edrito do\u00a0<\/span><i><span data-contrast=\"none\">Ano Jubilar<\/span><\/i><span data-contrast=\"none\">, engajemo-nos\u00a0em\u00a0a\u00e7\u00f5es pol\u00edticas que combatam as antigas e novas formas de pobreza,\u00a0e em iniciativas de apoio aos mais pobres entre os pobres. \u201cTrabalho, educa\u00e7\u00e3o, habita\u00e7\u00e3o e sa\u00fade s\u00e3o condi\u00e7\u00f5es para uma seguran\u00e7a que jamais se alcan\u00e7ar\u00e1 com armas\u201d, diz o Papa.<\/span><span data-ccp-props=\"{&quot;201341983&quot;:0,&quot;335551550&quot;:6,&quot;335551620&quot;:6,&quot;335559740&quot;:240}\">\u00a0<\/span><\/p>\n<p style=\"text-align: justify;\">\n","protected":false},"excerpt":{"rendered":"<p>Dom Itacir Brassiani Bispo de Santa Cruz do Sul (RS) &nbsp; O Papa Le\u00e3o XIV se inspirou na declara\u00e7\u00e3o de\u00a0f\u00e9 de uma pessoa pobre e fiel na sua mensagem\u00a0para\u00a0a\u00a09\u00aa\u00a0Jornada Mundial dos Pobres: \u201cTu \u00e9s a minha esperan\u00e7a, \u00f3 Senhor Deus!\u201d\u00a0(Salmo 71,5).\u00a0E come\u00e7a\u00a0sublinhando\u00a0que os\u00a0pobres\u00a0s\u00e3o\u00a0testemunhas\u00a0de\u00a0uma esperan\u00e7a forte e confi\u00e1vel,\u00a0na medida em que\u00a0a esperan\u00e7a\u00a0que os move\u00a0\u201c\u00e9\u00a0professada numa condi\u00e7\u00e3o &hellip;<\/p>\n<p class=\"read-more\"> <a class=\"\" href=\"https:\/\/www.cnbb.org.br\/os-pobres-devem-estar-no-coracao-da-vida-crista\/\"> <span class=\"screen-reader-text\">Os pobres devem estar no\u00a0cora\u00e7\u00e3o\u00a0da vida crist\u00e3\u00a0<\/span> Leia mais &raquo;<\/a><\/p>\n","protected":false},"author":2510,"featured_media":0,"comment_status":"closed","ping_status":"closed","sticky":false,"template":"","format":"standard","meta":{"site-sidebar-layout":"default","site-content-layout":"default","ast-global-header-display":"","ast-banner-title-visibility":"","ast-main-header-display":"","ast-hfb-above-header-display":"","ast-hfb-below-header-display":"","ast-hfb-mobile-header-display":"","site-post-title":"","ast-breadcrumbs-content":"","ast-featured-img":"","footer-sml-layout":"","theme-transparent-header-meta":"default","adv-header-id-meta":"","stick-header-meta":"","header-above-stick-meta":"","header-main-stick-meta":"","header-below-stick-meta":""},"categories":[758,1837],"tags":[],"acf":[],"_links":{"self":[{"href":"https:\/\/www.cnbb.org.br\/cnbb-app\/wp\/v2\/posts\/991467"}],"collection":[{"href":"https:\/\/www.cnbb.org.br\/cnbb-app\/wp\/v2\/posts"}],"about":[{"href":"https:\/\/www.cnbb.org.br\/cnbb-app\/wp\/v2\/types\/post"}],"author":[{"embeddable":true,"href":"https:\/\/www.cnbb.org.br\/cnbb-app\/wp\/v2\/users\/2510"}],"replies":[{"embeddable":true,"href":"https:\/\/www.cnbb.org.br\/cnbb-app\/wp\/v2\/comments?post=991467"}],"version-history":[{"count":2,"href":"https:\/\/www.cnbb.org.br\/cnbb-app\/wp\/v2\/posts\/991467\/revisions"}],"predecessor-version":[{"id":991469,"href":"https:\/\/www.cnbb.org.br\/cnbb-app\/wp\/v2\/posts\/991467\/revisions\/991469"}],"wp:attachment":[{"href":"https:\/\/www.cnbb.org.br\/cnbb-app\/wp\/v2\/media?parent=991467"}],"wp:term":[{"taxonomy":"category","embeddable":true,"href":"https:\/\/www.cnbb.org.br\/cnbb-app\/wp\/v2\/categories?post=991467"},{"taxonomy":"post_tag","embeddable":true,"href":"https:\/\/www.cnbb.org.br\/cnbb-app\/wp\/v2\/tags?post=991467"}],"curies":[{"name":"wp","href":"https:\/\/api.w.org\/{rel}","templated":true}]}}