{"id":991517,"date":"2025-11-17T10:36:45","date_gmt":"2025-11-17T13:36:45","guid":{"rendered":"https:\/\/www.cnbb.org.br\/?p=991517"},"modified":"2025-11-17T13:27:51","modified_gmt":"2025-11-17T16:27:51","slug":"encerrada-a-cupula-dos-povos-em-belem-uma-chave-de-esperanca-na-cop30","status":"publish","type":"post","link":"https:\/\/www.cnbb.org.br\/encerrada-a-cupula-dos-povos-em-belem-uma-chave-de-esperanca-na-cop30\/","title":{"rendered":"Encerrada no domingo, 16, a C\u00fapula dos Povos em Bel\u00e9m (PA), \u201cuma chave de esperan\u00e7a\u201d na COP30\u00a0"},"content":{"rendered":"<p style=\"text-align: justify;\">A C\u00fapula dos Povos, o movimento mais importante em volta da COP30, encerrou suas atividades no domingo, 16 de novembro. Mais de 23.000 credenciados, de mais de 60 pa\u00edses, al\u00e9m de muitas pessoas que passaram nas diversas atividades realizadas na Universidade Federal do Par\u00e1 (UFPA). Dentre eles diversas pastorais,\u00a0movimentos\u00a0e organismos\u00a0da Igreja cat\u00f3lica.<\/p>\n<p><img decoding=\"async\" loading=\"lazy\" class=\"aligncenter wp-image-991535 \" src=\"https:\/\/www.cnbb.org.br\/wp-content\/uploads\/2025\/11\/WhatsApp-Image-2025-11-15-at-21.46.25-1-1024x682.jpeg\" alt=\"\" width=\"556\" height=\"370\" srcset=\"https:\/\/www.cnbb.org.br\/wp-content\/uploads\/2025\/11\/WhatsApp-Image-2025-11-15-at-21.46.25-1-1024x682.jpeg 1024w, https:\/\/www.cnbb.org.br\/wp-content\/uploads\/2025\/11\/WhatsApp-Image-2025-11-15-at-21.46.25-1-300x200.jpeg 300w, https:\/\/www.cnbb.org.br\/wp-content\/uploads\/2025\/11\/WhatsApp-Image-2025-11-15-at-21.46.25-1-768x512.jpeg 768w, https:\/\/www.cnbb.org.br\/wp-content\/uploads\/2025\/11\/WhatsApp-Image-2025-11-15-at-21.46.25-1-1536x1023.jpeg 1536w, https:\/\/www.cnbb.org.br\/wp-content\/uploads\/2025\/11\/WhatsApp-Image-2025-11-15-at-21.46.25-1-500x333.jpeg 500w, https:\/\/www.cnbb.org.br\/wp-content\/uploads\/2025\/11\/WhatsApp-Image-2025-11-15-at-21.46.25-1.jpeg 1600w\" sizes=\"(max-width: 556px) 100vw, 556px\" \/><\/p>\n<h3 style=\"text-align: justify;\">Compromisso da Igreja com os marginalizados<\/h3>\n<p style=\"text-align: justify;\">Uma presen\u00e7a da Igreja cat\u00f3lica que o bispo da diocese de Brejo, no Maranh\u00e3o, e presidente da Comiss\u00e3o para a A\u00e7\u00e3o Sociotransformadora da Confer\u00eancia Nacional dos Bispos do Brasil (CNBB), dom Jos\u00e9 Valdeci Santos Mendes, considera muito importante, \u201cnesse sentido do testemunho, do compromisso com os marginalizados e marginalizadas\u201d. No dia em que a Igreja cat\u00f3lica celebrou a Jornada Mundial dos Pobres, o bispo enfatizou que \u201cisso requer de n\u00f3s um testemunho, um compromisso e uma luta pela vida. E eu diria que essa luta pela vida \u00e9 luta pelo territ\u00f3rio livre dos povos,\u00a0\u00e9 luta pela dignidade, \u00e9 luta pelo direito, \u00e9 luta para que a justi\u00e7a social, a justi\u00e7a socioambiental seja de fato realizada no nosso meio\u201d.<\/p>\n<p style=\"text-align: justify;\">Dom Valdeci ressaltou que \u201cas pastorais sociais, os organismos do povo de Deus t\u00eam esse compromisso grande de assumir a luta juntamente com os movimentos populares, com aqueles e aquelas que lutam por vida, vida humana e vida do\u00a0Planeta\u201d.\u00a0Nessa perspectiva, quando o Brasil acolhe a COP30, o bispo insistiu em que \u201ca\u00a0Igreja cat\u00f3lica precisa ouvir mais as comunidades tradicionais, os povos origin\u00e1rios e aprender tamb\u00e9m, ter essa humildade de aprender tamb\u00e9m para que de fato possa cumprir o seu papel e testemunhar Cristo.\u00a0Cristo que sofreu, Cristo que foi perseguido e assim tamb\u00e9m s\u00e3o os nossos povos e nossas comunidades\u201d.<\/p>\n<p style=\"text-align: justify;\">Finalmente, o bispo da diocese de Brejo, disse que \u201cprecisamos assumir cada vez mais, ouvindo o grito de tantos irm\u00e3os\u00a0e irm\u00e3s que ainda hoje s\u00e3o torturados, s\u00e3o marginalizados.\u00a0Precisamos dar esse passo no compromisso e fidelidade ao Evangelho de nosso Senhor Jesus Cristo\u201d.<\/p>\n<p>&nbsp;<\/p>\n<div id='gallery-1' class='gallery galleryid-991517 gallery-columns-3 gallery-size-thumbnail'><figure class='gallery-item'>\n\t\t\t<div class='gallery-icon landscape'>\n\t\t\t\t<a href='https:\/\/www.cnbb.org.br\/wp-content\/uploads\/2025\/11\/WhatsApp-Image-2025-11-15-at-21.46.26-6-1.jpeg' title=\"\" data-rl_title=\"\" class=\"rl-gallery-link\" data-rl_caption=\"\" data-rel=\"lightbox-gallery-1\"><img width=\"150\" height=\"150\" src=\"https:\/\/www.cnbb.org.br\/wp-content\/uploads\/2025\/11\/WhatsApp-Image-2025-11-15-at-21.46.26-6-1-150x150.jpeg\" class=\"attachment-thumbnail size-thumbnail\" alt=\"\" decoding=\"async\" loading=\"lazy\" srcset=\"https:\/\/www.cnbb.org.br\/wp-content\/uploads\/2025\/11\/WhatsApp-Image-2025-11-15-at-21.46.26-6-1-150x150.jpeg 150w, https:\/\/www.cnbb.org.br\/wp-content\/uploads\/2025\/11\/WhatsApp-Image-2025-11-15-at-21.46.26-6-1-800x800.jpeg 800w\" sizes=\"(max-width: 150px) 100vw, 150px\" \/><\/a>\n\t\t\t<\/div><\/figure><figure class='gallery-item'>\n\t\t\t<div class='gallery-icon landscape'>\n\t\t\t\t<a href='https:\/\/www.cnbb.org.br\/wp-content\/uploads\/2025\/11\/WhatsApp-Image-2025-11-15-at-21.46.26-7.jpeg' title=\"\" data-rl_title=\"\" class=\"rl-gallery-link\" data-rl_caption=\"\" data-rel=\"lightbox-gallery-1\"><img width=\"150\" height=\"150\" src=\"https:\/\/www.cnbb.org.br\/wp-content\/uploads\/2025\/11\/WhatsApp-Image-2025-11-15-at-21.46.26-7-150x150.jpeg\" class=\"attachment-thumbnail size-thumbnail\" alt=\"\" decoding=\"async\" loading=\"lazy\" srcset=\"https:\/\/www.cnbb.org.br\/wp-content\/uploads\/2025\/11\/WhatsApp-Image-2025-11-15-at-21.46.26-7-150x150.jpeg 150w, https:\/\/www.cnbb.org.br\/wp-content\/uploads\/2025\/11\/WhatsApp-Image-2025-11-15-at-21.46.26-7-800x800.jpeg 800w\" sizes=\"(max-width: 150px) 100vw, 150px\" \/><\/a>\n\t\t\t<\/div><\/figure><figure class='gallery-item'>\n\t\t\t<div class='gallery-icon landscape'>\n\t\t\t\t<a href='https:\/\/www.cnbb.org.br\/wp-content\/uploads\/2025\/11\/WhatsApp-Image-2025-11-15-at-21.46.26-5.jpeg' title=\"\" data-rl_title=\"\" class=\"rl-gallery-link\" data-rl_caption=\"\" data-rel=\"lightbox-gallery-1\"><img width=\"150\" height=\"150\" src=\"https:\/\/www.cnbb.org.br\/wp-content\/uploads\/2025\/11\/WhatsApp-Image-2025-11-15-at-21.46.26-5-150x150.jpeg\" class=\"attachment-thumbnail size-thumbnail\" alt=\"\" decoding=\"async\" loading=\"lazy\" srcset=\"https:\/\/www.cnbb.org.br\/wp-content\/uploads\/2025\/11\/WhatsApp-Image-2025-11-15-at-21.46.26-5-150x150.jpeg 150w, https:\/\/www.cnbb.org.br\/wp-content\/uploads\/2025\/11\/WhatsApp-Image-2025-11-15-at-21.46.26-5-800x800.jpeg 800w\" sizes=\"(max-width: 150px) 100vw, 150px\" \/><\/a>\n\t\t\t<\/div><\/figure>\n\t\t<\/div>\n\n<h3 style=\"text-align: justify;\">A voz de Raoni\u00a0Metuktire<\/h3>\n<p style=\"text-align: justify;\">A C\u00fapula dos Povos contou com a presen\u00e7a de uma das maiores lideran\u00e7as ind\u00edgenas do Brasil e do mundo, Raoni Metuktire. O ind\u00edgena do povo Kayap\u00f3, que foi recebido pelo Papa Francisco no Vaticano, pediu uni\u00e3o entre todos, fazendo um apelo pela \u201ccontinuidade para que possamos lutar contra aqueles que querem o mal neste universo, querem destruir esta terra\u201d. Diante das mudan\u00e7as clim\u00e1ticas, das guerras, ele pediu o respeito um pelo outro e poder viver em paz nessa terra. Junto com isso, o cacique Raoni pediu \u201cdar continuidade nessa miss\u00e3o de poder defender a vida\u201d.<\/p>\n<p style=\"text-align: justify;\">O cacique do povo Kayap\u00f3 chamou ao di\u00e1logo com as autoridades, com os estados, em vista de acabar com o desmatamento, o garimpo e a explora\u00e7\u00e3o da terra. Ele pediu prote\u00e7\u00e3o e cuidado para os povos ind\u00edgenas, sobretudo na \u00e1rea da sa\u00fade. Finalmente, Raoni refletiu sobre as consequ\u00eancias das mudan\u00e7as clim\u00e1ticas, advertindo sobre\u00a0o caos muito grande que pode acontecer \u201cse\u00a0n\u00e3o tivermos a consci\u00eancia de defender o que resta\u201d.<\/p>\n<h3 style=\"text-align: justify;\">Declara\u00e7\u00e3o da C\u00fapula e Carta das Inf\u00e2ncias<\/h3>\n<p style=\"text-align: justify;\">A C\u00fapula dos Povos elaborou uma declara\u00e7\u00e3o onde mostram sua disposi\u00e7\u00e3o para assumir \u201ca tarefa de construir um mundo justo e democr\u00e1tico, com bem viver para todas e todos\u201d, ressaltando que \u201csomos a unidade na diversidade\u201d.\u00a0O texto afirma que \u201cn\u00e3o h\u00e1 vida sem natureza. N\u00e3o h\u00e1 vida sem a \u00e9tica e o trabalho de cuidados\u201d. Para isso apostam nos\u00a0\u201cinterc\u00e2mbios de\u00a0conhecimentos e saberes, que constroem la\u00e7os de solidariedade\u201d.\u00a0Um texto que analisa a realidade atual em sete pontos para depois fazer 15 propostas. Para avan\u00e7ar nesse caminho, fizeram um chamado a unificar for\u00e7as mediante a organiza\u00e7\u00e3o dos povos.<\/p>\n<p style=\"text-align: justify;\">Tamb\u00e9m foi apresentada a Carta das Inf\u00e2ncias na C\u00fapulas dos povos, que se reuniram em Bel\u00e9m (PA) para conversar sobre o clima. O texto denuncia o aumento da temperatura e suas consequ\u00eancias na vida das crian\u00e7as. Elas afirmam que \u201cN\u00f3s somos\u00a0natureza, o planeta \u00e9 natureza. A natureza \u00e9 tudo!\u201d, e pedem \u201cum futuro bonito para viver\u201d. Para isso \u201cTemos que cuidar e proteger a AMAZ\u00d4NIA\u201d, destacam as crian\u00e7as, que fazem uma longa lista de propostas\u00a0e exig\u00eancias, dado que \u201cqueremos continuar vivos e vivas! Crescer num mundo bonito, num mundo que ainda respire. Com esperan\u00e7a e sem medo!\u201d<\/p>\n<h3 style=\"text-align: justify;\">Levar em conta a sociedade civil<\/h3>\n<p style=\"text-align: justify;\">Tanto a declara\u00e7\u00e3o como a carta foram apresentadas ao presidente da COP30, o embaixador Andr\u00e9 Corr\u00eaa do Lago, e ao Governo Federal do Brasil, representado pelas ministras S\u00f4nia Guajajara, Marina Silva e o ministro Guilherme Boulos. Corr\u00eaa de Lago recordou o recordou o pedido do presidente Lula\u00a0da\u00a0COP30\u00a0levar em conta a sociedade civil. Nesse sentido, ele destacou a import\u00e2ncia dos textos, que ser\u00e3o levados \u00e0 reuni\u00e3o de alto n\u00edvel onde s\u00e3o tomadas as decis\u00f5es.<\/p>\n<p style=\"text-align: justify;\">S\u00f4nia Guajajara insistiu em que\u00a0a democracia precisa da participa\u00e7\u00e3o do povo, que deve ser escutado. A ministra dos Povos Ind\u00edgenas definiu os participantes da c\u00fapula como \u201cos maiores guardi\u00e3es da vida, seja no territ\u00f3rio, seja nas periferias das grandes cidades, dos quilombos\u201d. Ela enfatizou a presen\u00e7a ind\u00edgena na Zona Azul, com mais de 900 representantes, que ajudam a mudar o foco das discuss\u00f5es.<\/p>\n<h3 style=\"text-align: justify;\">Mensagem do Presidente Lula<\/h3>\n<p style=\"text-align: justify;\">A ministra Marina Silva leu a mensagem do presidente Lula \u00e0 C\u00fapula dos Povos. Ele disse que \u201ca COP30\u00a0n\u00e3o seria vi\u00e1vel sem a participa\u00e7\u00e3o de voc\u00eas\u201d, ado que \u201co\u00a0combate \u00e0 mudan\u00e7a do clima precisa da mobiliza\u00e7\u00e3o e contribui\u00e7\u00e3o de toda a sociedade, n\u00e3o s\u00f3 dos governos. O entusiasmo e o engajamento de voc\u00eas s\u00e3o fundamentais para que possamos seguir nessa luta. Voc\u00eas s\u00e3o portadores da for\u00e7a e da legitimidade dos que almejam o melhor\u201d.<\/p>\n<p style=\"text-align: justify;\">O presidente do Brasil insistiu na urg\u00eancia da mudan\u00e7a e defendeu o\u00a0desenvolvimento sustent\u00e1vel, e \u201cum mundo em paz, mais solid\u00e1rio, menos desigual, livre da pobreza, da fome e da crise\u201d.\u00a0\u00c9 por isso que \u201cn\u00e3o podemos adiar as decis\u00f5es que est\u00e3o sendo debatidas h\u00e1 tantos anos\u201d.\u00a0Para isso, ele pediu \u201cmapas do caminho para que a humanidade, de forma justa e planejada, supere a depend\u00eancia dos combust\u00edveis f\u00f3sseis, pare e reverta o desmaiado e mobilize recursos\u201d. Da\u00ed que \u201cn\u00e3o podemos sair de Bel\u00e9m sem decis\u00f5es\u201d, o que faz com que as negocia\u00e7\u00f5es at\u00e9 o final da COP sejam fundamentais, um espa\u00e7o onde ele ir\u00e1 participar.<\/p>\n<h3 style=\"text-align: justify;\">Uma chave de esperan\u00e7a<\/h3>\n<p style=\"text-align: justify;\">Marina Silva relatou sua hist\u00f3ria de vida na Amaz\u00f4nia, marcada em sua inf\u00e2ncia pela pobreza e o trabalho semiescravo. A ministra relatou alguns elementos que fazem parte da atual realidade clim\u00e1tica\u00a0e os esfor\u00e7os do governo brasileiro para diminuir os inc\u00eandios e o desmatamento. Finalmente, ela fez um apelo ao envolvimento de todos no cuidado do meio ambiente, e disse ver a C\u00fapula dos Povos como \u201cuma chave de esperan\u00e7a\u201d.<\/p>\n<p style=\"text-align: justify;\">Guilherme Boulos mostrou sua alegria diante das Marcha dos Povos realizada no s\u00e1bado 15 de novembro, com a participa\u00e7\u00e3o de mais de 70.000 pessoas. Segundo o ministro da Secretaria Geral da Presid\u00eancia \u201cvoc\u00eas fizeram e est\u00e3o fazendo a diferen\u00e7a nessa COP\u201d.\u00a0Ele parabenizou a presidente da COP30 por ter ido escutar os apelos da C\u00fapula dos Povos. Boulos denunciou a responsabilidade das grandes corpora\u00e7\u00f5es e dos Pa\u00edses do Norte Global diante da atual realidade clim\u00e1tica.<\/p>\n<p>&nbsp;<\/p>\n<p>&nbsp;<\/p>\n<pre>Por Luis Miguel Modino | Regional Norte 1 | Fotos: Igreja Cat\u00f3lica na COP30<\/pre>\n","protected":false},"excerpt":{"rendered":"<p>A C\u00fapula dos Povos, o movimento mais importante em volta da COP30, encerrou suas atividades no domingo, 16 de novembro. Mais de 23 mil credenciados, de mais de 60 pa\u00edses, al\u00e9m de muitas pessoas que passaram nas diversas atividades realizadas na Universidade Federal do Par\u00e1 (UFPA). Dentre eles diversas pastorais,\u00a0movimentos\u00a0e organismos\u00a0da Igreja cat\u00f3lica<\/p>\n","protected":false},"author":141,"featured_media":991536,"comment_status":"closed","ping_status":"closed","sticky":false,"template":"","format":"standard","meta":{"site-sidebar-layout":"default","site-content-layout":"default","ast-global-header-display":"","ast-banner-title-visibility":"","ast-main-header-display":"","ast-hfb-above-header-display":"","ast-hfb-below-header-display":"","ast-hfb-mobile-header-display":"","site-post-title":"","ast-breadcrumbs-content":"","ast-featured-img":"","footer-sml-layout":"","theme-transparent-header-meta":"default","adv-header-id-meta":"","stick-header-meta":"","header-above-stick-meta":"","header-main-stick-meta":"","header-below-stick-meta":""},"categories":[1841,1851],"tags":[5317,6247],"acf":[],"_links":{"self":[{"href":"https:\/\/www.cnbb.org.br\/cnbb-app\/wp\/v2\/posts\/991517"}],"collection":[{"href":"https:\/\/www.cnbb.org.br\/cnbb-app\/wp\/v2\/posts"}],"about":[{"href":"https:\/\/www.cnbb.org.br\/cnbb-app\/wp\/v2\/types\/post"}],"author":[{"embeddable":true,"href":"https:\/\/www.cnbb.org.br\/cnbb-app\/wp\/v2\/users\/141"}],"replies":[{"embeddable":true,"href":"https:\/\/www.cnbb.org.br\/cnbb-app\/wp\/v2\/comments?post=991517"}],"version-history":[{"count":10,"href":"https:\/\/www.cnbb.org.br\/cnbb-app\/wp\/v2\/posts\/991517\/revisions"}],"predecessor-version":[{"id":991545,"href":"https:\/\/www.cnbb.org.br\/cnbb-app\/wp\/v2\/posts\/991517\/revisions\/991545"}],"wp:featuredmedia":[{"embeddable":true,"href":"https:\/\/www.cnbb.org.br\/cnbb-app\/wp\/v2\/media\/991536"}],"wp:attachment":[{"href":"https:\/\/www.cnbb.org.br\/cnbb-app\/wp\/v2\/media?parent=991517"}],"wp:term":[{"taxonomy":"category","embeddable":true,"href":"https:\/\/www.cnbb.org.br\/cnbb-app\/wp\/v2\/categories?post=991517"},{"taxonomy":"post_tag","embeddable":true,"href":"https:\/\/www.cnbb.org.br\/cnbb-app\/wp\/v2\/tags?post=991517"}],"curies":[{"name":"wp","href":"https:\/\/api.w.org\/{rel}","templated":true}]}}