{"id":9916,"date":"2010-06-01T00:00:00","date_gmt":"2010-06-01T03:00:00","guid":{"rendered":"https:\/\/www.cnbb.org.br\/dom-vilsom-basso-e-ordenado-bispo-de-caxias-do-maranhao\/"},"modified":"2010-06-01T00:00:00","modified_gmt":"2010-06-01T03:00:00","slug":"dom-vilsom-basso-e-ordenado-bispo-de-caxias-do-maranhao","status":"publish","type":"post","link":"https:\/\/www.cnbb.org.br\/dom-vilsom-basso-e-ordenado-bispo-de-caxias-do-maranhao\/","title":{"rendered":"Dom Vilsom Basso \u00e9 ordenado bispo de Caxias do Maranh\u00e3o"},"content":{"rendered":"<p style=\"text-align: justify\">Domingo, 30, em Cinquenten\u00e1rio (distrito municipal de Tuparendi, fronteira com a Argentina), aconteceu a ordena\u00e7\u00e3o episcopal de dom Vilsom Basso, para a diocese de Caxias do Maranh\u00e3o (MA). Dom Vilsom foi assessor nacional da juventude e estava atuando como mission\u00e1rio (p\u00e1roco e formador) nas Filipinas. A simplicidade da regi\u00e3o, a anima\u00e7\u00e3o, a alegria, o entusiasmo e a grande religiosidade do povo em suas comunidades foi o panorama para a ordena\u00e7\u00e3o episcopal presidida pelo arcebispo de Florian\u00f3polis (SC), dom Murilo Krieger.<\/p>\n<p><!--more--><\/p>\n<p style=\"text-align: justify\">Dom Murilo recordou a inf\u00e2ncia, as ra\u00edzes de f\u00e9 e o chamado de Deus, dizendo que o episcopado \u00e9 uma consequ\u00eancia deste chamado. &#8220;A ordena\u00e7\u00e3o \u00e9 um presente para a Igreja e sua solicitude pastoral \u00e9 o Cristo agindo por meio do bispo. Tamb\u00e9m \u00e9 um presente do esp\u00edrito mission\u00e1rio da Igreja de Santo \u00c2ngelo e um presente do Rio Grande do Sul para o Maranh\u00e3o\u201d.<\/p>\n<p style=\"text-align: justify\">Dom Jos\u00e9 Clemente Weber, bispo diocesano de Santo \u00c2ngelo (RS), em sua sauda\u00e7\u00e3o, destacou que dom Vilsom, mesmo sendo mission\u00e1rio em outras terras, nunca se esqueceu de suas ra\u00edzes e sua origem. Desejou que continuasse ligado a sua gente e a sua terra.<\/p>\n<p style=\"text-align: justify\">Um dos momentos mais emocionantes foi a fala do irm\u00e3o de dom Vilson, relatando as dificuldades da fam\u00edlia: \u201cnossos pais com simplicidade, trabalho duro na lavoura, a ora\u00e7\u00e3o em fam\u00edlia e em comunidade superaram tudo.\u201d<\/p>\n<p style=\"text-align: justify\">A celebra\u00e7\u00e3o contou com a presen\u00e7a de v\u00e1rios bispos da pr\u00f3pria Congrega\u00e7\u00e3o, no Maranh\u00e3o, como dom Xavier Gilles, bispo de Viana e presidente do regional Nordeste 5 da CNBB (Maranh\u00e3o) e dom Enem\u00e9sio Angelo Lazzaris, bispo de Balsas do Maranh\u00e3o, se fizeram presentes na ordena\u00e7\u00e3o.<\/p>\n","protected":false},"excerpt":{"rendered":"<p>Domingo, 30, em Cinquenten\u00e1rio (distrito municipal de Tuparendi, fronteira com a Argentina), aconteceu a ordena\u00e7\u00e3o episcopal de dom Vilsom Basso, para a diocese de Caxias do Maranh\u00e3o (MA). Dom Vilsom foi assessor nacional da juventude e estava atuando como mission\u00e1rio (p\u00e1roco e formador) nas Filipinas. A simplicidade da regi\u00e3o, a anima\u00e7\u00e3o, a alegria, o entusiasmo &hellip;<\/p>\n<p class=\"read-more\"> <a class=\"\" href=\"https:\/\/www.cnbb.org.br\/dom-vilsom-basso-e-ordenado-bispo-de-caxias-do-maranhao\/\"> <span class=\"screen-reader-text\">Dom Vilsom Basso \u00e9 ordenado bispo de Caxias do Maranh\u00e3o<\/span> Leia mais &raquo;<\/a><\/p>\n","protected":false},"author":83,"featured_media":9917,"comment_status":"open","ping_status":"open","sticky":false,"template":"","format":"standard","meta":{"site-sidebar-layout":"default","site-content-layout":"default","ast-global-header-display":"","ast-banner-title-visibility":"","ast-main-header-display":"","ast-hfb-above-header-display":"","ast-hfb-below-header-display":"","ast-hfb-mobile-header-display":"","site-post-title":"","ast-breadcrumbs-content":"","ast-featured-img":"","footer-sml-layout":"","theme-transparent-header-meta":"","adv-header-id-meta":"","stick-header-meta":"","header-above-stick-meta":"","header-main-stick-meta":"","header-below-stick-meta":""},"categories":[798],"tags":[],"acf":[],"_links":{"self":[{"href":"https:\/\/www.cnbb.org.br\/cnbb-app\/wp\/v2\/posts\/9916"}],"collection":[{"href":"https:\/\/www.cnbb.org.br\/cnbb-app\/wp\/v2\/posts"}],"about":[{"href":"https:\/\/www.cnbb.org.br\/cnbb-app\/wp\/v2\/types\/post"}],"author":[{"embeddable":true,"href":"https:\/\/www.cnbb.org.br\/cnbb-app\/wp\/v2\/users\/83"}],"replies":[{"embeddable":true,"href":"https:\/\/www.cnbb.org.br\/cnbb-app\/wp\/v2\/comments?post=9916"}],"version-history":[{"count":0,"href":"https:\/\/www.cnbb.org.br\/cnbb-app\/wp\/v2\/posts\/9916\/revisions"}],"wp:featuredmedia":[{"embeddable":true,"href":"https:\/\/www.cnbb.org.br\/cnbb-app\/wp\/v2\/media\/9917"}],"wp:attachment":[{"href":"https:\/\/www.cnbb.org.br\/cnbb-app\/wp\/v2\/media?parent=9916"}],"wp:term":[{"taxonomy":"category","embeddable":true,"href":"https:\/\/www.cnbb.org.br\/cnbb-app\/wp\/v2\/categories?post=9916"},{"taxonomy":"post_tag","embeddable":true,"href":"https:\/\/www.cnbb.org.br\/cnbb-app\/wp\/v2\/tags?post=9916"}],"curies":[{"name":"wp","href":"https:\/\/api.w.org\/{rel}","templated":true}]}}