{"id":991947,"date":"2025-11-24T10:33:15","date_gmt":"2025-11-24T13:33:15","guid":{"rendered":"https:\/\/www.cnbb.org.br\/?p=991947"},"modified":"2025-11-24T10:33:59","modified_gmt":"2025-11-24T13:33:59","slug":"o-dom-de-louvar-e-agradecer","status":"publish","type":"post","link":"https:\/\/www.cnbb.org.br\/o-dom-de-louvar-e-agradecer\/","title":{"rendered":"O dom de louvar e agradecer!\u00a0"},"content":{"rendered":"<p style=\"text-align: right;\"><strong>Dom Roberto Francisco Ferreria Paz\u00a0<\/strong><br \/>\n<strong>Bispo de Campos (RJ)<\/strong><\/p>\n<p>&nbsp;<\/p>\n<p style=\"text-align: justify;\"><span data-ccp-props=\"{&quot;201341983&quot;:0,&quot;335551550&quot;:2,&quot;335551620&quot;:2,&quot;335559739&quot;:0,&quot;335559740&quot;:240}\">\u00a0<\/span><\/p>\n<p style=\"text-align: justify;\"><span data-contrast=\"none\">Na quarta quinta feira de novembro como data m\u00f3vel comemora-se no Brasil desde 17\/08\/1949, institu\u00eddo pelo Presidente Eurico Gaspar Dutra na lei n\u00ba781, o Dia Nacional de A\u00e7\u00e3o de Gra\u00e7as. Efem\u00e9ride civil que tr\u00e1s a mem\u00f3ria as festas das colheitas e dos primeiros frutos, que gerava nos povos um sentimento de gratid\u00e3o e reconhecimento da bondade de Deus.\u00a0<\/span><span data-ccp-props=\"{&quot;201341983&quot;:0,&quot;335551550&quot;:6,&quot;335551620&quot;:6,&quot;335559739&quot;:0,&quot;335559740&quot;:240}\">\u00a0<\/span><\/p>\n<p style=\"text-align: justify;\"><span data-contrast=\"none\">Sua origem mais pr\u00f3xima se encontra no ano 1621 em Massachusetts quando colonos crist\u00e3os ofereceram aos \u00edndios da tribo Wampanoag frutos da sua primeira colheita em sinal de amizade e confraterniza\u00e7\u00e3o.\u00a0<\/span><span data-ccp-props=\"{&quot;201341983&quot;:0,&quot;335551550&quot;:6,&quot;335551620&quot;:6,&quot;335559739&quot;:0,&quot;335559740&quot;:240}\">\u00a0<\/span><\/p>\n<p style=\"text-align: justify;\"><span data-contrast=\"none\">Aqui no Brasil foi inspirada por Joaquim Nabuco embaixador do Brasil, quem referindo-se a cultura de paz e conc\u00f3rdia transmitida por esta festa expressou entusiasmado: \u201cQuisera que toda a humanidade se unisse num mesmo dia, para um universal agradecimento a Deus\u201d.\u00a0<\/span><span data-ccp-props=\"{&quot;201341983&quot;:0,&quot;335551550&quot;:6,&quot;335551620&quot;:6,&quot;335559739&quot;:0,&quot;335559740&quot;:240}\">\u00a0<\/span><\/p>\n<p style=\"text-align: justify;\"><span data-contrast=\"none\">A cultura da d\u00e1diva que se verifica na troca espont\u00e2nea de presentes\u202f entre pessoas, grupos e os povos e na\u00e7\u00f5es ,eleva sempre a generosidade e magnanimidade cuja fonte \u00e9 o pr\u00f3prio Pai. Precisamos muito de resgatar e testemunhar a nob\u00edlissima virtude da gratid\u00e3o, do maravilhamento diante da presen\u00e7a e cuidado do Deus das miserc\u00f3rdias.\u00a0<\/span><span data-ccp-props=\"{&quot;201341983&quot;:0,&quot;335551550&quot;:6,&quot;335551620&quot;:6,&quot;335559739&quot;:0,&quot;335559740&quot;:240}\">\u00a0<\/span><\/p>\n<p style=\"text-align: justify;\"><span data-contrast=\"none\">A gratuidade e a confian\u00e7a que resultam da entrega filial ao Pai transforma-nos em instrumentos de reconcilia\u00e7\u00e3o, de perd\u00e3o e repara\u00e7\u00e3o como foram no seu tempo Francisco de Assis, Charles de Foucauld, e para os jovens de hoje a figura singela de Carlo Acutis.\u00a0<\/span><span data-ccp-props=\"{&quot;201341983&quot;:0,&quot;335551550&quot;:6,&quot;335551620&quot;:6,&quot;335559739&quot;:0,&quot;335559740&quot;:240}\">\u00a0<\/span><\/p>\n<p style=\"text-align: justify;\"><span data-contrast=\"none\">A paz \u00e9 constru\u00edda e edificada pela gentileza empatia e cortesia de pessoas que por sua gratid\u00e3o e generosidade tornam o mundo mais habit\u00e1vel e confiante. A corrente do bem, do altru\u00edsmo n\u00e3o tem tanta visibilidade como seus opostos, mas causam certamente um impacto bem mais profundo pois nos devolvem a esperan\u00e7a na humanidade e a levantar com alegria e inusitada candura nossos bra\u00e7os ao Pai para voltar a viver aqui na Terra a fraternidade, a ternura e amabilidade frutos da gratid\u00e3o e filia\u00e7\u00e3o divina.\u00a0<\/span><span data-ccp-props=\"{&quot;201341983&quot;:0,&quot;335551550&quot;:6,&quot;335551620&quot;:6,&quot;335559739&quot;:0,&quot;335559740&quot;:240}\">\u00a0<\/span><\/p>\n<p style=\"text-align: justify;\"><span data-contrast=\"none\">Que Maria nossa querida M\u00e3e nos ensine a alegria do louvor perfeito de tornar-se sempre dom para os outros. Que Deus seja louvado!<\/span><span data-ccp-props=\"{&quot;201341983&quot;:0,&quot;335551550&quot;:6,&quot;335551620&quot;:6,&quot;335559739&quot;:0,&quot;335559740&quot;:240}\">\u00a0<\/span><\/p>\n<p style=\"text-align: justify;\">\n<span data-ccp-props=\"{&quot;201341983&quot;:0,&quot;335559739&quot;:240,&quot;335559740&quot;:240}\">\u00a0<\/span><\/p>\n<p>&nbsp;<\/p>\n","protected":false},"excerpt":{"rendered":"<p>Dom Roberto Francisco Ferreria Paz\u00a0 Bispo de Campos (RJ) &nbsp; \u00a0 Na quarta quinta feira de novembro como data m\u00f3vel comemora-se no Brasil desde 17\/08\/1949, institu\u00eddo pelo Presidente Eurico Gaspar Dutra na lei n\u00ba781, o Dia Nacional de A\u00e7\u00e3o de Gra\u00e7as. Efem\u00e9ride civil que tr\u00e1s a mem\u00f3ria as festas das colheitas e dos primeiros frutos, &hellip;<\/p>\n<p class=\"read-more\"> <a class=\"\" href=\"https:\/\/www.cnbb.org.br\/o-dom-de-louvar-e-agradecer\/\"> <span class=\"screen-reader-text\">O dom de louvar e agradecer!\u00a0<\/span> Leia mais &raquo;<\/a><\/p>\n","protected":false},"author":23,"featured_media":0,"comment_status":"closed","ping_status":"closed","sticky":false,"template":"","format":"standard","meta":{"site-sidebar-layout":"default","site-content-layout":"default","ast-global-header-display":"","ast-banner-title-visibility":"","ast-main-header-display":"","ast-hfb-above-header-display":"","ast-hfb-below-header-display":"","ast-hfb-mobile-header-display":"","site-post-title":"","ast-breadcrumbs-content":"","ast-featured-img":"","footer-sml-layout":"","theme-transparent-header-meta":"default","adv-header-id-meta":"","stick-header-meta":"","header-above-stick-meta":"","header-main-stick-meta":"","header-below-stick-meta":""},"categories":[758],"tags":[],"acf":[],"_links":{"self":[{"href":"https:\/\/www.cnbb.org.br\/cnbb-app\/wp\/v2\/posts\/991947"}],"collection":[{"href":"https:\/\/www.cnbb.org.br\/cnbb-app\/wp\/v2\/posts"}],"about":[{"href":"https:\/\/www.cnbb.org.br\/cnbb-app\/wp\/v2\/types\/post"}],"author":[{"embeddable":true,"href":"https:\/\/www.cnbb.org.br\/cnbb-app\/wp\/v2\/users\/23"}],"replies":[{"embeddable":true,"href":"https:\/\/www.cnbb.org.br\/cnbb-app\/wp\/v2\/comments?post=991947"}],"version-history":[{"count":2,"href":"https:\/\/www.cnbb.org.br\/cnbb-app\/wp\/v2\/posts\/991947\/revisions"}],"predecessor-version":[{"id":991949,"href":"https:\/\/www.cnbb.org.br\/cnbb-app\/wp\/v2\/posts\/991947\/revisions\/991949"}],"wp:attachment":[{"href":"https:\/\/www.cnbb.org.br\/cnbb-app\/wp\/v2\/media?parent=991947"}],"wp:term":[{"taxonomy":"category","embeddable":true,"href":"https:\/\/www.cnbb.org.br\/cnbb-app\/wp\/v2\/categories?post=991947"},{"taxonomy":"post_tag","embeddable":true,"href":"https:\/\/www.cnbb.org.br\/cnbb-app\/wp\/v2\/tags?post=991947"}],"curies":[{"name":"wp","href":"https:\/\/api.w.org\/{rel}","templated":true}]}}