{"id":9920,"date":"2010-07-02T00:00:00","date_gmt":"2010-07-02T03:00:00","guid":{"rendered":"https:\/\/www.cnbb.org.br\/unidos-a-dom-wilson\/"},"modified":"2010-07-02T00:00:00","modified_gmt":"2010-07-02T03:00:00","slug":"unidos-a-dom-wilson","status":"publish","type":"post","link":"https:\/\/www.cnbb.org.br\/unidos-a-dom-wilson\/","title":{"rendered":"Unidos a dom Wilson"},"content":{"rendered":"<p style=\"text-align: justify\">No pr\u00f3ximo dia 07 de julho, \u00e0s 20 horas, na Igreja Matriz da Par\u00f3quia S\u00e3o Francisco Xavier, D. Wilson Tadeu Jonck preside a Eucaristia agradecendo a Deus pela sua miss\u00e3o realizada aqui em nossa Arquidiocese de S\u00e3o Sebasti\u00e3o do Rio de Janeiro. Como todos sabem, no dia 26 de maio ele foi nomeado para a Diocese de Tubar\u00e3o, em Santa Catarina. Essa Diocese foi criada em 1954 e abrange 4.438 Km\u00b2, e tem 27 par\u00f3quias em 18 munic\u00edpios. D. Wilson retorna assim ao seu estado natal, depois de quase sete anos trabalhando entre n\u00f3s. Ele nasceu em Vidal Ramos, estado de Santa Catarina, em 1951.<\/p>\n<p><!--more--><\/p>\n<p style=\"text-align: justify\">Ele aqui trabalhou com empenho e fez grandes amizades que, \u00e9 claro, continuar\u00e3o e ser\u00e3o sempre aprofundadas, mesmo depois de assumir sua nossa miss\u00e3o. A sua posse como quinto bispo da Diocese de Tubar\u00e3o, marcada para o dia 18 de julho, \u00e0s 15 horas, na Catedral de Nossa Senhora da Piedade, dever\u00e1, com certeza, contar com um grande n\u00famero de cariocas presentes.<\/p>\n<p style=\"text-align: justify\">Convido todo o clero, seminaristas, religiosos e religiosas, crist\u00e3os leigos e leigas de nossa Arquidiocese para participarem da Missa na pr\u00f3xima quarta-feira, dia 07 de julho. Tenho certeza de que todos n\u00f3s que somos Igreja temos consci\u00eancia da import\u00e2ncia de um gesto como esse \u2013 agradecer faz parte de nossa vida crist\u00e3, reconhecendo os dons de Deus em nossas vidas e louvando-O pelas Suas manifesta\u00e7\u00f5es atrav\u00e9s das pessoas.<\/p>\n<p style=\"text-align: justify\">Os testemunhos que tenho ouvido nestes dias, ap\u00f3s o an\u00fancio da transfer\u00eancia de D. Wilson, s\u00e3o muitos e reconhecidos. Ele tem se despedido das muitas atividades e das pessoas aqui no Rio de Janeiro em celebra\u00e7\u00f5es e reuni\u00f5es. Todos querem dizer-lhe o seu \u201cmuito obrigado\u201d. Por isso, \u00e9 muito importante que, agora todos os grupos que t\u00eam esse cora\u00e7\u00e3o agradecido, juntamente com todo o povo de Deus de nossa Arquidiocese e tamb\u00e9m do nosso Regional Leste 1, estejamos unidos na missa de a\u00e7\u00e3o de gra\u00e7as pela sua presen\u00e7a entre n\u00f3s nestes anos de servi\u00e7o. Al\u00e9m das anima\u00e7\u00f5es dos vicariatos, da vida religiosa, novas comunidades, miss\u00f5es. De maneira especial, eu agrade\u00e7o a sua presen\u00e7a na pastoral vocacional e em nossos Semin\u00e1rios, pois, com sua capacidade intelectual e forma\u00e7\u00e3o em Psicologia, a vida de f\u00e9 e de ora\u00e7\u00e3o e constante presen\u00e7a com a equipe de formadores foi um esteio junto aos nossos semin\u00e1rios.<\/p>\n<p style=\"text-align: justify\">O Sagrado Cora\u00e7\u00e3o de Jesus manifestar\u00e1 na vida de D. Wilson o amor de Deus que inspirou o seu lema episcopal: \u201cAmar \u00e9 dar a vida\u201d! Ele tem certeza de que, amigos e irm\u00e3os que somos, o Senhor, pela a\u00e7\u00e3o do seu Esp\u00edrito Santo, o iluminar\u00e1 em sua vida, miss\u00e3o, pastoral, decis\u00f5es que enfrentar\u00e1 nos tempos vindouros.<\/p>\n<p style=\"text-align: justify\">A experi\u00eancia adquirida aqui na capital fluminense, unida \u00e0 sua grande experi\u00eancia como padre e religioso, ajudar\u00e1 na caminhada em uma regi\u00e3o onde noventa por centro da popula\u00e7\u00e3o se declara cat\u00f3lica. Deus o acompanhar\u00e1 e o fortalecer\u00e1!<\/p>\n<p style=\"text-align: justify\">Eu estarei junto com D. Wilson neste pr\u00f3ximo dia 07 de julho, agradecendo a Deus pela sua miss\u00e3o aqui entre n\u00f3s, pois neste ano em que passamos juntos nesta miss\u00e3o pude experimentar a sua responsabilidade, sua vida de ora\u00e7\u00e3o, seu servi\u00e7o incans\u00e1vel nos trabalhos a ele confiados em nossa Arquidiocese, na fraternidade e unidade na conviv\u00eancia di\u00e1ria manifestado sempre com o bom humor sobre os acontecimentos, a partilha das preocupa\u00e7\u00f5es e procura sincera de solu\u00e7\u00f5es das quest\u00f5es que sempre surgem em uma grande Arquidiocese como a nossa.<\/p>\n<p style=\"text-align: justify\">Desta forma, eu fa\u00e7o com veem\u00eancia este convite a todos os nossos caros arquidiocesanos: vamos juntos com D. Wilson agradecer a Deus pela sua vida (aniversaria no dia 10 de julho), pela sua miss\u00e3o (nomeado bispo dia 11 de junho) e agora nomeado para Tubar\u00e3o (posse no dia 18 de julho). Ser\u00e1 uma oportunidade de dizer-lhe o quanto reconhecemos a sua miss\u00e3o e sua presen\u00e7a aqui entre n\u00f3s e pedir a Deus por ele e sua Diocese de Tubar\u00e3o. O s\u00e9timo anivers\u00e1rio de sua ordena\u00e7\u00e3o episcopal, dia 16 de agosto (em Jaragu\u00e1 do Sul, SC), j\u00e1 ser\u00e1 comemorado como Bispo Diocesano de Tubar\u00e3o.<\/p>\n<p style=\"text-align: justify\">Confiando no Senhor da Hist\u00f3ria, que nos conduz, abra\u00e7o esse nosso querido irm\u00e3o no episcopado, agrade\u00e7o a Deus pela sua vida e miss\u00e3o, e confio-o ao Senhor para que Ele continue guardando-o \u201cna palma de Sua m\u00e3o\u201d.<\/p>\n<h4 style=\"text-align: justify\">Dom\u00a0 Orani Jo\u00e3o Tempesta<\/h4>\n","protected":false},"excerpt":{"rendered":"<p>No pr\u00f3ximo dia 07 de julho, \u00e0s 20 horas, na Igreja Matriz da Par\u00f3quia S\u00e3o Francisco Xavier, D. Wilson Tadeu Jonck preside a Eucaristia agradecendo a Deus pela sua miss\u00e3o realizada aqui em nossa Arquidiocese de S\u00e3o Sebasti\u00e3o do Rio de Janeiro. Como todos sabem, no dia 26 de maio ele foi nomeado para a &hellip;<\/p>\n<p class=\"read-more\"> <a class=\"\" href=\"https:\/\/www.cnbb.org.br\/unidos-a-dom-wilson\/\"> <span class=\"screen-reader-text\">Unidos a dom Wilson<\/span> Leia mais &raquo;<\/a><\/p>\n","protected":false},"author":83,"featured_media":0,"comment_status":"open","ping_status":"open","sticky":false,"template":"","format":"standard","meta":{"site-sidebar-layout":"default","site-content-layout":"default","ast-global-header-display":"","ast-banner-title-visibility":"","ast-main-header-display":"","ast-hfb-above-header-display":"","ast-hfb-below-header-display":"","ast-hfb-mobile-header-display":"","site-post-title":"","ast-breadcrumbs-content":"","ast-featured-img":"","footer-sml-layout":"","theme-transparent-header-meta":"","adv-header-id-meta":"","stick-header-meta":"","header-above-stick-meta":"","header-main-stick-meta":"","header-below-stick-meta":""},"categories":[798],"tags":[],"acf":[],"_links":{"self":[{"href":"https:\/\/www.cnbb.org.br\/cnbb-app\/wp\/v2\/posts\/9920"}],"collection":[{"href":"https:\/\/www.cnbb.org.br\/cnbb-app\/wp\/v2\/posts"}],"about":[{"href":"https:\/\/www.cnbb.org.br\/cnbb-app\/wp\/v2\/types\/post"}],"author":[{"embeddable":true,"href":"https:\/\/www.cnbb.org.br\/cnbb-app\/wp\/v2\/users\/83"}],"replies":[{"embeddable":true,"href":"https:\/\/www.cnbb.org.br\/cnbb-app\/wp\/v2\/comments?post=9920"}],"version-history":[{"count":0,"href":"https:\/\/www.cnbb.org.br\/cnbb-app\/wp\/v2\/posts\/9920\/revisions"}],"wp:attachment":[{"href":"https:\/\/www.cnbb.org.br\/cnbb-app\/wp\/v2\/media?parent=9920"}],"wp:term":[{"taxonomy":"category","embeddable":true,"href":"https:\/\/www.cnbb.org.br\/cnbb-app\/wp\/v2\/categories?post=9920"},{"taxonomy":"post_tag","embeddable":true,"href":"https:\/\/www.cnbb.org.br\/cnbb-app\/wp\/v2\/tags?post=9920"}],"curies":[{"name":"wp","href":"https:\/\/api.w.org\/{rel}","templated":true}]}}