{"id":992017,"date":"2025-11-25T10:12:20","date_gmt":"2025-11-25T13:12:20","guid":{"rendered":"https:\/\/www.cnbb.org.br\/?p=992017"},"modified":"2025-11-25T10:12:45","modified_gmt":"2025-11-25T13:12:45","slug":"revesti-vos-do-senhor-jesus-cristo-rm-1314","status":"publish","type":"post","link":"https:\/\/www.cnbb.org.br\/revesti-vos-do-senhor-jesus-cristo-rm-1314\/","title":{"rendered":"\u201cRevesti-vos do Senhor Jesus Cristo.\u201d (Rm 13,14)"},"content":{"rendered":"<div class=\"x_elementToProof\" style=\"text-align: justify;\" data-olk-copy-source=\"MessageBody\">\n<div class=\"x_elementToProof\" style=\"text-align: right;\"><strong>Dom Carlos Jos\u00e9<\/strong><\/div>\n<div class=\"x_elementToProof\" style=\"text-align: right;\"><strong>Bispo de Apucarana (PR)<\/strong><\/div>\n<p>\u201cRevesti-vos do Senhor Jesus Cristo.\u201d (Rm 13,14).<\/p><\/div>\n<div class=\"x_elementToProof\" style=\"text-align: justify;\"><\/div>\n<div class=\"x_elementToProof\" style=\"text-align: justify;\">O primeiro Natal foi precedido por um longo tempo de espera!<\/p>\n<\/div>\n<div class=\"x_elementToProof\" style=\"text-align: justify;\">A vinda do Filho de Deus \u00e0 terra \u00e9 um acontecimento de tal grandeza que Deus quis prepar\u00e1-lo durante s\u00e9culos.<\/p>\n<\/div>\n<div class=\"x_elementToProof\" style=\"text-align: justify;\">Sacrif\u00edcios, ritos e s\u00edmbolos da \u2018Primeira Alian\u00e7a\u2019, tudo o Criador fez convergir para Cristo.\u00a0 Anunciado por s\u00e9culos pela boca dos profetas, a vinda do Messias desperta nos cora\u00e7\u00f5es dos pag\u00e3os uma grande expectativa.<\/p>\n<\/div>\n<div class=\"x_elementToProof\" style=\"text-align: justify;\">Jo\u00e3o Batista, o Profeta do Alt\u00edssimo, \u00e9 o precursor imediato do Senhor.<\/p>\n<\/div>\n<div class=\"x_elementToProof\" style=\"text-align: justify;\">Ele, Jo\u00e3o, que sa\u00fada a vinda do Cristo desde o ventre de sua m\u00e3e, inaugura o Evangelho, dando testemunho fidedigno Daquele que \u00c9, que veio e que vir\u00e1.<\/p>\n<\/div>\n<div class=\"x_elementToProof\" style=\"text-align: justify;\">A Igreja de Cristo, sabiamente guiada pelo Esp\u00edrito Santo, ao celebrar a Liturgia do Advento a cada ano, atualiza esta espera do Messias para que n\u00e3o nos esque\u00e7amos que Ele saiu do Pai e desceu \u00e0 terra para viver entre os homens e mulheres do mundo.<\/p>\n<\/div>\n<div class=\"x_elementToProof\" style=\"text-align: justify;\">Ser\u00e1 que paramos para compreender a grandeza dessa verdade?<\/p>\n<\/div>\n<div class=\"x_elementToProof\" style=\"text-align: justify;\">Jesus, que \u00e9 Deus, se faz homem, assume a carne humana, sujeitando-se a tudo que implica \u2018ser humano\u2019, convivendo com todas as dificuldades da \u00e9poca, que hoje para n\u00f3s s\u00e3o inimagin\u00e1veis, pois, vivemos num mundo cheio de regalias e facilidades, tendo tudo ao alcance das m\u00e3os, dos olhos e dos sentidos.<\/p>\n<\/div>\n<div class=\"x_elementToProof\" style=\"text-align: justify;\">Ao olharmos ao redor j\u00e1 vemos tudo enfeitado para o Natal e, o nosso interior, como est\u00e1?<\/div>\n<div class=\"x_elementToProof\" style=\"text-align: justify;\">Com o que estamos preocupados, como estamos preparando nosso cora\u00e7\u00e3o, nosso \u00edntimo, nossa casa e nossa fam\u00edlia para vivermos de verdade e com verdade o Santo Natal?<\/p>\n<\/div>\n<div class=\"x_elementToProof\" style=\"text-align: justify;\">Se Jesus viesse para cear conosco no dia 25, estar\u00edamos prontos para receb\u00ea-Lo?\u00a0 Ser\u00e1 que O reconhecer\u00edamos?<\/p>\n<\/div>\n<div class=\"x_elementToProof\" style=\"text-align: justify;\">A espiritualidade do Advento deve ser vivida como um tempo de prepara\u00e7\u00e3o, de espera, ora\u00e7\u00e3o, convers\u00e3o e caridade, para que estejamos \u201crevestidos de Cristo\u201d, ou seja, que Ele seja em n\u00f3s, para que sejamos Dele, como novas criaturas.<\/p>\n<\/div>\n<div class=\"x_elementToProof\" style=\"text-align: justify;\">N\u00e3o fomos feitos para este mundo, isso tudo \u00e9 passageiro, somos chamados agora, hoje, a retomarmos o caminho da f\u00e9 em Deus Pai Todo-Poderoso.<\/p>\n<\/div>\n<div class=\"x_elementToProof\" style=\"text-align: justify;\">Esperar pela solenidade do Natal para celebrar com alegria \u00e9 crer que verdadeiramente Jesus nasceu para nossa salva\u00e7\u00e3o.<\/p>\n<\/div>\n<div class=\"x_elementToProof\" style=\"text-align: justify;\">Esperar Jesus no Natal \u00e9 reconhecer que Ele \u00e9 o maior presente que poder\u00edamos receber de Deus.<\/div>\n<div class=\"x_elementToProof\" style=\"text-align: justify;\">J\u00e1 a ora\u00e7\u00e3o pessoal, em fam\u00edlia e em comunidade com a participa\u00e7\u00e3o na Novena do Natal \u00e9 viver a experi\u00eancia da partilha e da renova\u00e7\u00e3o dos dons do Esp\u00edrito Santo e crescer na f\u00e9, aprendendo com os irm\u00e3os e ensinando ao mesmo tempo.<\/p>\n<\/div>\n<div class=\"x_elementToProof\" style=\"text-align: justify;\">Preparar-se para o Natal tamb\u00e9m significa fazer um exame de consci\u00eancia e reconciliar-se com o Senhor; para isso, nada mais salutar que procurar o sacramento da reconcilia\u00e7\u00e3o consigo mesmo, com os irm\u00e3os e com Cristo, nosso Senhor.<\/p>\n<\/div>\n<div class=\"x_elementToProof\" style=\"text-align: justify;\">Um cora\u00e7\u00e3o livre ter\u00e1 mais espa\u00e7o para Jesus fazer morada.<\/p>\n<\/div>\n<div class=\"x_elementToProof\" style=\"text-align: justify;\">E, a caridade natalina tamb\u00e9m \u00e9 fruto de um tempo de Advento bem vivido.<\/p>\n<\/div>\n<div class=\"x_elementToProof\" style=\"text-align: justify;\">Tantos tem tanta fartura \u00e0 mesa durante a ceia e reuni\u00f5es e outros, quase nada. Partilhar o que se tem, agrada a Cristo e faz bem a quem doa.<\/p>\n<\/div>\n<div class=\"x_elementToProof\" style=\"text-align: justify;\">O caminho do Tempo do Advento \u00e9 breve, os dias passam ligeiro. N\u00e3o deixemos para depois o nosso encontro com o Salvador.<\/p>\n<\/div>\n<div class=\"x_elementToProof\" style=\"text-align: justify;\">Ele j\u00e1 nasceu, \u00e9 fato.<\/p>\n<\/div>\n<div class=\"x_elementToProof\" style=\"text-align: justify;\">Mas deseja ardentemente fixar morada em nosso cora\u00e7\u00e3o.\u00a0 Que seja agora, neste Natal.<\/p>\n<\/div>\n<div class=\"x_elementToProof\" style=\"text-align: justify;\">Um frutuoso Tempo de Advento a todos, sob o olhar protetor da M\u00e3e de Jesus, a Doce e sempre Virgem Maria!<\/div>\n<div class=\"x_elementToProof\" style=\"text-align: justify;\"><\/div>\n<div class=\"x_elementToProof\" style=\"text-align: justify;\"><\/div>\n","protected":false},"excerpt":{"rendered":"<p>Dom Carlos Jos\u00e9 Bispo de Apucarana (PR) \u201cRevesti-vos do Senhor Jesus Cristo.\u201d (Rm 13,14). O primeiro Natal foi precedido por um longo tempo de espera! A vinda do Filho de Deus \u00e0 terra \u00e9 um acontecimento de tal grandeza que Deus quis prepar\u00e1-lo durante s\u00e9culos. Sacrif\u00edcios, ritos e s\u00edmbolos da \u2018Primeira Alian\u00e7a\u2019, tudo o Criador &hellip;<\/p>\n<p class=\"read-more\"> <a class=\"\" href=\"https:\/\/www.cnbb.org.br\/revesti-vos-do-senhor-jesus-cristo-rm-1314\/\"> <span class=\"screen-reader-text\">\u201cRevesti-vos do Senhor Jesus Cristo.\u201d (Rm 13,14)<\/span> Leia mais &raquo;<\/a><\/p>\n","protected":false},"author":101,"featured_media":0,"comment_status":"closed","ping_status":"closed","sticky":false,"template":"","format":"standard","meta":{"site-sidebar-layout":"default","site-content-layout":"default","ast-global-header-display":"","ast-banner-title-visibility":"","ast-main-header-display":"","ast-hfb-above-header-display":"","ast-hfb-below-header-display":"","ast-hfb-mobile-header-display":"","site-post-title":"","ast-breadcrumbs-content":"","ast-featured-img":"","footer-sml-layout":"","theme-transparent-header-meta":"default","adv-header-id-meta":"","stick-header-meta":"","header-above-stick-meta":"","header-main-stick-meta":"","header-below-stick-meta":""},"categories":[758],"tags":[],"acf":[],"_links":{"self":[{"href":"https:\/\/www.cnbb.org.br\/cnbb-app\/wp\/v2\/posts\/992017"}],"collection":[{"href":"https:\/\/www.cnbb.org.br\/cnbb-app\/wp\/v2\/posts"}],"about":[{"href":"https:\/\/www.cnbb.org.br\/cnbb-app\/wp\/v2\/types\/post"}],"author":[{"embeddable":true,"href":"https:\/\/www.cnbb.org.br\/cnbb-app\/wp\/v2\/users\/101"}],"replies":[{"embeddable":true,"href":"https:\/\/www.cnbb.org.br\/cnbb-app\/wp\/v2\/comments?post=992017"}],"version-history":[{"count":2,"href":"https:\/\/www.cnbb.org.br\/cnbb-app\/wp\/v2\/posts\/992017\/revisions"}],"predecessor-version":[{"id":992019,"href":"https:\/\/www.cnbb.org.br\/cnbb-app\/wp\/v2\/posts\/992017\/revisions\/992019"}],"wp:attachment":[{"href":"https:\/\/www.cnbb.org.br\/cnbb-app\/wp\/v2\/media?parent=992017"}],"wp:term":[{"taxonomy":"category","embeddable":true,"href":"https:\/\/www.cnbb.org.br\/cnbb-app\/wp\/v2\/categories?post=992017"},{"taxonomy":"post_tag","embeddable":true,"href":"https:\/\/www.cnbb.org.br\/cnbb-app\/wp\/v2\/tags?post=992017"}],"curies":[{"name":"wp","href":"https:\/\/api.w.org\/{rel}","templated":true}]}}