{"id":992069,"date":"2025-11-26T16:49:19","date_gmt":"2025-11-26T19:49:19","guid":{"rendered":"https:\/\/www.cnbb.org.br\/?p=992069"},"modified":"2025-11-27T09:45:34","modified_gmt":"2025-11-27T12:45:34","slug":"setor-espaco-liturgico-realiza-ultima-live-de-aprofundamento-sobre-a-importancia-da-arte-e-da-arquitetura-sacra-da-igreja","status":"publish","type":"post","link":"https:\/\/www.cnbb.org.br\/setor-espaco-liturgico-realiza-ultima-live-de-aprofundamento-sobre-a-importancia-da-arte-e-da-arquitetura-sacra-da-igreja\/","title":{"rendered":"Setor Espa\u00e7o Lit\u00fargico realiza \u00faltima live de aprofundamento sobre a import\u00e2ncia da arte e da arquitetura sacra da Igreja"},"content":{"rendered":"<p style=\"text-align: justify;\">Na pr\u00f3xima quinta-feira, 27 de novembro, o Setor Espa\u00e7o Lit\u00fargico da Comiss\u00e3o Episcopal para a Liturgia realiza a \u00faltima live de 2025, um projeto de forma\u00e7\u00e3o online com a participa\u00e7\u00e3o dos membros da Equipe de Reflex\u00e3o e convidados. Essa \u00e9 a 10\u00aa edi\u00e7\u00e3o do \u201cEdificar igrejas para celebrar os mist\u00e9rios da nossa f\u00e9\u201d, momento de reflex\u00e3o, espiritualidade e aprofundamento sobre a import\u00e2ncia da arte e da arquitetura sacra como express\u00f5es vivas da f\u00e9 e da liturgia da Igreja. As lives acontecem sempre no mesmo hor\u00e1rio, \u00e0s 16h, pelas redes sociais da CNBB e da Edi\u00e7\u00f5es CNBB, no Youtube.<\/p>\n<div class=\"ast-oembed-container\" style=\"height: 100%;\"><iframe loading=\"lazy\" title=\"A Nobre Simplicidade: O Espa\u00e7o Celebrativo da Capela do Mosteiro da Anuncia\u00e7\u00e3o de Goi\u00e1s \ud83d\udcf1\" width=\"500\" height=\"281\" src=\"https:\/\/www.youtube.com\/embed\/fyJ_Kv1XWgg?feature=oembed\" frameborder=\"0\" allow=\"accelerometer; autoplay; clipboard-write; encrypted-media; gyroscope; picture-in-picture; web-share\" referrerpolicy=\"strict-origin-when-cross-origin\" allowfullscreen><\/iframe><\/div>\n<p style=\"text-align: justify;\">Os <a href=\"https:\/\/www.edicoescnbb.com.br\/estudos-da-cnbb-vol-106-orientacoes-para-projeto-e-construcao-de-igrejas\" target=\"_blank\" rel=\"noopener\">Estudos 106<\/a> e <a href=\"https:\/\/www.edicoescnbb.com.br\/orientacoes-para-adequacao-liturgica-restauracao-e-conservacao-das-igrejas-estudos-da-cnbb-113\" target=\"_blank\" rel=\"noopener\">113<\/a> da CNBB deram as bases do projeto em 2024, tratando tamb\u00e9m da import\u00e2ncia da preserva\u00e7\u00e3o do patrim\u00f4nio cultural cat\u00f3lico e apresentando estudos de caso. As duas primeiras edi\u00e7\u00f5es de 2025 tiveram como objetivo refletir sobre \u201ca beleza dos espa\u00e7os lit\u00fargicos\u201d na expectativa do 15\u00ba Encontro Nacional de Arquitetura e Arte Sacra, realizado de 2 a 6 de junho na Cidade da Comunh\u00e3o, em Goi\u00e2nia, al\u00e9m de promover uma divulga\u00e7\u00e3o mais ampla e motivar os participantes para esse encontro que acontece a cada dois anos desde 1996. As duas \u00faltimas contaram com a participa\u00e7\u00e3o de convidados que estiveram no ENAAS, promovendo partilha e continuidade da reflex\u00e3o dos conte\u00fados tratados a partir do tema Espa\u00e7o Lit\u00fargico e Piedade Popular.<\/p>\n<p style=\"text-align: justify;\">Agora, ainda no contexto do ENAAS, o Setor Espa\u00e7o Lit\u00fargico encerra o ciclo com uma visita especial diretamente das terras de Cora Coralina, um passeio pelo Mosteiro da Anuncia\u00e7\u00e3o de Goi\u00e1s (GO). Quem guiar\u00e1 ser\u00e1 o padre Carlos Roberto dos Santos &#8211; do clero da diocese de Marilia (SP), apresentando um pouco da hist\u00f3ria da constru\u00e7\u00e3o e da experi\u00eancia da comunidade local que conta com um espa\u00e7o celebrativo muito interessante.<\/p>\n<p style=\"text-align: justify;\">Padre Carlos \u00e9, atualmente, o Respons\u00e1vel internacional da Fraternidade Sacerdotal Jesus Caritas, que vive a espiritualidade de S\u00e3o Carlos de Foucauld; mora na Casa da Fraternidade &#8211; Mosteiro da Anuncia\u00e7\u00e3o (Goi\u00e1s-GO) e contou que \u201ctrabalha em um projeto que busca ajudar padres que queiram ressignificar sua exist\u00eancia sacerdotal, fazendo a experi\u00eancia de um tempo de retiro ou tempo \u2018sab\u00e1tico\u2019 para viver em fraternidade e na simplicidade, buscando o essencial na Eucaristia, na adora\u00e7\u00e3o e no servi\u00e7o\u201d.<\/p>\n<p style=\"text-align: justify;\">Quem tamb\u00e9m participa \u00e9 a arquiteta e urbanista Fabiana Longhi, formada pela Pontif\u00edcia Universidade Cat\u00f3lica de Goi\u00e1s (PUCGO), especialista em Espa\u00e7o Lit\u00fargico e Arte Sacra pela Pontif\u00edcia Universidade Cat\u00f3lica do Rio Grande do Sul (PUCRS) e especialista em Restaura\u00e7\u00e3o de Arquitetura pelo Centro T\u00e9cnico Templo da Arte \u2013 Faculdade Einstein (Facei).<\/p>\n<blockquote><p>&#8220;Muita coisa bonita para nossa reflex\u00e3o sobre a NOBRE SIMPLICIDADE em espa\u00e7os que convidam e contribuem de forma significativa, em cada detalhe, para a participa\u00e7\u00e3o da assembleia celebrante na a\u00e7\u00e3o lit\u00fargica&#8221;, afirma a assessora do Setor Espa\u00e7o Lit\u00fargico, Raquel Tonini.<\/p><\/blockquote>\n<h4 style=\"text-align: justify;\"><strong>\u00daltimas edi\u00e7\u00f5es<\/strong><\/h4>\n<p style=\"text-align: justify;\">Lembramos ainda que todos os v\u00eddeos est\u00e3o dispon\u00edveis no Youtube das Edi\u00e7\u00f5es CNBB. Abaixo, seguem os links para que, individualmente ou em grupos, todos possam ver ou rever os conte\u00fados, com a ajuda dos Estudos e outros documentos citados:<\/p>\n<p style=\"text-align: justify;\">Live 1 \u2013 09 maio 2024: <a href=\"https:\/\/www.youtube.com\/watch?v=sX6dUqkHZEo\" data-rel=\"lightbox-video-0\" target=\"_blank\" rel=\"noopener\">https:\/\/www.youtube.com\/watch?v=sX6dUqkHZEo<\/a><\/p>\n<p style=\"text-align: justify;\">Live 2 \u2013 27 junho 2024: <a href=\"https:\/\/www.youtube.com\/watch?v=1Ov_Aapln4Y\" data-rel=\"lightbox-video-1\" target=\"_blank\" rel=\"noopener\">https:\/\/www.youtube.com\/watch?v=1Ov_Aapln4Y<\/a><\/p>\n<p style=\"text-align: justify;\">Live 3 \u2013 25 julho 2024: <a href=\"https:\/\/www.youtube.com\/watch?v=eGS0qlBYQho\" data-rel=\"lightbox-video-2\" target=\"_blank\" rel=\"noopener\">https:\/\/www.youtube.com\/watch?v=eGS0qlBYQho<\/a><\/p>\n<p style=\"text-align: justify;\">Live 4 \u2013 24 outubro 2024: <a href=\"https:\/\/www.youtube.com\/watch?v=FQhGOzjcTXI\" data-rel=\"lightbox-video-3\" target=\"_blank\" rel=\"noopener\">https:\/\/www.youtube.com\/watch?v=FQhGOzjcTXI<\/a><\/p>\n<p style=\"text-align: justify;\">Live 5 \u2013 28 novembro 2024: <a href=\"https:\/\/www.youtube.com\/watch?v=1Ov_Aapln4Y\" data-rel=\"lightbox-video-1\" target=\"_blank\" rel=\"noopener\">https:\/\/www.youtube.com\/watch?v=1Ov_Aapln4Y<\/a><\/p>\n<p style=\"text-align: justify;\">Live 6 \u2013 27 mar\u00e7o 2025: <a href=\"https:\/\/www.youtube.com\/watch?v=tMiUKo2Hzwg\" data-rel=\"lightbox-video-5\" target=\"_blank\" rel=\"noopener\">https:\/\/www.youtube.com\/watch?v=tMiUKo2Hzwg<\/a><\/p>\n<p style=\"text-align: justify;\">Live 7 \u2013 22 maio 2025:<a href=\"https:\/\/www.youtube.com\/watch?v=AYL5goB6QuY\" data-rel=\"lightbox-video-6\" target=\"_blank\" rel=\"noopener\"> https:\/\/www.youtube.com\/watch?v=AYL5goB6QuY<\/a><\/p>\n<p style=\"text-align: justify;\">Live 8 \u2013 31 julho 2025:<a href=\"https:\/\/www.youtube.com\/watch?v=z-7ghVt_gVk\" data-rel=\"lightbox-video-7\" target=\"_blank\" rel=\"noopener\"> https:\/\/www.youtube.com\/watch?v=z-7ghVt_gVk<\/a><\/p>\n<p style=\"text-align: justify;\">Live 9 \u2013 25 setembro 2025: <a href=\"https:\/\/www.youtube.com\/watch?v=j3hVOW4YNIc\" data-rel=\"lightbox-video-8\" target=\"_blank\" rel=\"noopener\">https:\/\/www.youtube.com\/watch?v=j3hVOW4YNIc<\/a><\/p>\n<p>&nbsp;<\/p>\n<p style=\"text-align: justify;\">\n","protected":false},"excerpt":{"rendered":"<p>Essa \u00e9 a 10\u00aa edi\u00e7\u00e3o do \u201cEdificar igrejas para celebrar os mist\u00e9rios da nossa f\u00e9\u201d, momento de reflex\u00e3o, espiritualidade e aprofundamento sobre a import\u00e2ncia da arte e da arquitetura sacra como express\u00f5es vivas da f\u00e9 e da liturgia da Igreja. As lives acontecem sempre no mesmo hor\u00e1rio, \u00e0s 16h, pelo canal da CNBB e da Edi\u00e7\u00f5es CNBB, no Youtube<\/p>\n","protected":false},"author":138,"featured_media":992124,"comment_status":"closed","ping_status":"closed","sticky":false,"template":"","format":"standard","meta":{"site-sidebar-layout":"default","site-content-layout":"default","ast-global-header-display":"","ast-banner-title-visibility":"","ast-main-header-display":"","ast-hfb-above-header-display":"","ast-hfb-below-header-display":"","ast-hfb-mobile-header-display":"","site-post-title":"","ast-breadcrumbs-content":"","ast-featured-img":"","footer-sml-layout":"","theme-transparent-header-meta":"default","adv-header-id-meta":"","stick-header-meta":"","header-above-stick-meta":"","header-main-stick-meta":"","header-below-stick-meta":""},"categories":[50,859],"tags":[5332,6253,3084],"acf":[],"_links":{"self":[{"href":"https:\/\/www.cnbb.org.br\/cnbb-app\/wp\/v2\/posts\/992069"}],"collection":[{"href":"https:\/\/www.cnbb.org.br\/cnbb-app\/wp\/v2\/posts"}],"about":[{"href":"https:\/\/www.cnbb.org.br\/cnbb-app\/wp\/v2\/types\/post"}],"author":[{"embeddable":true,"href":"https:\/\/www.cnbb.org.br\/cnbb-app\/wp\/v2\/users\/138"}],"replies":[{"embeddable":true,"href":"https:\/\/www.cnbb.org.br\/cnbb-app\/wp\/v2\/comments?post=992069"}],"version-history":[{"count":12,"href":"https:\/\/www.cnbb.org.br\/cnbb-app\/wp\/v2\/posts\/992069\/revisions"}],"predecessor-version":[{"id":992108,"href":"https:\/\/www.cnbb.org.br\/cnbb-app\/wp\/v2\/posts\/992069\/revisions\/992108"}],"wp:featuredmedia":[{"embeddable":true,"href":"https:\/\/www.cnbb.org.br\/cnbb-app\/wp\/v2\/media\/992124"}],"wp:attachment":[{"href":"https:\/\/www.cnbb.org.br\/cnbb-app\/wp\/v2\/media?parent=992069"}],"wp:term":[{"taxonomy":"category","embeddable":true,"href":"https:\/\/www.cnbb.org.br\/cnbb-app\/wp\/v2\/categories?post=992069"},{"taxonomy":"post_tag","embeddable":true,"href":"https:\/\/www.cnbb.org.br\/cnbb-app\/wp\/v2\/tags?post=992069"}],"curies":[{"name":"wp","href":"https:\/\/api.w.org\/{rel}","templated":true}]}}