{"id":992083,"date":"2025-11-26T13:23:40","date_gmt":"2025-11-26T16:23:40","guid":{"rendered":"https:\/\/www.cnbb.org.br\/?p=992083"},"modified":"2025-11-26T13:32:36","modified_gmt":"2025-11-26T16:32:36","slug":"o-video-do-papa-de-dezembro-e-dedicado-as-minorias-cristas-que-vivem-em-contextos-de-guerras","status":"publish","type":"post","link":"https:\/\/www.cnbb.org.br\/o-video-do-papa-de-dezembro-e-dedicado-as-minorias-cristas-que-vivem-em-contextos-de-guerras\/","title":{"rendered":"O V\u00eddeo do Papa, de dezembro, \u00e9 dedicado \u00e0s minorias crist\u00e3s que vivem em contextos de guerras"},"content":{"rendered":"<p style=\"text-align: justify;\">\u00c0s v\u00e9speras da partida do Papa Le\u00e3o XIV para a sua primeira viagem apost\u00f3lica, na Turquia e no L\u00edbano, a Rede Mundial de Ora\u00e7\u00e3o publicou o &#8220;O V\u00eddeo do Papa&#8221; de dezembro, dedicado \u00e0s minorias crist\u00e3s que vivem em contextos de guerras.<\/p>\n<p style=\"text-align: justify;\">Na \u00faltima inten\u00e7\u00e3o de ora\u00e7\u00e3o do ano, o Santo Padre convida a rezar \u201cpara que os crist\u00e3os que vivem em meio \u00e0s guerras e viol\u00eancias, especialmente no Oriente M\u00e9dio, possam ser sementes de reconcilia\u00e7\u00e3o e de esperan\u00e7a\u201d.<\/p>\n<p style=\"text-align: justify;\">O v\u00eddeo mostra exemplos de uma f\u00e9 inquebrant\u00e1vel, inclusive em meio dos escombros. S\u00e3o mostradas as celebra\u00e7\u00f5es em povoados iraquianos que voltaram \u00e0 vida, a for\u00e7a da comunidade paroquial de Gaza e o trabalho indispens\u00e1vel de C\u00e1ritas no L\u00edbano entre os pobres e refugiados.<\/p>\n<p style=\"text-align: justify;\">Confira o v\u00eddeo na \u00edntegra:<\/p>\n<div class=\"ast-oembed-container\" style=\"height: 100%;\"><iframe loading=\"lazy\" title=\"Pelos crist\u00e3os em contextos de guerras e conflitos - O V\u00eddeo do Papa - Dezembro 2025\" width=\"500\" height=\"281\" src=\"https:\/\/www.youtube.com\/embed\/W2S9AgoaS8g?feature=oembed\" frameborder=\"0\" allow=\"accelerometer; autoplay; clipboard-write; encrypted-media; gyroscope; picture-in-picture; web-share\" referrerpolicy=\"strict-origin-when-cross-origin\" allowfullscreen><\/iframe><\/div>\n<p>&nbsp;<\/p>\n","protected":false},"excerpt":{"rendered":"<p>Na \u00faltima inten\u00e7\u00e3o de ora\u00e7\u00e3o do ano, o Santo Padre convida a rezar \u201cpara que os crist\u00e3os que vivem em meio \u00e0s guerras e viol\u00eancias, especialmente no Oriente M\u00e9dio, possam ser sementes de reconcilia\u00e7\u00e3o e de esperan\u00e7a\u201d. S\u00e3o mostradas as celebra\u00e7\u00f5es em povoados iraquianos que voltaram \u00e0 vida, a for\u00e7a da comunidade paroquial de Gaza e o trabalho da C\u00e1ritas no L\u00edbano<\/p>\n","protected":false},"author":138,"featured_media":992088,"comment_status":"closed","ping_status":"closed","sticky":false,"template":"","format":"standard","meta":{"site-sidebar-layout":"default","site-content-layout":"default","ast-global-header-display":"","ast-banner-title-visibility":"","ast-main-header-display":"","ast-hfb-above-header-display":"","ast-hfb-below-header-display":"","ast-hfb-mobile-header-display":"","site-post-title":"","ast-breadcrumbs-content":"","ast-featured-img":"","footer-sml-layout":"","theme-transparent-header-meta":"default","adv-header-id-meta":"","stick-header-meta":"","header-above-stick-meta":"","header-main-stick-meta":"","header-below-stick-meta":""},"categories":[50,1851],"tags":[2977,5988,4173],"acf":[],"_links":{"self":[{"href":"https:\/\/www.cnbb.org.br\/cnbb-app\/wp\/v2\/posts\/992083"}],"collection":[{"href":"https:\/\/www.cnbb.org.br\/cnbb-app\/wp\/v2\/posts"}],"about":[{"href":"https:\/\/www.cnbb.org.br\/cnbb-app\/wp\/v2\/types\/post"}],"author":[{"embeddable":true,"href":"https:\/\/www.cnbb.org.br\/cnbb-app\/wp\/v2\/users\/138"}],"replies":[{"embeddable":true,"href":"https:\/\/www.cnbb.org.br\/cnbb-app\/wp\/v2\/comments?post=992083"}],"version-history":[{"count":7,"href":"https:\/\/www.cnbb.org.br\/cnbb-app\/wp\/v2\/posts\/992083\/revisions"}],"predecessor-version":[{"id":992098,"href":"https:\/\/www.cnbb.org.br\/cnbb-app\/wp\/v2\/posts\/992083\/revisions\/992098"}],"wp:featuredmedia":[{"embeddable":true,"href":"https:\/\/www.cnbb.org.br\/cnbb-app\/wp\/v2\/media\/992088"}],"wp:attachment":[{"href":"https:\/\/www.cnbb.org.br\/cnbb-app\/wp\/v2\/media?parent=992083"}],"wp:term":[{"taxonomy":"category","embeddable":true,"href":"https:\/\/www.cnbb.org.br\/cnbb-app\/wp\/v2\/categories?post=992083"},{"taxonomy":"post_tag","embeddable":true,"href":"https:\/\/www.cnbb.org.br\/cnbb-app\/wp\/v2\/tags?post=992083"}],"curies":[{"name":"wp","href":"https:\/\/api.w.org\/{rel}","templated":true}]}}