{"id":992165,"date":"2025-11-28T09:30:04","date_gmt":"2025-11-28T12:30:04","guid":{"rendered":"https:\/\/www.cnbb.org.br\/?p=992165"},"modified":"2025-11-28T09:30:42","modified_gmt":"2025-11-28T12:30:42","slug":"primeiro-domingo-do-advento-4","status":"publish","type":"post","link":"https:\/\/www.cnbb.org.br\/primeiro-domingo-do-advento-4\/","title":{"rendered":"Primeiro Domingo do Advento"},"content":{"rendered":"<p style=\"text-align: right;\"><b><span data-contrast=\"auto\">Dom Carmo Jo\u00e3o Rhoden<\/span><\/b><span data-ccp-props=\"{&quot;201341983&quot;:0,&quot;335551550&quot;:2,&quot;335551620&quot;:2,&quot;335559739&quot;:160,&quot;335559740&quot;:259}\"><br \/>\n<\/span><b><span data-contrast=\"auto\">Bispo Em\u00e9rito de Taubat\u00e9 (SP)<\/span><\/b><span data-ccp-props=\"{&quot;201341983&quot;:0,&quot;335551550&quot;:2,&quot;335551620&quot;:2,&quot;335559739&quot;:160,&quot;335559740&quot;:259}\">\u00a0<\/span><\/p>\n<p><b><span data-contrast=\"auto\"><\/p>\n<p>Primeiro Domingo do Advento. 30\/11\/25. (Mt\u00a024,37-44).<\/span><\/b><span data-ccp-props=\"{&quot;201341983&quot;:0,&quot;335551550&quot;:2,&quot;335551620&quot;:2,&quot;335559739&quot;:160,&quot;335559740&quot;:259}\">\u00a0<\/span><\/p>\n<p>&nbsp;<\/p>\n<p><b><i><span data-contrast=\"auto\">Texto referencial: Por isso, tamb\u00e9m v\u00f3s ficais preparados! Porque, na hora que menos pensais vira o Filho do Homem vir\u00e1.\u201d (Mt\u00a024, 44).<\/span><\/i><\/b><span data-ccp-props=\"{&quot;201341983&quot;:0,&quot;335551550&quot;:6,&quot;335551620&quot;:6,&quot;335559739&quot;:160,&quot;335559740&quot;:259}\">\u00a0<\/span><\/p>\n<p>&nbsp;<\/p>\n<p style=\"text-align: justify;\"><span data-contrast=\"auto\">A quest\u00e3o n\u00e3o \u00e9 quando ser\u00e1 o fim, nem como ser\u00e1, n\u00e3o t\u00e3o pouco se ser\u00e3o muitos ou poucos, os que se salvam. A quest\u00e3o \u00e9 esta e somente esta: estar entre os salvandos. O resto \u00e9 curiosidade. Todos devemos prestar contas: isto \u00e9 certo. Mais cedo ou mais tarde n\u00e3o sabemos. Mas se quisermos que nossas contas sejam aprovadas, \u00e9 preciso que ou\u00e7amos: o Evangelho e o vivamos. Quem o fizer, n\u00e3o precisa temer. Quem n\u00e3o o fizer n\u00e3o adianta temer: e trilhar \u00e9 trilhar o bom caminho. E este \u00e9 Jesus Cristo.<\/span><span data-ccp-props=\"{&quot;201341983&quot;:0,&quot;335551550&quot;:6,&quot;335551620&quot;:6,&quot;335559739&quot;:160,&quot;335559740&quot;:259}\">\u00a0<\/span><\/p>\n<p style=\"text-align: justify;\"><span data-contrast=\"auto\">Jesus fala do tempo de No\u00e9. Todos viviam sem preocupa\u00e7\u00f5es, faziam festas \u2013 turismo \u2013 se casavam etc\u2026 n\u00e3o analisavam os sinais dos tempos. Bastava-lhes os prazeres da iman\u00eancia, pois a transcend\u00eancia e sua problem\u00e1tica deixaram para a velhice. Mas o fim de muitos vem antes do fim do mundo. N\u00e3o percebem os sinais dos tempos. N\u00e3o se trata de incutir, medo ou pavor, pois Deus \u00e9 Pai, uma vez que \u00e9 amor. Perdoa, sempre, contanto que haja convers\u00e3o.<\/span><span data-ccp-props=\"{&quot;201341983&quot;:0,&quot;335551550&quot;:6,&quot;335551620&quot;:6,&quot;335559739&quot;:160,&quot;335559740&quot;:259}\">\u00a0<\/span><\/p>\n<p style=\"text-align: justify;\"><span data-contrast=\"auto\">Come\u00e7a neste domingo novo tempo lit\u00fargico: o Advento. Mas o Messias j\u00e1 n\u00e3o veio? Sim, veio mesmo que alguns ainda o esperem, v\u00e3o morrem esperando\u2026 n\u00f3s \u2013 crist\u00e3o \u2013 neste tempo devemos prepararmos para o Natal. Este celebra a vinda do Messias, o Salvador. Ele deixou na Igreja, o Evangelho, os sacramentos, a ora\u00e7\u00e3o e confiou-nos sua miss\u00e3o, que agora \u00e9 nossa. Quem a assumir n\u00e3o precisa se preocupar, basta assumi-la, pois, a gra\u00e7a de Deus, certamente n\u00e3o lhe faltar\u00e1.<\/span><span data-ccp-props=\"{&quot;201341983&quot;:0,&quot;335551550&quot;:6,&quot;335551620&quot;:6,&quot;335559739&quot;:160,&quot;335559740&quot;:259}\">\u00a0<\/span><\/p>\n<p style=\"text-align: justify;\"><span data-contrast=\"auto\">Cuidemos, no entanto, pois o Natal n\u00e3o \u00e9 a festa apenas e sobretudo do papai Noel e das crian\u00e7as, mas de todos: na medida que nos prepararmos para este evento, que depois da P\u00e1scoa \u00e9 o amor no calend\u00e1rio crist\u00e3o. Bom advento para todos.<\/span><span data-ccp-props=\"{&quot;201341983&quot;:0,&quot;335551550&quot;:6,&quot;335551620&quot;:6,&quot;335559739&quot;:160,&quot;335559740&quot;:259}\">\u00a0<\/span><\/p>\n<p style=\"text-align: justify;\"><span data-ccp-props=\"{&quot;201341983&quot;:0,&quot;335551550&quot;:6,&quot;335551620&quot;:6,&quot;335559739&quot;:160,&quot;335559740&quot;:259}\">\u00a0<\/span><\/p>\n<p style=\"text-align: justify;\">\n<p style=\"text-align: justify;\"><span data-ccp-props=\"{&quot;201341983&quot;:0,&quot;335559739&quot;:160,&quot;335559740&quot;:259}\">\u00a0<\/span><\/p>\n","protected":false},"excerpt":{"rendered":"<p>Dom Carmo Jo\u00e3o Rhoden Bispo Em\u00e9rito de Taubat\u00e9 (SP)\u00a0 Primeiro Domingo do Advento. 30\/11\/25. (Mt\u00a024,37-44).\u00a0 &nbsp; Texto referencial: Por isso, tamb\u00e9m v\u00f3s ficais preparados! Porque, na hora que menos pensais vira o Filho do Homem vir\u00e1.\u201d (Mt\u00a024, 44).\u00a0 &nbsp; A quest\u00e3o n\u00e3o \u00e9 quando ser\u00e1 o fim, nem como ser\u00e1, n\u00e3o t\u00e3o pouco se ser\u00e3o &hellip;<\/p>\n<p class=\"read-more\"> <a class=\"\" href=\"https:\/\/www.cnbb.org.br\/primeiro-domingo-do-advento-4\/\"> <span class=\"screen-reader-text\">Primeiro Domingo do Advento<\/span> Leia mais &raquo;<\/a><\/p>\n","protected":false},"author":132,"featured_media":0,"comment_status":"closed","ping_status":"closed","sticky":false,"template":"","format":"standard","meta":{"site-sidebar-layout":"default","site-content-layout":"default","ast-global-header-display":"","ast-banner-title-visibility":"","ast-main-header-display":"","ast-hfb-above-header-display":"","ast-hfb-below-header-display":"","ast-hfb-mobile-header-display":"","site-post-title":"","ast-breadcrumbs-content":"","ast-featured-img":"","footer-sml-layout":"","theme-transparent-header-meta":"default","adv-header-id-meta":"","stick-header-meta":"","header-above-stick-meta":"","header-main-stick-meta":"","header-below-stick-meta":""},"categories":[758],"tags":[],"acf":[],"_links":{"self":[{"href":"https:\/\/www.cnbb.org.br\/cnbb-app\/wp\/v2\/posts\/992165"}],"collection":[{"href":"https:\/\/www.cnbb.org.br\/cnbb-app\/wp\/v2\/posts"}],"about":[{"href":"https:\/\/www.cnbb.org.br\/cnbb-app\/wp\/v2\/types\/post"}],"author":[{"embeddable":true,"href":"https:\/\/www.cnbb.org.br\/cnbb-app\/wp\/v2\/users\/132"}],"replies":[{"embeddable":true,"href":"https:\/\/www.cnbb.org.br\/cnbb-app\/wp\/v2\/comments?post=992165"}],"version-history":[{"count":2,"href":"https:\/\/www.cnbb.org.br\/cnbb-app\/wp\/v2\/posts\/992165\/revisions"}],"predecessor-version":[{"id":992167,"href":"https:\/\/www.cnbb.org.br\/cnbb-app\/wp\/v2\/posts\/992165\/revisions\/992167"}],"wp:attachment":[{"href":"https:\/\/www.cnbb.org.br\/cnbb-app\/wp\/v2\/media?parent=992165"}],"wp:term":[{"taxonomy":"category","embeddable":true,"href":"https:\/\/www.cnbb.org.br\/cnbb-app\/wp\/v2\/categories?post=992165"},{"taxonomy":"post_tag","embeddable":true,"href":"https:\/\/www.cnbb.org.br\/cnbb-app\/wp\/v2\/tags?post=992165"}],"curies":[{"name":"wp","href":"https:\/\/api.w.org\/{rel}","templated":true}]}}