{"id":992211,"date":"2025-11-29T08:00:47","date_gmt":"2025-11-29T11:00:47","guid":{"rendered":"https:\/\/www.cnbb.org.br\/?p=992211"},"modified":"2025-11-29T10:36:41","modified_gmt":"2025-11-29T13:36:41","slug":"papa-leao-xiv-nomeia-dois-bispos-auxiliares-para-a-arquidiocese-de-fortaleza-ce","status":"publish","type":"post","link":"https:\/\/www.cnbb.org.br\/papa-leao-xiv-nomeia-dois-bispos-auxiliares-para-a-arquidiocese-de-fortaleza-ce\/","title":{"rendered":"Papa Le\u00e3o XIV nomeia dois bispos auxiliares para a arquidiocese de Fortaleza (CE)"},"content":{"rendered":"<p style=\"text-align: justify;\">O Papa Le\u00e3o XIV, acolhendo o solicita\u00e7\u00e3o de dom Greg\u00f3rio Paix\u00e3o, nomeou neste s\u00e1bado, 29 de novembro, o monsenhor J\u00e2nison de S\u00e1 Santos, do clero da diocese de Propri\u00e1 (SE), como bispo titular de &#8220;Cillio&#8221; e auxiliar da arquidiocese de Fortaleza (CE). Padre J\u00e2nison atualmente \u00e9 o subsecret\u00e1rio adjunto de Pastoral da Confer\u00eancia Nacional dos Bispos do Brasil (CNBB).<\/p>\n<p style=\"text-align: justify;\">Tamb\u00e9m foi nomeado como bispo auxiliar para a mesma Igreja Particular e titular de &#8220;Cibaliana&#8221;, o monsenhor Ant\u00f4nio Carlos do Nascimento. Ele pertence ao clero da arquidiocese de Fortaleza, onde atualmente tamb\u00e9m exerce as fun\u00e7\u00f5es de vig\u00e1rio judicial, presidente do Tribunal Eclesi\u00e1stico e vig\u00e1rio da par\u00f3quia M\u00e3e Sant\u00edssima. A CNBB enviou sauda\u00e7\u00e3o aos nomeados.<\/p>\n<blockquote>\n<h3>Sauda\u00e7\u00e3o da CNBB<\/h3>\n<p style=\"text-align: justify;\">A Confer\u00eancia Nacional dos Bispos do Brasil agradece ao Papa Le\u00e3o XIV a nomea\u00e7\u00e3o, neste s\u00e1bado, 29 de novembro, de dois bispos auxiliares para a Arquidiocese de Fortaleza, no Cear\u00e1, em\u00a0 nosso Regional Nordeste 1: o monsenhor J\u00e2nison de S\u00e1 Santos, do clero de Propri\u00e1, e subsecret\u00e1rio de nossa Confer\u00eancia, e o monsenhor Ant\u00f4nio Carlos do Nascimento, que pertence ao clero de Fortaleza.<\/p>\n<p style=\"text-align: justify;\">Saudamos estes dois irm\u00e3os que passar\u00e3o a fazer parte do colegiado de bispos do Brasil com as palavras do Papa Le\u00e3o XIV por ocasi\u00e3o do Jubileu dos Bispos celebrado em Roma: &#8220;o bispo \u00e9 o\u00a0princ\u00edpio vis\u00edvel de unidade na Igreja particular que lhe foi confiada tendo como dever zelar pela sua constru\u00e7\u00e3o na comunh\u00e3o entre todos os seus membros e com a Igreja universal, valorizando o contributo dos v\u00e1rios dons e minist\u00e9rios para o crescimento comum e a difus\u00e3o do Evangelho&#8221;.<\/p>\n<p style=\"text-align: justify;\">Agradecemos, especialmente, ao padre J\u00e2nison pelo tempo dedicado \u00e0 nossa Confer\u00eancia, contribuindo na caminhada da catequese em todo o Brasil e na Am\u00e9rica Latina e tamb\u00e9m por animar e dinamizar a caminhada pastoral da CNBB, sendo o seu subsecret\u00e1rio adjunto de pastoral.<\/p>\n<p style=\"text-align: justify;\">S\u00e3o Jos\u00e9, exemplo inspirador de fidelidade, humildade e confian\u00e7a na vontade de Deus e padroeiro da Arquidiocese de Fortaleza, conduza-os e fortale\u00e7a-os nesta nova miss\u00e3o conferida pela Igreja.<\/p>\n<p>Nossas preces e nosso fraterno abra\u00e7o,<\/p>\n<p><b><i><span data-contrast=\"auto\">Dom Jaime Cardeal Spengler<\/span><\/i><\/b><br \/>\n<i><span data-contrast=\"auto\">Arcebispo de Porto Alegre (RS)<\/span><\/i><br \/>\n<i><span data-contrast=\"auto\">Presidente da CNBB<\/span><\/i><span data-ccp-props=\"{&quot;134233117&quot;:false,&quot;134233118&quot;:false,&quot;335551550&quot;:2,&quot;335551620&quot;:2,&quot;335557856&quot;:16777215,&quot;335559738&quot;:0,&quot;335559739&quot;:150}\">\u00a0<\/span><\/p>\n<p><b><i><span data-contrast=\"auto\">Dom Jo\u00e3o Justino de Medeiros da Silva<\/span><\/i><\/b><br \/>\n<i><span data-contrast=\"auto\">Arcebispo de Goi\u00e2nia (GO)<\/span><\/i><br \/>\n<i><span data-contrast=\"auto\">1\u00ba Vice- Presidente da CNBB<\/span><\/i><span data-ccp-props=\"{&quot;134233117&quot;:false,&quot;134233118&quot;:false,&quot;335551550&quot;:2,&quot;335551620&quot;:2,&quot;335557856&quot;:16777215,&quot;335559738&quot;:0,&quot;335559739&quot;:150}\">\u00a0<\/span><\/p>\n<p><b><i><span data-contrast=\"auto\">Dom Paulo Jackson N\u00f3brega de Sousa<\/span><\/i><\/b><br \/>\n<i><span data-contrast=\"auto\">Arcebispo de Olinda e Recife (PE)<\/span><\/i><br \/>\n<i><span data-contrast=\"auto\">2\u00ba Vice-Presidente da CNBB<\/span><\/i><span data-ccp-props=\"{&quot;134233117&quot;:false,&quot;134233118&quot;:false,&quot;335551550&quot;:2,&quot;335551620&quot;:2,&quot;335557856&quot;:16777215,&quot;335559738&quot;:0,&quot;335559739&quot;:150}\">\u00a0<\/span><\/p>\n<p><b><i><span data-contrast=\"auto\">Dom Ricardo\u00a0Hoepers<\/span><\/i><\/b><br \/>\n<i><span data-contrast=\"auto\">Bispo Auxiliar da Arquidiocese de Bras\u00edlia (DF)<\/span><\/i><br \/>\n<i><span data-contrast=\"auto\">Secret\u00e1rio-Geral da CNBB<\/span><\/i><span data-ccp-props=\"{&quot;134233117&quot;:false,&quot;134233118&quot;:false,&quot;335551550&quot;:2,&quot;335551620&quot;:2,&quot;335557856&quot;:16777215,&quot;335559738&quot;:0,&quot;335559739&quot;:150}\">\u00a0<\/span><\/p><\/blockquote>\n<h3>Curr\u00edculo e trajet\u00f3ria eclesial<\/h3>\n<p style=\"text-align: justify;\">Padre J\u00e2nison de S\u00e1 nasceu em Propri\u00e1 (SE) no dia 8 de dezembro de 1969. Ordenou-se presb\u00edtero dia no dia 18 de agosto de 1995, incardinado na diocese de Propri\u00e1. Foi p\u00e1roco em Japaratuba (SE), de 1999 a 2003.<\/p>\n<p style=\"text-align: justify;\">Cursou o ensino fundamental e m\u00e9dio no col\u00e9gio diocesano de Propri\u00e1, filosofia na Escola Teol\u00f3gica do Mosteiro de S\u00e3o Bento em Olinda (PE), 1991. Iniciou Teologia em Belo Horizonte e concluiu o seu bacharelado na \u00e1rea na Pontif\u00edcia Universidade S\u00e3o Tom\u00e1s em Roma, concluindo em 1995.<\/p>\n<p style=\"text-align: justify;\">Possui mestrado (1998) e doutorado (2011) em Teologia com concentra\u00e7\u00e3o em Catequ\u00e9tica, pela Universidade Pontif\u00edcia Salesiana de Roma e p\u00f3s-doutorado na Pontif\u00edcia Universidade Cat\u00f3lica do Rio de Janeiro (2019).<\/p>\n<p style=\"text-align: justify;\">Exerceu as fun\u00e7\u00f5es de coordenador diocesano de Pastoral e de Catequese e coordenador regional de Catequese de 2000 a 2003. Foi ec\u00f4nomo do semin\u00e1rio maior Nossa Senhora da Concei\u00e7\u00e3o.<\/p>\n<p style=\"text-align: justify;\">Na CNBB, foi assessor da Comiss\u00e3o B\u00edblico-Catequ\u00e9tica da CNBB por dois per\u00edodos 2003 a 2007 e de 2019-2023, onde tamb\u00e9m atuou como membro do grupo de reflex\u00e3o B\u00edblico-catequ\u00e9tica. Foi membro do grupo de especialistas em catequese do Celam (2011-2019) e tamb\u00e9m foi assessor da Comiss\u00e3o de catequese do Regional NE 3 (2011-2017).<\/p>\n<p style=\"text-align: justify;\">Foi reitor do semin\u00e1rio maior Nossa Senhora da Concei\u00e7\u00e3o, da prov\u00edncia eclesi\u00e1stica de Aracaju (SE) de 2011 a 2018. Tamb\u00e9m lecionou no curso de p\u00f3s-gradua\u00e7\u00e3o em Pedagogia Catequ\u00e9tica na PUC Goi\u00e1s (2011-2017) e na Faculdade do Planalto Central com polo em Aracaju (2017-2018). Lecionou as disciplinas: Teologia Catequ\u00e9tica, Missiologia, Teologia Pastoral, Est\u00e1gio Pastoral e Sacramentologia 1.<\/p>\n<p style=\"text-align: justify;\">Colaborou com a Pastoral Carcer\u00e1ria de Sergipe (2015-2017). Foi membro da equipe de coordena\u00e7\u00e3o de Pastoral da arquidiocese de Aracaju (2015-2017). Membro do Conselho Presbiteral da diocese de Propri\u00e1-SE (2011\/2018).<\/p>\n<p style=\"text-align: justify;\">Foi convidado pelo Pontif\u00edcio Conselho para a Nova Evangeliza\u00e7\u00e3o para colaborar na revis\u00e3o do Diret\u00f3rio Geral para a Catequese (2016).<\/p>\n<p style=\"text-align: justify;\">Foi p\u00e1roco em Cedro de S\u00e3o Jo\u00e3o-SE (2019), Conselheiro das Equipes de Nossa Senhora em Bras\u00edlia e Aracaju (2003-2025). Lecionou Teologia catequ\u00e9tica e Teologia Pastoral na Faculdade de Teologia da arquidiocese de Bras\u00edlia (2023).<\/p>\n<p style=\"text-align: justify;\">Publicou artigos em revistas, livros e colaborou na produ\u00e7\u00e3o de alguns textos da Comiss\u00e3o B\u00edblico-Catequ\u00e9tica Nacional. Padre J\u00e2nison presta assessoria\u00a0 a regionais, dioceses e par\u00f3quias em temas como catequese, Inicia\u00e7\u00e3o \u00e0 Vida Crist\u00e3, inspira\u00e7\u00e3o catecumenal, sinodalidade e a Teologia Pastoral.<\/p>\n<p style=\"text-align: justify;\">Participou da organiza\u00e7\u00e3o dos seguintes livros: Pastoral Urbana: desafios e perspectivas, A catequese no Brasil: mem\u00f3ria, celebra\u00e7\u00e3o e perspectivas, Reflex\u00f5es do Diret\u00f3rio para a Catequese, Voca\u00e7\u00e3o e Miss\u00e3o de Catequista. Por que um minist\u00e9rio?, Manual de Catequ\u00e9tica \u2013 Sociedade Brasileira de Catequetas.<\/p>\n<p style=\"text-align: justify;\">Atualmente \u00e9 subsecret\u00e1rio adjunto de Pastoral da CNBB e tamb\u00e9m exerce as seguintes fun\u00e7\u00f5es de presidente da Sociedade Brasileira de Catequetas, membro da Sociedade dos Catequetas Latino Americanos membro do Instituto Nacional de Pastoral Padre Alberto Antoniazzi, assessor da comiss\u00e3o das Diretrizes Gerais da a\u00e7\u00e3o evangelizadora e membro da equipe de Anima\u00e7\u00e3o Nacional do S\u00ednodo.<\/p>\n<h3>Biografia e trajet\u00f3ria Eclesial<\/h3>\n<p style=\"text-align: justify;\">Padre Antonio Carlos do Nascimento nasceu em 22 de novembro de 1972, na cidade de Fortaleza (CE), filho de Francisco Camelo do Nascimento e Marlene Rodrigues do Nascimento.<\/p>\n<p style=\"text-align: justify;\">\u00c9 graduado em Filosofia pela Universidade Estadual do Cear\u00e1 (UECE) e em Teologia pelo Instituto Teol\u00f3gico e Pastoral do Cear\u00e1 (ITEP). Concluiu o mestrado em Direito Can\u00f4nico pela Pontif\u00edcia Universidade Gregoriana. Possui tamb\u00e9m diversos cursos de atualiza\u00e7\u00e3o em Teologia e Direito Can\u00f4nico realizados na Sacra Rota Romana (Roma), na Pontif\u00edcia Universidade Cat\u00f3lica Argentina (Buenos Aires), onde iniciou seu doutorado em Direito Can\u00f4nico, e em institutos e universidades do Brasil.<\/p>\n<p style=\"text-align: justify;\">Ingressou no semin\u00e1rio menor Dom Alo\u00edsio Lorscheider, no bairro Henrique Jorge, em Fortaleza, no ano de 1995. No ano de 1996 foi para o semin\u00e1rio Maior, do Regional Nordeste I, no bairro Ant\u00f4nio Bezerra, onde cursou Filosofia entre 1996 e 1998. Nos anos de 1999 e 2002 residiu no Semin\u00e1rio S\u00e3o Jos\u00e9, Bairro Dias Mac\u00eado, \u00e9poca em que cursou teologia.<\/p>\n<p style=\"text-align: justify;\">Foi ordenado di\u00e1cono em 20 de dezembro de 2002 e presb\u00edtero em 22 de dezembro de 2003, ambas as ordena\u00e7\u00f5es realizadas na Catedral Metropolitana de Fortaleza.<\/p>\n<p>Ap\u00f3s sua ordena\u00e7\u00e3o sacerdotal, exerceu os seguintes minist\u00e9rios e of\u00edcios:<br \/>\n\u2013 Vig\u00e1rio Paroquial da Par\u00f3quia Nossa Senhora da Imaculada Concei\u00e7\u00e3o, em Messejana (2003\u20132004);<br \/>\n\u2013 Auditor do Tribunal Eclesi\u00e1stico Regional de Apela\u00e7\u00e3o (2003\u20132005);<br \/>\n\u2013 P\u00e1roco da Par\u00f3quia Nossa Senhora do Perp\u00e9tuo Socorro (2005\u20132016);<br \/>\n\u2013 P\u00e1roco da Par\u00f3quia S\u00e3o Pio X, no bairro Pan-Americano, em Fortaleza de 2016 at\u00e9 2025;<\/p>\n<p>At\u00e9 sua nomea\u00e7\u00e3o episcopal, desempenhava as seguintes fun\u00e7\u00f5es:<br \/>\n\u2013 Vig\u00e1rio Judicial e Presidente do Tribunal Eclesi\u00e1stico Regional e de Apela\u00e7\u00e3o do Cear\u00e1 (desde 2015);<br \/>\n\u2013 Professor de Direito Can\u00f4nico na Faculdade Cat\u00f3lica de Fortaleza (desde 2010);<br \/>\n\u2013 Membro do Conselho Presbiteral e do Col\u00e9gio de Consultores;<br \/>\n\u2013 Assessor Can\u00f4nico dos Bispos do Regional Nordeste I.<br \/>\n-Vig\u00e1rio Paroquial da Par\u00f3quia M\u00e3e Sant\u00edssima, no Parque Dois Irm\u00e3os, Fortaleza \u2013 Provis\u00e3o de 13\/10\/2025.<\/p>\n<p>&nbsp;<\/p>\n<pre>Por Willian Bonfim<\/pre>\n<p>&nbsp;<\/p>\n<p>&nbsp;<\/p>\n<p>&nbsp;<\/p>\n","protected":false},"excerpt":{"rendered":"<p>O Papa Le\u00e3o XIV, acolhendo o solicita\u00e7\u00e3o de dom Greg\u00f3rio Paix\u00e3o, nomeou neste s\u00e1bado, 29 de novembro, o monsenhor J\u00e2nison de S\u00e1 Santos, do clero de Propri\u00e1, como bispo titular de &#8220;Cillio&#8221; e auxiliar da arquidiocese de Fortaleza (CE). Padre J\u00e2nison atualmente \u00e9 o subsecret\u00e1rio adjunto de Pastoral da Confer\u00eancia Nacional dos Bispos do Brasil (CNBB).<\/p>\n","protected":false},"author":142,"featured_media":992223,"comment_status":"closed","ping_status":"closed","sticky":false,"template":"","format":"standard","meta":{"site-sidebar-layout":"default","site-content-layout":"default","ast-global-header-display":"","ast-banner-title-visibility":"","ast-main-header-display":"","ast-hfb-above-header-display":"","ast-hfb-below-header-display":"","ast-hfb-mobile-header-display":"","site-post-title":"","ast-breadcrumbs-content":"","ast-featured-img":"","footer-sml-layout":"","theme-transparent-header-meta":"default","adv-header-id-meta":"","stick-header-meta":"","header-above-stick-meta":"","header-main-stick-meta":"","header-below-stick-meta":""},"categories":[1840,872],"tags":[5251],"acf":[],"_links":{"self":[{"href":"https:\/\/www.cnbb.org.br\/cnbb-app\/wp\/v2\/posts\/992211"}],"collection":[{"href":"https:\/\/www.cnbb.org.br\/cnbb-app\/wp\/v2\/posts"}],"about":[{"href":"https:\/\/www.cnbb.org.br\/cnbb-app\/wp\/v2\/types\/post"}],"author":[{"embeddable":true,"href":"https:\/\/www.cnbb.org.br\/cnbb-app\/wp\/v2\/users\/142"}],"replies":[{"embeddable":true,"href":"https:\/\/www.cnbb.org.br\/cnbb-app\/wp\/v2\/comments?post=992211"}],"version-history":[{"count":16,"href":"https:\/\/www.cnbb.org.br\/cnbb-app\/wp\/v2\/posts\/992211\/revisions"}],"predecessor-version":[{"id":992240,"href":"https:\/\/www.cnbb.org.br\/cnbb-app\/wp\/v2\/posts\/992211\/revisions\/992240"}],"wp:featuredmedia":[{"embeddable":true,"href":"https:\/\/www.cnbb.org.br\/cnbb-app\/wp\/v2\/media\/992223"}],"wp:attachment":[{"href":"https:\/\/www.cnbb.org.br\/cnbb-app\/wp\/v2\/media?parent=992211"}],"wp:term":[{"taxonomy":"category","embeddable":true,"href":"https:\/\/www.cnbb.org.br\/cnbb-app\/wp\/v2\/categories?post=992211"},{"taxonomy":"post_tag","embeddable":true,"href":"https:\/\/www.cnbb.org.br\/cnbb-app\/wp\/v2\/tags?post=992211"}],"curies":[{"name":"wp","href":"https:\/\/api.w.org\/{rel}","templated":true}]}}